{"id":37851,"date":"2022-01-28T12:26:15","date_gmt":"2022-01-28T09:26:15","guid":{"rendered":"https:\/\/emlaktuel.com\/?p=37851"},"modified":"2022-01-28T12:26:15","modified_gmt":"2022-01-28T09:26:15","slug":"insaat-guven-endeksinde-5lik-gerileme-yasandi","status":"publish","type":"post","link":"https:\/\/emlaktuel.com\/?p=37851","title":{"rendered":"\u0130n\u015faat g\u00fcven endeksinde %5&#8217;lik gerileme ya\u015fand\u0131"},"content":{"rendered":"<p><strong>T\u00fcrkiye \u0130statistik Kurumu T\u00dc\u0130K taraf\u0131nda Ocak 2022 Ekonomik G\u00fcven Endeksi a\u00e7\u0131kland\u0131. Bir \u00f6nceki ay a\u00e7\u0131klanan 98.2 ekonomik g\u00fcven endeksi, ocak 2022 ay\u0131nda 2.7 puan art\u0131\u015fla 100.8 de\u011ferine y\u00fckseldi. Aral\u0131k 2021&#8217;de 90 puan olan in\u015faat sekt\u00f6r\u00fc g\u00fcven endeksi ocak 2022&#8217;de y\u00fczde 5 azal\u0131\u015fla 85.5 puana geriledi.<\/strong><\/p>\n<div>Ekonomik g\u00fcven endeksi 2021 Aral\u0131k&#8217;ta 98,2 olurken, 2022 Ocak&#8217;ta ise y\u00fczde 2,7 art\u0131\u015fla 100,8&#8217;e \u00e7\u0131kt\u0131. Ekonomik g\u00fcven endeksinde ya\u015fanan art\u0131\u015f, t\u00fcketici, reel kesim, hizmet ve perakende ticaret sekt\u00f6r\u00fc g\u00fcven endekslerinde ya\u015fanan art\u0131\u015flardan dolay\u0131 oldu. 2022 Ocak ay\u0131nda\u00a0bir \u00f6nceki aya g\u00f6re t\u00fcketici g\u00fcven endeksi \u00a0y\u00fczde 6,2 art\u0131\u015fla 73,2&#8217;ye, reel kesim g\u00fcven endeksi y\u00fczde 1,6 artarak 111,9&#8217;a, hizmet sekt\u00f6r\u00fc g\u00fcven endeksi y\u00fczde 1,2 art\u0131p 120,2&#8217;ye, \u00a0perakende ticaret sekt\u00f6r\u00fc g\u00fcven endeksi ise y\u00fczde 2,5 art\u0131\u015fla 124,4 oran\u0131na geldi. \u0130n\u015faat sekt\u00f6r\u00fc g\u00fcven endeksi ise y\u00fczde 5,0 oranda azal\u0131\u015fla y\u00fczde 85,5 oran\u0131na geriledi.<\/div>\n","protected":false},"excerpt":{"rendered":"<p>T\u00fcrkiye \u0130statistik Kurumu T\u00dc\u0130K taraf\u0131nda Ocak 2022 Ekonomik G\u00fcven Endeksi a\u00e7\u0131kland\u0131. Bir \u00f6nceki ay a\u00e7\u0131klanan 98.2 ekonomik g\u00fcven endeksi, ocak 2022 ay\u0131nda 2.7 puan art\u0131\u015fla 100.8 de\u011ferine y\u00fckseldi. Aral\u0131k 2021&#8217;de 90 puan olan in\u015faat sekt\u00f6r\u00fc g\u00fcven endeksi ocak 2022&#8217;de y\u00fczde 5 azal\u0131\u015fla 85.5 puana geriledi. Ekonomik g\u00fcven endeksi 2021 Aral\u0131k&#8217;ta 98,2 olurken, 2022 Ocak&#8217;ta ise [&hellip;]<\/p>\n","protected":false},"author":1,"featured_media":35633,"comment_status":"open","ping_status":"open","sticky":false,"template":"","format":"standard","meta":{"ngg_post_thumbnail":0},"categories":[221],"tags":[15924],"_links":{"self":[{"href":"https:\/\/emlaktuel.com\/index.php?rest_route=\/wp\/v2\/posts\/37851"}],"collection":[{"href":"https:\/\/emlaktuel.com\/index.php?rest_route=\/wp\/v2\/posts"}],"about":[{"href":"https:\/\/emlaktuel.com\/index.php?rest_route=\/wp\/v2\/types\/post"}],"author":[{"embeddable":true,"href":"https:\/\/emlaktuel.com\/index.php?rest_route=\/wp\/v2\/users\/1"}],"replies":[{"embeddable":true,"href":"https:\/\/emlaktuel.com\/index.php?rest_route=%2Fwp%2Fv2%2Fcomments&post=37851"}],"version-history":[{"count":1,"href":"https:\/\/emlaktuel.com\/index.php?rest_route=\/wp\/v2\/posts\/37851\/revisions"}],"predecessor-version":[{"id":37852,"href":"https:\/\/emlaktuel.com\/index.php?rest_route=\/wp\/v2\/posts\/37851\/revisions\/37852"}],"wp:featuredmedia":[{"embeddable":true,"href":"https:\/\/emlaktuel.com\/index.php?rest_route=\/wp\/v2\/media\/35633"}],"wp:attachment":[{"href":"https:\/\/emlaktuel.com\/index.php?rest_route=%2Fwp%2Fv2%2Fmedia&parent=37851"}],"wp:term":[{"taxonomy":"category","embeddable":true,"href":"https:\/\/emlaktuel.com\/index.php?rest_route=%2Fwp%2Fv2%2Fcategories&post=37851"},{"taxonomy":"post_tag","embeddable":true,"href":"https:\/\/emlaktuel.com\/index.php?rest_route=%2Fwp%2Fv2%2Ftags&post=37851"}],"curies":[{"name":"wp","href":"https:\/\/api.w.org\/{rel}","templated":true}]}}