{"id":37825,"date":"2022-01-27T12:42:46","date_gmt":"2022-01-27T09:42:46","guid":{"rendered":"https:\/\/emlaktuel.com\/?p=37825"},"modified":"2022-01-28T23:23:31","modified_gmt":"2022-01-28T20:23:31","slug":"kia-ev6-2022-what-carda-yilin-otomobili-secildi","status":"publish","type":"post","link":"https:\/\/emlaktuel.com\/?p=37825","title":{"rendered":"Kia EV6 &#8216;2022 What Car&#8217;da elektrikli ara\u00e7larda \u2018Y\u0131l\u0131n Otomobili\u2019 se\u00e7ildi"},"content":{"rendered":"<p><strong>Kia EV6 elektrikli ara\u00e7larda &#8216;y\u0131l\u0131n otomobili&#8217; se\u00e7ildi. \u20182022 What Car?\u2019 \u00d6d\u00fclleri t\u00f6reninde Ki markas\u0131na \u00fc\u00e7 \u00f6d\u00fcl geldi.\u00a0<\/strong><strong>Kia EV6, \u2018What Car?\u2019 taraf\u0131ndan \u2018Y\u0131l\u0131n Elektrikli SUV\u2019u\u2019 se\u00e7ilmeyi ba\u015fard\u0131.\u00a0<\/strong><strong>2019 y\u0131l\u0131nda \u2018Y\u0131l\u0131n Otomobili\u2019 se\u00e7ilen Kia e-Niro&#8217;dan sonra se\u00e7ilen tamamen elektrikli ikinci ara\u00e7 oldu.\u00a0<\/strong><strong>Kia Sorento modeli ise \u2018Y\u0131l\u0131n En \u0130yi \u00c7ekici Arac\u0131 \u00d6d\u00fcl\u00fc\u2019n\u00fc lay\u0131k g\u00f6r\u00fcld\u00fc.<\/strong><\/p>\n<p>Kia EV6, \u0130ngiltere&#8217;de en prestijli \u2018What Car? \u00d6d\u00fclleri t\u00f6reninde hem \u2018Y\u0131l\u0131n Otomobili\u2019 se\u00e7ilierken hem de \u2018Y\u0131l\u0131n Elektrikli SUV\u2019u\u2019 se\u00e7ilmeyi ba\u015fard\u0131. Kia EV6, Kia&#8217;n\u0131n ilk tamamen elektrikli arabas\u0131 olan Kia e-Niro\u2019nub 2019 y\u0131l\u0131nda \u2018Y\u0131l\u0131n Otomobili\u2019 se\u00e7ilmesinden sonra ikinci kez bu \u00f6d\u00fcle lay\u0131k g\u00f6r\u00fclen otomobil oldu.<\/p>\n<p>2021 Mart ay\u0131 i\u00e7inde piyasaya \u00e7\u0131kan Yeni Kia EV6, ge\u00e7en s\u00fcre i\u00e7erisinde d\u00fcnyan\u0131n \u00f6nde gelen bir\u00e7ok otomobil uzman\u0131n \u00f6vg\u00fc dolu yorumlar\u0131n\u0131 almas\u0131n\u0131n yan\u0131 s\u0131ra ayr\u0131ca farkl\u0131 \u00f6d\u00fcllere de lay\u0131k g\u00f6r\u00fclm\u00fc\u015ft\u00fc. Almanya&#8217;da Y\u0131l\u0131n Otomobili \u00d6d\u00fcl\u00fc\u2019n\u00fcn \u2018Premium\u2019 kategorisini de kazanan ve Top Gear&#8217;dan da \u2018Y\u0131l\u0131n Crossover&#8217;\u0131\u2019 se\u00e7ilmeyi ba\u015faran Kia EV6, sonu\u00e7lar\u0131 28 \u015eubat 2022&#8217;de a\u00e7\u0131klanacak olan 2022 Y\u0131l\u0131n Otomobili se\u00e7imlerinde de finale \u00e7\u0131kt\u0131.<\/p>\n<h2><strong>Jason Jeong: \u201cKia EV6 bir ba\u015flang\u0131\u00e7\u201d\u00a0<\/strong><\/h2>\n<p>Kia markas\u0131nn Avrupa Ba\u015fkan\u0131 Jason Jeong, Kia EV 6\u2019nin What Car? \u00d6d\u00fclleri\u2019nde \u2018Y\u0131l\u0131n Otomobili\u2019 se\u00e7ilmesi ile ilgili, \u201cKia i\u00e7in bu seneki \u2018What Car? \u00d6d\u00fclleri\u2019nde &#8216;Y\u0131l\u0131n Otomobili&#8217; \u00f6d\u00fcl\u00fcn\u00fc kazanmak b\u00fcy\u00fck bir onurdur. EV6, etkileyici ger\u00e7ek ya\u015fam s\u00fcr\u00fc\u015f menzili, iddial\u0131 tasar\u0131m\u0131,\u00a0ultra h\u0131zl\u0131 \u015farj \u00f6zellikleri ve ileri teknoloji \u00fcr\u00fcn\u00fc i\u00e7 mekan\u0131 ile Avrupa&#8217;daki m\u00fc\u015fteriler ve uzmanlarca son derece iyi kar\u015f\u0131land\u0131. Heyecan verici olan \u015fey, 2026&#8217;ya kadar 11 yeni batarya elektrikli modelle elektrikliye ge\u00e7i\u015f yolculu\u011fumuza devam ederken, gelecekte sunacaklar\u0131m\u0131z\u0131n ba\u015flang\u0131c\u0131n\u0131n Kia EV6 olmas\u0131\u201d \u015feklinde konu\u015ftu.<\/p>\n<h2><strong>18 dakikada y\u00fczde 70 kadar \u015farj edilebiliyor<\/strong><\/h2>\n<p>Kia EV6, crossover SUV pazar\u0131nda uzun menzilli, s\u0131f\u0131r emisyonlu g\u00fc\u00e7, 800V ultra h\u0131zl\u0131 \u015farj ve farkl\u0131 bir tasar\u0131mla yeni \u00f6zellikler kazand\u0131r\u0131yor. Kia EV6, WLTP karma d\u00f6ng\u00fcde tek bir \u015farj ile toplam 528 kilometreye kadar s\u00fcr\u00fc\u015f menziline ula\u015fabiliyor. Ve ayr\u0131ca, geli\u015fmi\u015f 800V \u015farj teknolojisi, s\u00fcr\u00fcc\u00fcn\u00fcn toplam 18 dakikada y\u00fczde 10 civar\u0131nda y\u00fczde 80&#8217;e \u015farj edebilmesine imkan tan\u0131yor.<\/p>\n<p>Bu, Kia markas\u0131n\u0131n ilk tamamen batarya elektrikli arac\u0131 ve \u015firketin yeni Elektrikli-K\u00fcresel Mod\u00fcler Platformunun (E-GMP) heyecan verici potansiyelini g\u00f6zler \u00f6n\u00fcne sunuyor. Kia, 2026&#8217;ya kadar alt\u0131 tamamen elektrikli model daha sunmay\u0131 planl\u0131yor ve \u00fcr\u00fcn gam\u0131n\u0131 tamamen elektrikli hale getirmeyi hedefliyor.<\/p>\n<h2><strong>Kia Sorento \u2018Y\u0131l\u0131n En \u0130yi \u00c7ekici Arac\u0131 \u00d6d\u00fcl\u00fc\u2019 ald\u0131<\/strong><\/h2>\n<p>Kia EV6&#8217;n\u0131n d\u0131\u015f\u0131nda Kia Sorento da \u0130ngiltere Kamp ve Karavan Kul\u00fcb\u00fc ile beraber belirlenen 2022 What Car? &#8216;Y\u0131l\u0131n En \u0130yi \u00c7ekici Arac\u0131 \u00d6d\u00fcl\u00fc&#8217;ne lay\u0131k g\u00f6r\u00fcld\u00fc. Sekiz ileri \u00e7ift kavramal\u0131 \u015fanz\u0131man ile Sorento 2.2 litre CRD&#8217;i, j\u00fcri taraf\u0131ndan karavan veya treyler \u00e7ekmek isteyenler i\u00e7in ideal otomobil olarak se\u00e7imeyi ba\u015fard\u0131. Kia Sorento g\u00fc\u00e7l\u00fc dizel motoru ile 2.500 kg\u2019a kadar frenli y\u00fckleri \u00e7ekebiliyor. Ayr\u0131ca yedi ki\u015fiye kadar oturma alan\u0131, geni\u015f bir bagaj ve ya\u015fama alan\u0131 ile t\u00fcm yolcular\u0131 rahat ettiren ve e\u011flendiren teknoloji ve \u00f6zellikler sunuyor.<\/p>\n<h2><strong>&#8216;What Car? Y\u0131l\u0131n Otomobili \u00d6d\u00fclleri&#8217;<\/strong><\/h2>\n<p>Her sene, \u2018What Car? Y\u0131l\u0131n Otomobili \u00d6d\u00fclleri\u2019 \u00e7e\u015fitli ara\u00e7 kategorilerinde en iyi yeni ara\u00e7lar\u0131 belirliyor. Bir otomobilin \u00f6d\u00fcl alabilmesi i\u00e7in What Car? test ekibi taraf\u0131ndan rakipleri ile art arda, yollarda ve \u00f6zel bir test merkezinde test edilmi\u015f olmas\u0131 gerekmektedir. Sonras\u0131nda, her kategorinin kazananlar\u0131 aras\u0131ndan genel bir &#8216;Y\u0131l\u0131n Otomobili&#8217; se\u00e7ilmektedri..<\/p>\n","protected":false},"excerpt":{"rendered":"<p>Kia EV6 elektrikli ara\u00e7larda &#8216;y\u0131l\u0131n otomobili&#8217; se\u00e7ildi. \u20182022 What Car?\u2019 \u00d6d\u00fclleri t\u00f6reninde Ki markas\u0131na \u00fc\u00e7 \u00f6d\u00fcl geldi.\u00a0Kia EV6, \u2018What Car?\u2019 taraf\u0131ndan \u2018Y\u0131l\u0131n Elektrikli SUV\u2019u\u2019 se\u00e7ilmeyi ba\u015fard\u0131.\u00a02019 y\u0131l\u0131nda \u2018Y\u0131l\u0131n Otomobili\u2019 se\u00e7ilen Kia e-Niro&#8217;dan sonra se\u00e7ilen tamamen elektrikli ikinci ara\u00e7 oldu.\u00a0Kia Sorento modeli ise \u2018Y\u0131l\u0131n En \u0130yi \u00c7ekici Arac\u0131 \u00d6d\u00fcl\u00fc\u2019n\u00fc lay\u0131k g\u00f6r\u00fcld\u00fc. Kia EV6, \u0130ngiltere&#8217;de en prestijli [&hellip;]<\/p>\n","protected":false},"author":1,"featured_media":37826,"comment_status":"open","ping_status":"open","sticky":false,"template":"","format":"standard","meta":{"ngg_post_thumbnail":0},"categories":[5215,5388],"tags":[15908,15903,15906,15905,15904,15907],"_links":{"self":[{"href":"https:\/\/emlaktuel.com\/index.php?rest_route=\/wp\/v2\/posts\/37825"}],"collection":[{"href":"https:\/\/emlaktuel.com\/index.php?rest_route=\/wp\/v2\/posts"}],"about":[{"href":"https:\/\/emlaktuel.com\/index.php?rest_route=\/wp\/v2\/types\/post"}],"author":[{"embeddable":true,"href":"https:\/\/emlaktuel.com\/index.php?rest_route=\/wp\/v2\/users\/1"}],"replies":[{"embeddable":true,"href":"https:\/\/emlaktuel.com\/index.php?rest_route=%2Fwp%2Fv2%2Fcomments&post=37825"}],"version-history":[{"count":4,"href":"https:\/\/emlaktuel.com\/index.php?rest_route=\/wp\/v2\/posts\/37825\/revisions"}],"predecessor-version":[{"id":37875,"href":"https:\/\/emlaktuel.com\/index.php?rest_route=\/wp\/v2\/posts\/37825\/revisions\/37875"}],"wp:featuredmedia":[{"embeddable":true,"href":"https:\/\/emlaktuel.com\/index.php?rest_route=\/wp\/v2\/media\/37826"}],"wp:attachment":[{"href":"https:\/\/emlaktuel.com\/index.php?rest_route=%2Fwp%2Fv2%2Fmedia&parent=37825"}],"wp:term":[{"taxonomy":"category","embeddable":true,"href":"https:\/\/emlaktuel.com\/index.php?rest_route=%2Fwp%2Fv2%2Fcategories&post=37825"},{"taxonomy":"post_tag","embeddable":true,"href":"https:\/\/emlaktuel.com\/index.php?rest_route=%2Fwp%2Fv2%2Ftags&post=37825"}],"curies":[{"name":"wp","href":"https:\/\/api.w.org\/{rel}","templated":true}]}}