{"id":37786,"date":"2022-01-25T13:46:03","date_gmt":"2022-01-25T10:46:03","guid":{"rendered":"https:\/\/emlaktuel.com\/?p=37786"},"modified":"2022-01-25T13:47:09","modified_gmt":"2022-01-25T10:47:09","slug":"dap-nisantasi-koru-projesi-2021-yili-satis-sampiyonu-oldu","status":"publish","type":"post","link":"https:\/\/emlaktuel.com\/?p=37786","title":{"rendered":"Dap Ni\u015fanta\u015f\u0131 Koru projesi 2021 y\u0131l\u0131 sat\u0131\u015f \u015fampiyonu oldu"},"content":{"rendered":"<p>Emlak Konut GYO g\u00fcvencesi ile DAP vizyonu ile hayata ge\u00e7irilen Dap Ni\u015fanta\u015f\u0131 Koru projesi, Emlak Konut GYO projeleri i\u00e7erisinde 2021&#8217;de en \u00e7ok sat\u0131\u015f de\u011feri sa\u011flayan proje oldu. Dap Ni\u015fanta\u015f\u0131 Koru projesinde 124 ba\u011f\u0131ms\u0131z b\u00f6l\u00fcm\u00fcn sat\u0131\u015f\u0131 ger\u00e7ekle\u015ftirilerek 1 milyar 898 milyon 625 bin TL ciro yakaland\u0131.<\/p>\n<p>DAP Yap\u0131&#8217;n\u0131n, Emlak Konut GYO g\u00fcvencesi ile hayata ge\u00e7irdi\u011fi Ni\u015fanta\u015f\u0131 Koru projesi, 2021&#8217;de en fazla sat\u0131\u015f de\u011feri sa\u011flayan proje oldu. \u201cSa\u011fl\u0131kl\u0131 evler\u201d konsepti ile tasarlanan Ni\u015fanta\u015f\u0131 Koru\u2019nun KDV hari\u00e7 sat\u0131\u015f de\u011feri toplam\u0131 1 milyar 898 milyon 625 bin TL oldu. Yat\u0131r\u0131m de\u011feri bak\u0131m\u0131ndan \u00f6rnek niteli\u011fi ta\u015f\u0131yan Ni\u015fanta\u015f\u0131 Koru projesinde, toplam 31 bin 896 metrekare b\u00fcy\u00fckl\u00fckte\u00a0124 ba\u011f\u0131ms\u0131z b\u00f6l\u00fcm\u00fcn sat\u0131\u015f\u0131 ger\u00e7ekle\u015ftirildi.<\/p>\n<p>Dap Ni\u015fanta\u015f\u0131 Koru projesinde yer alan \u00fcniteler, tamamen l\u00fcks tekne mant\u0131\u011f\u0131yla, malzemelerin birbiriyle uyumlu oldu\u011fu, ya\u015fam alanlar\u0131n\u0131n en \u00e7ok verimli bir \u015fekilde kullan\u0131ld\u0131\u011f\u0131, kalitenin ve konforun maksimumda oldu\u011fu \u015fekilde dizayn edildi. Dev projede ba\u011f\u0131ms\u0131z b\u00f6l\u00fcmlerin say\u0131s\u0131 da az tutuldu. Projede kat y\u00fckseklikleri 5 ila 10 kat aras\u0131nda tutuldu.<\/p>\n<p>Ni\u015fanta\u015f\u0131 b\u00f6lgesinde Bah\u00e7e Villa ile Teras Villa konforunda tasarlanan her detay\u0131n titizlikle d\u00fc\u015f\u00fcn\u00fcld\u00fc\u011f\u00fc proje, Ni\u015fanta\u015f\u0131\u2019nda \u2018L\u00fcks\u00fcn \u00d6tesi\u2019ni yeniden tan\u0131ml\u0131yor. DAP\u2019\u0131n yenilik\u00e7i vizyonuyla Emlak Konut g\u00fcvencesinin birle\u015fimi olan bu proje; iki k\u0131tay\u0131 birbirine ba\u011flayan d\u00fcnya ba\u015fkenti \u0130stanbul\u2019umuzun g\u00f6zbebe\u011fi Ni\u015fanta\u015f\u0131\u2019nda, 50 y\u0131l sonra bile de\u011ferine de\u011fer katacak bir eser olacak.<\/p>\n<h2>Teraslar daire b\u00fcy\u00fckl\u00fc\u011f\u00fcnde<\/h2>\n<p>Projede do\u011fan\u0131n \u2018iyile\u015ftirme\u2019 g\u00fcc\u00fcn\u00fcn \u00f6n plana \u00e7\u0131kar\u0131ld\u0131\u011f\u0131 Ni\u015fanta\u015f\u0131 Koru projesinde temiz hava ve bol oksijen; daire b\u00fcy\u00fckl\u00fc\u011f\u00fcnde olan teraslar, geni\u015f salonlar, yatak odalar\u0131 ve mutfaklardan evinizin i\u00e7ine dolacak. Ba\u015fta kom\u015fusu oldu\u011fu Ihlamur Kasr\u0131 olmak \u00fczere adeta k\u00fc\u00e7\u00fck bir orman olan koru alan\u0131ndan gelen bol oksijen sayesinde proje, \u015fehrin merkezinde ormanda ya\u015fam\u0131n\u0131n zindeli\u011fini vadediyor.<br \/>\n60 bin metrekare koru alan\u0131na kom\u015fu olan Ni\u015fanta\u015f\u0131 Koru projesi, lokasyon olarak Amerikan Hastanesi ile Ihlamur Kasr\u0131 aras\u0131nda yer al\u0131yor. L\u00fcks markalar\u0131n T\u00fcrkiye\u2019deki bir numaral\u0131 adresi olan Abdi \u0130pek\u00e7i Caddesi\u2019ne yakla\u015f\u0131k 5 dakika y\u00fcr\u00fcme mesafesinde bulunan DAP Ni\u015fanta\u015f\u0131 Koru projesi, City\u2019s Al\u0131\u015fveri\u015f Merkezi\u2019ne de 300 metre yak\u0131nl\u0131kta&#8230; Bu anlamda Hermes, Louis Vuitton, Prada ve Gucci gibi l\u00fcks\u00fcn zirvesindeki markalara da deyim yerindeyse \u201ckap\u0131 kom\u015fusu\u2019 konumunda\u2026<\/p>\n<h2><img loading=\"lazy\" class=\"alignnone size-full wp-image-37611\" src=\"https:\/\/emlaktuel.com\/wp-content\/uploads\/2022\/01\/dap-yapi-ziya-yilmaz.jpg\" alt=\"\" width=\"700\" height=\"369\" \/><\/h2>\n<h2>\u201cNi\u015fanta\u015f\u0131nda bir eser b\u0131rakaca\u011f\u0131z\u201d<\/h2>\n<p>Dap Ni\u015fanta\u015f\u0131 Koru projesine g\u00f6sterilen yo\u011fun talebe dikkat \u00e7eken DAP Holding Y\u00f6netim Kurulu Ba\u015fkan\u0131 Ziya Y\u0131lmaz, \u201cYakalad\u0131\u011f\u0131m\u0131z bu sat\u0131\u015f ba\u015far\u0131s\u0131 \u2018sa\u011fl\u0131kl\u0131 evler\u2019e olan ciddi talebin hala devam etti\u011fini g\u00f6steriyor. DAP vizyonuyla geli\u015ftirdi\u011fimiz Ni\u015fanta\u015f\u0131 Koru projemiz, Ormank\u00f6y\u2019\u00fcn ard\u0131ndan \u2018sa\u011fl\u0131kl\u0131 ev\u2019 kriterlerinin en g\u00fczel \u00f6rneklerinden biri. Ki\u015fiye \u00f6zel \u00e7\u00f6z\u00fcmlerin yer ald\u0131\u011f\u0131 projede, 25 d\u00f6n\u00fcm arazi \u00fczerinde sadece 160 se\u00e7kin ki\u015finin sahip olabilece\u011fi, Ihlamur Kasr\u0131 gibi \u015fehrin en de\u011ferli ye\u015fil alanlar\u0131ndan birine kom\u015fu hem koru hem Bo\u011faz manzaras\u0131n\u0131 birlikte ya\u015fayabilece\u011finiz ya\u015fam alanlar\u0131 sa\u011flad\u0131k. Do\u011fan\u0131n g\u00fcc\u00fcnden ilham ald\u0131\u011f\u0131m\u0131z projede, 6\u2019nc\u0131 katta bile Bo\u011faz manzaras\u0131na kar\u015f\u0131 y\u00fczebilece\u011finiz sonsuzluk havuzlar\u0131, hem binadan hem kendi bah\u00e7enizden giri\u015f imkan\u0131 sa\u011flayan bah\u00e7e villalar\u0131 gibi her detay\u0131 \u00f6zenle d\u00fc\u015f\u00fcn\u00fclm\u00fc\u015f, \u00e7evre dostu ve deprem g\u00fcvenlikli yap\u0131lar geli\u015ftiriyoruz. DAP\u2019\u0131n yenilik\u00e7i vizyonuyla tasarlanan bu proje; \u0130stanbul\u2019umuzun g\u00f6zbebe\u011fi Ni\u015fanta\u015f\u0131\u2019nda, 50 y\u0131l sonra bile de\u011ferine de\u011fer katacak ve nesilden nesile miras olarak b\u0131rak\u0131lan bir eser olacak\u201d diye konu\u015ftu.<\/p>\n<h2>\u2018Sa\u011fl\u0131kl\u0131 Ev&#8217;de \u00f6ne \u00e7\u0131kan 5 kriter<\/h2>\n<p>Covid-19 pandemisi \u00f6ncesinde \u2018Sa\u011fl\u0131kl\u0131 Ev\u2019 kriterleri i\u00e7in haz\u0131rl\u0131klara ba\u015flayan DAP, yakla\u015f\u0131k 100 bin ki\u015finin fikrini al\u0131p \u00f6zel bir sa\u011fl\u0131k kurulu olu\u015fturdu. Bu kurulun \u00f6nerileri etraf\u0131nda d\u00fcnyada bir ilk olarak Sa\u011fl\u0131kl\u0131 Evler konseptini geli\u015ftirdi. DAP, Sa\u011fl\u0131k Kurulu\u2019nun 5 ana ba\u015fl\u0131kta \u00f6zetledi\u011fi Sa\u011fl\u0131kl\u0131 Ev Kriterleri, \u015fu \u015fekilde s\u0131ralan\u0131yor:<br \/>\n1- Birincisi y\u00fcksek katl\u0131 olmayacak. \u0130htiya\u00e7 duyuldu\u011fu anda y\u00fcr\u00fcyecek \u00e7\u0131k\u0131labilecek y\u00fckseklikteki evlere sa\u011fl\u0131kl\u0131 ev diyoruz.<br \/>\n2- \u0130kincisi balkon, teras ve bah\u00e7e\u2026 Sa\u011fl\u0131kl\u0131 evler bah\u00e7e yoksa teras, teras da veremiyorsan\u0131z kesinlikle geni\u015f balkona sahip olmal\u0131. Ni\u015fanta\u015f\u0131 projemizi, tamamen bir \u2018villa bah\u00e7e\u2019 ve ki\u015fiye \u00f6zel detaylar\u0131n d\u00fc\u015f\u00fcn\u00fcld\u00fc\u011f\u00fc \u2018l\u00fcks tekne\u2019 mant\u0131\u011f\u0131yla tasarlad\u0131k.<br \/>\n3- \u00dc\u00e7\u00fcnc\u00fcs\u00fc ise orman, koru ve ye\u015fil alan \u2026 Yap\u0131lan \u00e7al\u0131\u015fmalar g\u00f6steriyor ye\u015fillikler i\u00e7inde yap\u0131lan spor aktiviteleri kronik hastal\u0131klara da iyi geliyor. Biz bu anlamda tamamen \u2018orman i\u00e7i\u2019 mant\u0131\u011f\u0131yla Ni\u015fanta\u015f\u0131\u2019n\u0131n en ye\u015fil projesini hayata ge\u00e7iriyoruz.<br \/>\n4- D\u00f6rd\u00fcnc\u00fcs\u00fc ise havaland\u0131rma sistemi\u2026 Bu a\u00e7\u0131dan bak\u0131ld\u0131\u011f\u0131nda \u2018Sa\u011fl\u0131kl\u0131 Ev\u2019 dedi\u011finizde, her dairenin havaland\u0131rma sisteminin korona s\u00fcrecindeki sa\u011fl\u0131k kriterlerine uygun olarak tasarlanmas\u0131 ve kesinlikle birbirinden \u2018ba\u011f\u0131ms\u0131z\u2019 olmas\u0131 ve do\u011fal havaland\u0131rma olmas\u0131 gerekiyor.<br \/>\n5- Be\u015finci ve son kriter ise en son deprem y\u00f6netmeli\u011fine g\u00f6re in\u015fa ediliyor olmas\u0131\u2026<\/p>\n","protected":false},"excerpt":{"rendered":"<p>Emlak Konut GYO g\u00fcvencesi ile DAP vizyonu ile hayata ge\u00e7irilen Dap Ni\u015fanta\u015f\u0131 Koru projesi, Emlak Konut GYO projeleri i\u00e7erisinde 2021&#8217;de en \u00e7ok sat\u0131\u015f de\u011feri sa\u011flayan proje oldu. Dap Ni\u015fanta\u015f\u0131 Koru projesinde 124 ba\u011f\u0131ms\u0131z b\u00f6l\u00fcm\u00fcn sat\u0131\u015f\u0131 ger\u00e7ekle\u015ftirilerek 1 milyar 898 milyon 625 bin TL ciro yakaland\u0131. DAP Yap\u0131&#8217;n\u0131n, Emlak Konut GYO g\u00fcvencesi ile hayata ge\u00e7irdi\u011fi Ni\u015fanta\u015f\u0131 [&hellip;]<\/p>\n","protected":false},"author":1,"featured_media":37612,"comment_status":"open","ping_status":"open","sticky":false,"template":"","format":"standard","meta":{"ngg_post_thumbnail":0},"categories":[1,5388],"tags":[15887,11483,459],"_links":{"self":[{"href":"https:\/\/emlaktuel.com\/index.php?rest_route=\/wp\/v2\/posts\/37786"}],"collection":[{"href":"https:\/\/emlaktuel.com\/index.php?rest_route=\/wp\/v2\/posts"}],"about":[{"href":"https:\/\/emlaktuel.com\/index.php?rest_route=\/wp\/v2\/types\/post"}],"author":[{"embeddable":true,"href":"https:\/\/emlaktuel.com\/index.php?rest_route=\/wp\/v2\/users\/1"}],"replies":[{"embeddable":true,"href":"https:\/\/emlaktuel.com\/index.php?rest_route=%2Fwp%2Fv2%2Fcomments&post=37786"}],"version-history":[{"count":2,"href":"https:\/\/emlaktuel.com\/index.php?rest_route=\/wp\/v2\/posts\/37786\/revisions"}],"predecessor-version":[{"id":37789,"href":"https:\/\/emlaktuel.com\/index.php?rest_route=\/wp\/v2\/posts\/37786\/revisions\/37789"}],"wp:featuredmedia":[{"embeddable":true,"href":"https:\/\/emlaktuel.com\/index.php?rest_route=\/wp\/v2\/media\/37612"}],"wp:attachment":[{"href":"https:\/\/emlaktuel.com\/index.php?rest_route=%2Fwp%2Fv2%2Fmedia&parent=37786"}],"wp:term":[{"taxonomy":"category","embeddable":true,"href":"https:\/\/emlaktuel.com\/index.php?rest_route=%2Fwp%2Fv2%2Fcategories&post=37786"},{"taxonomy":"post_tag","embeddable":true,"href":"https:\/\/emlaktuel.com\/index.php?rest_route=%2Fwp%2Fv2%2Ftags&post=37786"}],"curies":[{"name":"wp","href":"https:\/\/api.w.org\/{rel}","templated":true}]}}