{"id":37749,"date":"2022-01-23T22:03:43","date_gmt":"2022-01-23T19:03:43","guid":{"rendered":"https:\/\/emlaktuel.com\/?p=37749"},"modified":"2022-01-23T22:04:23","modified_gmt":"2022-01-23T19:04:23","slug":"37749","status":"publish","type":"post","link":"https:\/\/emlaktuel.com\/?p=37749","title":{"rendered":"T\u00fcrkiye&#8217;de sat\u0131lan en ucuz s\u0131f\u0131r otomobiller hangileri?"},"content":{"rendered":"<h4 class=\"lead description\">T\u00fcrkiye s\u0131n\u0131rlar\u0131 i\u00e7erisinde ge\u00e7ti\u011fimiz son 2 y\u0131l i\u00e7erisinde ya\u015fanan pandemi salg\u0131n\u0131 ile ilgili geli\u015fmeleri, d\u00f6viz kurlar\u0131nda ya\u015fanan dalgalanmalar ve enflasyonun y\u00fcseli\u015fi s\u0131f\u0131r ve ikinci el otomobil fiyatlar\u0131n\u0131 \u00e7ok fazla artmas\u0131na neden olmu\u015ftu. Ge\u00e7ti\u011fimiz ay dolar kurunda ya\u015fanan bir geri \u00e7ekilme ve h\u00fck\u00fcmetin de \u00d6TV d\u00fczenlemesi sonras\u0131nda bir miktar geri \u00e7ekilen otomobil fiyatlar\u0131 vatanda\u015fta umu olmu\u015ftu. S\u0131f\u0131r kilometre otomobil sat\u0131n almak isteyen vatanda\u015flar g\u00fcncel araba fiyatlar\u0131n\u0131 ara\u015ft\u0131r\u0131yorlar. \u015eu an en ucuz fiyatl\u0131\u00a0marka marka s\u0131f\u0131r kilometre otomobiller hangileri? Hangi marka ara\u00e7lar \u00e7ok uygun fiyata sat\u0131l\u0131yor?<\/h4>\n<p>\u00dclkemizde son zamanlarda otomobillerin fiyatlar\u0131 s\u0131kl\u0131kla de\u011fi\u015fmeye devam ederken baz\u0131 firmalar gerek \u00d6TV indirimlerini gerekse kur ge\u00e7i\u015fkenliklerini otomobil fiyatlar\u0131na g\u00fcncellemeler yaparak yans\u0131tmaktalar. Bu fiyat g\u00fcncellemeleri indirim olarakta zam olarak ta yans\u0131yabiliyor. Son yap\u0131lan fiyat g\u00fcncellemeleri ile otomobil sat\u0131n almak isteyenlerin s\u0131f\u0131r kilometre planlar\u0131nda de\u011fi\u015fiklik yapmas\u0131na neden olacak fiyat farklar\u0131 olu\u015ftu.<\/p>\n<h2><strong>S\u0131f\u0131r ara\u00e7larda fiyatlarda karma\u015fa\u00a0<\/strong><\/h2>\n<p>\u00dclkemizde \u015fu a\u0131ralar s\u0131f\u0131r otomobil piyasas\u0131nda adeta bir fiyat karma\u015fas\u0131 ya\u015fanmaltad\u0131r. Otomobil \u015firketleri ithal olarak temin ettikleri ya da yerli \u00fcretim yapt\u0131klar\u0131 ama malzemeleri ithal olarak getirdikleri ara\u00e7lar\u0131n fiyatlar\u0131nda kurda ya\u015fanan farklar\u0131 uygulamak zorunda kal\u0131yorlar. D\u00f6viz kurlar\u0131nda ya\u015fanan dalgalanmalar nedeniyle tam bir dengenin kurulamamas\u0131 dolay\u0131 fiyatlarda ini\u015fli \u00e7\u0131k\u0131\u015fl\u0131 bir grafik takip ediliyor. Y\u00fcksek kur ile ilgili olarak zamlar\u0131 tam uygulamayan firmalar \u015fu anda bir fiyat dengesi kurmaya \u00e7al\u0131\u015f\u0131yorlar. Bundan dolay\u0131 da s\u0131f\u0131r kilometre otomobillerin fiyatlar\u0131nda indirim ile zam aras\u0131nda de\u011fi\u015fimlerle kar\u015f\u0131la\u015f\u0131labiliyor.<\/p>\n<h2><strong>Otomobile ilgi ve talep art\u0131yor\u00a0<\/strong><\/h2>\n<p>Otomobil piyasas\u0131nda bir s\u00fcredir d\u00fc\u015f\u00fck olan talepler de bir hareketlenme meydana geldi\u011fi bildirildi. S\u0131f\u0131r kilometre otomobillerin fiyatlar\u0131nda \u00d6TV indirimi sonras\u0131 fiyatlar\u0131n daha fazla d\u00fc\u015fmeyece\u011fine dair kanaat getirenlerden dolay\u0131 ara\u00e7 taleplerini erteleyenler taleplerini devreye sokmaya ba\u015flad\u0131lar. Bundan dolay\u0131 da \u015firketler taleplere kar\u015f\u0131l\u0131k vermek konusunda g\u00fc\u00e7l\u00fck \u00e7ekiyorlar. Zaman zaman ya\u015fanan tedarik s\u0131k\u0131nt\u0131s\u0131 i\u00e7in ise planlamalarla sorun \u00e7\u00f6z\u00fclmeye \u00e7al\u0131\u015f\u0131l\u0131yor.<\/p>\n<div id=\"article-text\" data-text-id=\"87423\">\n<p>Otomobil \u015firketleri 2021 model olan ara\u00e7lar\u0131n\u0131 sat\u0131\u015fa \u00e7\u0131kararak stoklar\u0131nda bulunan ara\u00e7lar\u0131 indirimli bir \u015fekilde sat\u0131\u015fa \u00e7\u0131kar\u0131yorlar. Vatanda\u015flar\u0131 bu imkanlar\u0131 de\u011ferlendirerek 2021 model s\u0131f\u0131r kilometre ara\u00e7lar\u0131 \u00e7e\u015fitli fiyat avantajlar\u0131 ile sat\u0131n alabiliyorlar. \u015eirketlerin stoklar\u0131nda ye alan 2021 model ara\u00e7lar\u0131 t\u00fckenene kadar bu fiyat avantajlar\u0131n\u0131 m\u00fc\u015fterilere sunmaya devam edeceklerdir. Otomotiv sekt\u00f6r\u00fcn\u00fcn de\u011ferlendirmelerine g\u00f6re 2022 \u015eubat ay\u0131 sonuna kadar firmalar stoklar\u0131nda yer alan 2021 model ara\u00e7lar\u0131n sat\u0131\u015f\u0131n\u0131 tamamen bitirmeyi planl\u0131yorlar.<\/p>\n<h2><strong>T\u00fcrkiye&#8217;de sat\u0131lan en ucuz s\u0131f\u0131r otomobiller\u00a0<\/strong><\/h2>\n<p>Vatanda\u015flar T\u00fcrkiye&#8217;de sat\u0131lan en ucuz fiyatl\u0131 s\u0131f\u0131r otomobilleri merak ediyor. Her firman\u0131n alt segmentte donan\u0131ms\u0131z bir arac\u0131 mutlaka var ve bu ara\u00e7lar en ucuz fiyatl\u0131 s\u0131f\u0131r kilometre ara\u00e7lar oluyorlar. \u015eu anda sat\u0131n al\u0131nabilecek en ucuz fiyatl\u0131 s\u0131f\u0131r otomobillerin fiyat listesi \u015fu \u015fekilde:<\/p>\n<h4>&#8211; 2021 model Hyundai i10 1.0 MPI 67 PS Jump Manuel Benzinli: 240.857 TL<\/h4>\n<h4>&#8211; 2022 model Fiat Egea Sedan 1.4 Fire Easy 95 HP Manuel Benzinli: 245.500 TL<\/h4>\n<h4>&#8211; 2021 model Renault Yeni Clio Joy 1.0 Sce 65 bg: 248.100 TL<\/h4>\n<h4>&#8211; 2022 model Renault Yeni Clio Joy 1.0 Sce 65 bg: 264.000 TL<\/h4>\n<h4>&#8211; 2022 moderl Citroen C3 1.2 PureTech Feel 83 HP: 312.000 TL<\/h4>\n<h4>&#8211; 2021 model Nissan Micra 1.0 IG-T 92PS D\u00fcz Vites Visia: 377.000 TL<\/h4>\n<h4>&#8211; 2022 model Peugeot Yeni 208 Active 1.2 PureTech 75 HP MT5: 312.188 TL<\/h4>\n<h4>&#8211; 2022 model Opel Corsa 1.2 75 HP Benzin MT5: 358.900 TL<\/h4>\n<h4>&#8211; 2021 model Opel Corsa 1.2 100 HP Benzin AT8: 436.900 TL<\/h4>\n<h4>&#8211; 2022 model Toyota Yeni yaris 1.0 Vision: 330.400 TL<\/h4>\n<h4>&#8211; 2021 model Volkswagen Yeni Polo 1.0 80 PS Manuel Impression: 320.500 TL<\/h4>\n<\/div>\n<div data-pagespeed=\"true\" data-advert=\"temedya\" data-channel=\"138\" data-affix=\"0\">\n<div class=\"my-3\"><\/div>\n<\/div>\n<div data-pagespeed=\"true\" data-advert=\"temedya\" data-channel=\"130\" data-affix=\"0\">\n<h4 class=\"my-3\"><\/h4>\n<\/div>\n","protected":false},"excerpt":{"rendered":"<p>T\u00fcrkiye s\u0131n\u0131rlar\u0131 i\u00e7erisinde ge\u00e7ti\u011fimiz son 2 y\u0131l i\u00e7erisinde ya\u015fanan pandemi salg\u0131n\u0131 ile ilgili geli\u015fmeleri, d\u00f6viz kurlar\u0131nda ya\u015fanan dalgalanmalar ve enflasyonun y\u00fcseli\u015fi s\u0131f\u0131r ve ikinci el otomobil fiyatlar\u0131n\u0131 \u00e7ok fazla artmas\u0131na neden olmu\u015ftu. Ge\u00e7ti\u011fimiz ay dolar kurunda ya\u015fanan bir geri \u00e7ekilme ve h\u00fck\u00fcmetin de \u00d6TV d\u00fczenlemesi sonras\u0131nda bir miktar geri \u00e7ekilen otomobil fiyatlar\u0131 vatanda\u015fta umu olmu\u015ftu. [&hellip;]<\/p>\n","protected":false},"author":1,"featured_media":10859,"comment_status":"open","ping_status":"open","sticky":false,"template":"","format":"standard","meta":{"ngg_post_thumbnail":0},"categories":[5215,5388],"tags":[15876,15877,7283],"_links":{"self":[{"href":"https:\/\/emlaktuel.com\/index.php?rest_route=\/wp\/v2\/posts\/37749"}],"collection":[{"href":"https:\/\/emlaktuel.com\/index.php?rest_route=\/wp\/v2\/posts"}],"about":[{"href":"https:\/\/emlaktuel.com\/index.php?rest_route=\/wp\/v2\/types\/post"}],"author":[{"embeddable":true,"href":"https:\/\/emlaktuel.com\/index.php?rest_route=\/wp\/v2\/users\/1"}],"replies":[{"embeddable":true,"href":"https:\/\/emlaktuel.com\/index.php?rest_route=%2Fwp%2Fv2%2Fcomments&post=37749"}],"version-history":[{"count":2,"href":"https:\/\/emlaktuel.com\/index.php?rest_route=\/wp\/v2\/posts\/37749\/revisions"}],"predecessor-version":[{"id":37751,"href":"https:\/\/emlaktuel.com\/index.php?rest_route=\/wp\/v2\/posts\/37749\/revisions\/37751"}],"wp:featuredmedia":[{"embeddable":true,"href":"https:\/\/emlaktuel.com\/index.php?rest_route=\/wp\/v2\/media\/10859"}],"wp:attachment":[{"href":"https:\/\/emlaktuel.com\/index.php?rest_route=%2Fwp%2Fv2%2Fmedia&parent=37749"}],"wp:term":[{"taxonomy":"category","embeddable":true,"href":"https:\/\/emlaktuel.com\/index.php?rest_route=%2Fwp%2Fv2%2Fcategories&post=37749"},{"taxonomy":"post_tag","embeddable":true,"href":"https:\/\/emlaktuel.com\/index.php?rest_route=%2Fwp%2Fv2%2Ftags&post=37749"}],"curies":[{"name":"wp","href":"https:\/\/api.w.org\/{rel}","templated":true}]}}