{"id":37666,"date":"2022-01-17T11:14:26","date_gmt":"2022-01-17T08:14:26","guid":{"rendered":"https:\/\/emlaktuel.com\/?p=37666"},"modified":"2022-01-17T11:14:26","modified_gmt":"2022-01-17T08:14:26","slug":"imsad-2021de-toparlanma-yasayan-bilesik-endeks-mevsimselligin-de-etkisi-ile-seney-gerileme-ile-kapatti","status":"publish","type":"post","link":"https:\/\/emlaktuel.com\/?p=37666","title":{"rendered":"\u0130MSAD: 2021&#8217;de toparlanma ya\u015fayan Bile\u015fik Endeks, \u00a0mevsimselli\u011fin de etkisi ile seney gerileme ile kapatt\u0131"},"content":{"rendered":"<p><strong>T\u00fcrkiye \u0130MSAD&#8217;\u0131n haz\u0131rlad\u0131\u011f\u0131 \u0130n\u015faat Malzemeleri Sanayi Bile\u015fik Endeksi 2021 aral\u0131k ay\u0131 sonu\u00e7lar\u0131n\u0131 a\u00e7\u0131klad\u0131. Bile\u015fik Endeks, 2021 aral\u0131k ay\u0131nda 1,45 puanl\u0131k bir d\u00fc\u015f\u00fc\u015f kaydederek 76,93 puana inerken, mevsimselli\u011fin de etkisi ile seneyi gerilemeyle kapatt\u0131.\u00a0<\/strong><\/p>\n<p><strong>T\u00fcrkiye \u0130n\u015faat Malzemesi Sanayicileri Derne\u011fi<\/strong>\u00a0taraf\u0131ndan y\u0131l\u0131n her ay\u0131 d\u00fczenli olarak yay\u0131nlanan\u00a0<strong>\u0130n\u015faat Malzemeleri Sanayi Bile\u015fik Endeksi<\/strong>\u2019nin<strong>\u00a02021 Aral\u0131k 2021\u00a0<\/strong>sonu\u00e7lar\u0131 a\u00e7\u0131kland\u0131. 2021 Aral\u0131k ay\u0131nda da\u00a0d\u00fc\u015f\u00fc\u015f\u00fcn ya\u015fand\u0131\u011f\u0131 belirtilen\u00a0Bile\u015fik Endeks\u2019te \u015fu bilgiler bulunuyor:\u00a0Yeni ekonomi politikalar\u0131n\u0131n olu\u015fturdu\u011fu belirsizlik faaliyetlerde d\u00fc\u015f\u00fc\u015fe yol neden olurken, g\u00fcven ve beklentilerde de d\u00fc\u015f\u00fc\u015fler ya\u015fand\u0131. Bile\u015fik Endeks bu geli\u015fmelere ba\u011fl\u0131 olarak aral\u0131k ay\u0131nda da gerileme kaydetti ve\u00a0<strong>1,45<\/strong>\u00a0puan d\u00fc\u015f\u00fc\u015f ile\u00a0<strong>76,93&#8217;e<\/strong>\u00a0geriledi. Bile\u015fik Endeks 2020 aral\u0131k ay\u0131na g\u00f6re sadece\u00a0<strong>2,38<\/strong>\u00a0puan artt\u0131. 2021&#8217;de toparlanma kayededen Bile\u015fik Endeks, mevsimselli\u011fin de etkisi ile y\u0131l\u0131 gerileme ile kapatt\u0131.<\/p>\n<h2><strong>Faaliyetler 2021 aral\u0131kda sert d\u00fc\u015f\u00fc\u015f g\u00f6sterdi<\/strong><\/h2>\n<p>\u0130n\u015faat malzemeleri sanayi faaliyetleri aral\u0131k ay\u0131nda \u00f6nemli \u00f6l\u00e7\u00fcde geriledi. Geleneksel mevsimsellik etkileri g\u00f6r\u00fclmeye ba\u015flansa da esas olarak aral\u0131k ay\u0131nda ekonomide ya\u015fanan geli\u015fmeler ve finansal dalgalanmalar faaliyetleri olumsuz etkiledi. Artan riskler ve belirsizlikler ile i\u015fler aral\u0131k ay\u0131 boyunca duraklad\u0131. Faaliyet Endeksi aral\u0131k ay\u0131nda bir \u00f6nceki aya g\u00f6re\u00a0<strong>1,8<\/strong>\u00a0puan d\u00fc\u015ft\u00fc. T\u00fcm faaliyet gruplar\u0131nda gerilemeler ya\u015fand\u0131. B\u00f6ylece Faaliyet Endeksi h\u0131zl\u0131 bir toparlanma ya\u015fad\u0131\u011f\u0131 2021 y\u0131l\u0131n\u0131 sert bir gerileme ile kapad\u0131.<\/p>\n<p>Yurti\u00e7i sat\u0131\u015flar aral\u0131k ay\u0131nda \u00f6nemli bir \u00f6l\u00e7\u00fcde geriledi. \u0130hracat 2021 aral\u0131k ay\u0131nda uzun s\u00fcre sonra ilk defa d\u00fc\u015ft\u00fc. \u00dcretimde 2021 aral\u0131k ay\u0131nda gerileme ger\u00e7ekle\u015fti. \u00dcretim Endeksi\u2019nde uzun s\u00fcre sonra ilk defa y\u00fcksek bir gerileme ya\u015fand\u0131. Cirolar aral\u0131k ay\u0131nda kur ve fiyat art\u0131\u015flar\u0131 ile geni\u015fledi.<\/p>\n<h2><strong>K\u0131r\u0131lgan olan G\u00fcven Endeksi belirsizlikler ile aral\u0131k ay\u0131nda da geriledi \u00a0<\/strong><\/h2>\n<p>G\u00fcven Endeksi 2021 aral\u0131k ay\u0131nda d\u00fc\u015f\u00fc\u015f g\u00f6sterdi. 2021 Aral\u0131k ay\u0131 boyunca ya\u015fanan ekonomik ve finansal dalgalanmalar ile i\u00e7 pazardaki duraklama g\u00fcven kayb\u0131na yol a\u00e7t\u0131. Faaliyetlerdeki dura\u011fanla\u015fma ve artan belirsizlikler g\u00fcveni olumsuz etkiledi. G\u00fcven seviyesi aral\u0131k ay\u0131nda bir \u00f6nceki aya g\u00f6re\u00a0<strong>0,97<\/strong>\u00a0puan azald\u0131. 2021&#8217;de k\u0131r\u0131lgan bir iyile\u015fme g\u00f6steren G\u00fcven Endeksi 2021 y\u0131l\u0131n\u0131 gerileme ile kapad\u0131.<\/p>\n<p>T\u00fcrkiye ekonomisine ili\u015fkin g\u00fcven seviyesi geriledi. \u0130n\u015faat sekt\u00f6r\u00fcnde ve in\u015faat malzemeleri sanayisinde g\u00fcven d\u00fc\u015f\u00fc\u015f g\u00f6sterdi. Yurti\u00e7i pazarlarda g\u00fcven aral\u0131k ay\u0131nda da azald\u0131. \u0130hracat pazarlar\u0131na olan g\u00fcven aral\u0131k ay\u0131nda uzun s\u00fcre sonra ilk kez d\u00fc\u015ft\u00fc.<\/p>\n<h2><strong>Yurt i\u00e7i sipari\u015flerde d\u00fc\u015f\u00fc\u015f olurken yurt d\u0131\u015f\u0131 sipari\u015flerde s\u0131n\u0131rl\u0131 art\u0131\u015f oldu\u00a0<\/strong><\/h2>\n<p>Beklenti Endeksi aral\u0131k ay\u0131nda geriledi. Ekonomiye ve sekt\u00f6re y\u00f6nelik alt g\u00f6stergeler gerilerken i\u00e7 ve d\u0131\u015f pazar beklentilerinde de d\u00fc\u015f\u00fc\u015fler g\u00f6r\u00fcld\u00fc. D\u00fc\u015f\u00fc\u015fler b\u00fcy\u00fck \u00f6l\u00e7\u00fcde piyasalarda ya\u015fanmaya ba\u015flanan duraklama, belirsizlikler ve dalgalanmalardan kaynakland\u0131. Beklenti Endeksi aral\u0131k ay\u0131nda bir \u00f6nceki aya g\u00f6re\u00a0<strong>1,4<\/strong>\u00a0puan d\u00fc\u015ft\u00fc. B\u00f6ylece Beklenti Endeksi y\u0131l\u0131 gerileme ile kapatt\u0131.<\/p>\n<p>T\u00fcrkiye ekonomisine ili\u015fkin beklentilerde d\u00fc\u015f\u00fc\u015f oldu. Yeni ekonomi politikas\u0131 belirsizli\u011fi d\u00fc\u015f\u00fc\u015fte etkili oldu. \u00d6n\u00fcm\u00fczdeki \u00fc\u00e7 aya ili\u015fkin al\u0131nan yurt i\u00e7i sipari\u015fler geriledi. Y\u00fcksek maliyet ve fiyat art\u0131\u015flar\u0131 i\u00e7 pazarda sipari\u015flerde gerilemeye yol a\u00e7t\u0131. \u00d6n\u00fcm\u00fczdeki \u00fc\u00e7 aya ili\u015fkin al\u0131nan ihracat sipari\u015fleri aral\u0131k ay\u0131nda s\u0131n\u0131rl\u0131 bir art\u0131\u015f g\u00f6sterdi. Aral\u0131k ay\u0131nda fiyatlama zorluklar\u0131 devam etti. \u00d6n\u00fcm\u00fczdeki \u00fc\u00e7 ay\u0131n \u00fcretim beklentisi aral\u0131k ay\u0131nda geriledi. \u0130\u00e7 sipari\u015flerdeki azalma \u00fcretim beklentisinde d\u00fc\u015f\u00fc\u015fe yol a\u00e7t\u0131. \u00a0Beklentilerde temel belirleyici yeni ekonomi politikas\u0131n\u0131n yaratt\u0131\u011f\u0131 bilinmezler ve belirsizlikler oldu. Belirsizlikler kalkmadan beklentilerin zay\u0131f kalmaya devam edece\u011fi \u00f6ng\u00f6r\u00fcl\u00fcyor.<\/p>\n","protected":false},"excerpt":{"rendered":"<p>T\u00fcrkiye \u0130MSAD&#8217;\u0131n haz\u0131rlad\u0131\u011f\u0131 \u0130n\u015faat Malzemeleri Sanayi Bile\u015fik Endeksi 2021 aral\u0131k ay\u0131 sonu\u00e7lar\u0131n\u0131 a\u00e7\u0131klad\u0131. Bile\u015fik Endeks, 2021 aral\u0131k ay\u0131nda 1,45 puanl\u0131k bir d\u00fc\u015f\u00fc\u015f kaydederek 76,93 puana inerken, mevsimselli\u011fin de etkisi ile seneyi gerilemeyle kapatt\u0131.\u00a0 T\u00fcrkiye \u0130n\u015faat Malzemesi Sanayicileri Derne\u011fi\u00a0taraf\u0131ndan y\u0131l\u0131n her ay\u0131 d\u00fczenli olarak yay\u0131nlanan\u00a0\u0130n\u015faat Malzemeleri Sanayi Bile\u015fik Endeksi\u2019nin\u00a02021 Aral\u0131k 2021\u00a0sonu\u00e7lar\u0131 a\u00e7\u0131kland\u0131. 2021 Aral\u0131k ay\u0131nda da\u00a0d\u00fc\u015f\u00fc\u015f\u00fcn [&hellip;]<\/p>\n","protected":false},"author":1,"featured_media":31687,"comment_status":"open","ping_status":"open","sticky":false,"template":"","format":"standard","meta":{"ngg_post_thumbnail":0},"categories":[1,5388],"tags":[8735,67],"_links":{"self":[{"href":"https:\/\/emlaktuel.com\/index.php?rest_route=\/wp\/v2\/posts\/37666"}],"collection":[{"href":"https:\/\/emlaktuel.com\/index.php?rest_route=\/wp\/v2\/posts"}],"about":[{"href":"https:\/\/emlaktuel.com\/index.php?rest_route=\/wp\/v2\/types\/post"}],"author":[{"embeddable":true,"href":"https:\/\/emlaktuel.com\/index.php?rest_route=\/wp\/v2\/users\/1"}],"replies":[{"embeddable":true,"href":"https:\/\/emlaktuel.com\/index.php?rest_route=%2Fwp%2Fv2%2Fcomments&post=37666"}],"version-history":[{"count":1,"href":"https:\/\/emlaktuel.com\/index.php?rest_route=\/wp\/v2\/posts\/37666\/revisions"}],"predecessor-version":[{"id":37668,"href":"https:\/\/emlaktuel.com\/index.php?rest_route=\/wp\/v2\/posts\/37666\/revisions\/37668"}],"wp:featuredmedia":[{"embeddable":true,"href":"https:\/\/emlaktuel.com\/index.php?rest_route=\/wp\/v2\/media\/31687"}],"wp:attachment":[{"href":"https:\/\/emlaktuel.com\/index.php?rest_route=%2Fwp%2Fv2%2Fmedia&parent=37666"}],"wp:term":[{"taxonomy":"category","embeddable":true,"href":"https:\/\/emlaktuel.com\/index.php?rest_route=%2Fwp%2Fv2%2Fcategories&post=37666"},{"taxonomy":"post_tag","embeddable":true,"href":"https:\/\/emlaktuel.com\/index.php?rest_route=%2Fwp%2Fv2%2Ftags&post=37666"}],"curies":[{"name":"wp","href":"https:\/\/api.w.org\/{rel}","templated":true}]}}