{"id":37588,"date":"2022-01-14T13:41:01","date_gmt":"2022-01-14T10:41:01","guid":{"rendered":"https:\/\/emlaktuel.com\/?p=37588"},"modified":"2022-01-14T13:41:01","modified_gmt":"2022-01-14T10:41:01","slug":"ihsan-culhalik-tuketicilerin-alim-gucune-uygun-odeme-planlari-olusturulmali","status":"publish","type":"post","link":"https:\/\/emlaktuel.com\/?p=37588","title":{"rendered":"\u0130hsan \u00c7ulhal\u0131k: T\u00fcketicilerin al\u0131m g\u00fcc\u00fcne uygun \u00f6deme planlar\u0131 olu\u015fturulmal\u0131"},"content":{"rendered":"<p style=\"font-weight: 400;\">T\u00dc\u0130K Aral\u0131k ay\u0131 konut sat\u0131\u015flar\u0131 istatistikleri bug\u00fcn duyuruldu. Buna g\u00f6re;<\/p>\n<p style=\"font-weight: 400;\">&#8211; T\u00fcrkiye genelinde konutlar\u0131n sat\u0131\u015f\u0131 2021 aral\u0131k ay\u0131nda bir \u00f6nceki seneni ayn\u0131 ay\u0131na g\u00f6re y\u00fczde 113,7 artarak 226 bin 503 oldu.<\/p>\n<p style=\"font-weight: 400;\">&#8211; T\u00fcrkiye&#8217;de 2021 aral\u0131k ay\u0131nda ipotekli konut sat\u0131\u015flar\u0131 bir \u00f6nceki y\u0131l\u0131n ayn\u0131 ay\u0131na g\u00f6re y\u00fczde 209,3 art\u0131\u015f g\u00f6stererek 45 bin 260 oldu.<\/p>\n<p style=\"font-weight: 400;\">&#8211; Yabanc\u0131lara yap\u0131lan konut sat\u0131\u015f\u0131 ise bir \u00f6nceki 2021 y\u0131l\u0131n\u0131n ayn\u0131 ay\u0131na g\u00f6re y\u00fczde 43,5 artarak 58 bin 576 oldu.<\/p>\n<p style=\"font-weight: 400;\"><u>T\u00dc\u0130K 2021 Aral\u0131k ay\u0131 Konut Sat\u0131\u015f \u0130statistikleri\u2019nden yola \u00e7\u0131kan in\u015faat sekt\u00f6r\u00fc temsilcilerinden\u00a0<\/u><em><u>\u0130hsan \u00c7ulhal\u0131k \/ \u0130nsay Yap\u0131 Y\u00f6netim Kurulu Ba\u015fkan\u0131 konu ile ilgil \u015fu g\u00f6r\u00fc\u015flerini dile getirdi:<\/u><\/em><\/p>\n<h2><strong>\u201cT\u00fcketicilerin al\u0131m g\u00fcc\u00fcne uygun \u00f6deme planlar\u0131 olu\u015fturulmal\u0131\u201d<\/strong><\/h2>\n<p>2021 senesini ola\u011fan\u00fcst\u00fc \u015fartlar alt\u0131nda geride b\u0131rakt\u0131k. Gerek pandemi nedeni ile gerekse ekonomik \u00e7alkant\u0131larla her t\u00fcrl\u00fc olumsuz geli\u015fmeye ra\u011fmen sekt\u00f6r\u00fcm\u00fcz, 2021 y\u0131l\u0131 olumlu veriler ile kapatmay\u0131 ba\u015fard\u0131. Bundan sonra \u00f6n\u00fcm\u00fcze bakaca\u011f\u0131z. Bundan sonras\u0131 i\u00e7in konut fiyatlar\u0131ndaki art\u0131\u015f ka\u00e7\u0131n\u0131lmaz olacak. \u0130n\u015faat\u00e7\u0131lar i\u00e7in art\u0131k \u00f6nemli olan konut \u00fcretimine yo\u011funla\u015fmak olacak. Arsay\u0131 en iyi \u015fartlarda projelendirmek, uygun \u015fartlarda pazarlamak, sat\u0131\u015f sonras\u0131nda en iyi hizmeti vermek \u00f6nem ta\u015f\u0131yacak. Bu y\u0131l, ge\u00e7en y\u0131l ertelenen projeler y\u00fcksek maliyet art\u0131\u015f\u0131na ba\u011fl\u0131 olarak daha y\u00fcksek fiyattan arz edilecek. Bu fiyat art\u0131\u015f\u0131 da ister istemez t\u00fcketiciye yans\u0131yacak. \u00dcreticiler de bu do\u011frultuda t\u00fcketicinin al\u0131m g\u00fcc\u00fcne uygun kademeli fiyat art\u0131\u015f\u0131 ve \u00f6deme planlar\u0131 haz\u0131rlayarak faaliyetlerini s\u00fcrd\u00fcrecek.<\/p>\n","protected":false},"excerpt":{"rendered":"<p>T\u00dc\u0130K Aral\u0131k ay\u0131 konut sat\u0131\u015flar\u0131 istatistikleri bug\u00fcn duyuruldu. Buna g\u00f6re; &#8211; T\u00fcrkiye genelinde konutlar\u0131n sat\u0131\u015f\u0131 2021 aral\u0131k ay\u0131nda bir \u00f6nceki seneni ayn\u0131 ay\u0131na g\u00f6re y\u00fczde 113,7 artarak 226 bin 503 oldu. &#8211; T\u00fcrkiye&#8217;de 2021 aral\u0131k ay\u0131nda ipotekli konut sat\u0131\u015flar\u0131 bir \u00f6nceki y\u0131l\u0131n ayn\u0131 ay\u0131na g\u00f6re y\u00fczde 209,3 art\u0131\u015f g\u00f6stererek 45 bin 260 oldu. &#8211; Yabanc\u0131lara [&hellip;]<\/p>\n","protected":false},"author":1,"featured_media":17045,"comment_status":"open","ping_status":"open","sticky":false,"template":"","format":"standard","meta":{"ngg_post_thumbnail":0},"categories":[5388],"tags":[15815,5651,1070,1065],"_links":{"self":[{"href":"https:\/\/emlaktuel.com\/index.php?rest_route=\/wp\/v2\/posts\/37588"}],"collection":[{"href":"https:\/\/emlaktuel.com\/index.php?rest_route=\/wp\/v2\/posts"}],"about":[{"href":"https:\/\/emlaktuel.com\/index.php?rest_route=\/wp\/v2\/types\/post"}],"author":[{"embeddable":true,"href":"https:\/\/emlaktuel.com\/index.php?rest_route=\/wp\/v2\/users\/1"}],"replies":[{"embeddable":true,"href":"https:\/\/emlaktuel.com\/index.php?rest_route=%2Fwp%2Fv2%2Fcomments&post=37588"}],"version-history":[{"count":1,"href":"https:\/\/emlaktuel.com\/index.php?rest_route=\/wp\/v2\/posts\/37588\/revisions"}],"predecessor-version":[{"id":37589,"href":"https:\/\/emlaktuel.com\/index.php?rest_route=\/wp\/v2\/posts\/37588\/revisions\/37589"}],"wp:featuredmedia":[{"embeddable":true,"href":"https:\/\/emlaktuel.com\/index.php?rest_route=\/wp\/v2\/media\/17045"}],"wp:attachment":[{"href":"https:\/\/emlaktuel.com\/index.php?rest_route=%2Fwp%2Fv2%2Fmedia&parent=37588"}],"wp:term":[{"taxonomy":"category","embeddable":true,"href":"https:\/\/emlaktuel.com\/index.php?rest_route=%2Fwp%2Fv2%2Fcategories&post=37588"},{"taxonomy":"post_tag","embeddable":true,"href":"https:\/\/emlaktuel.com\/index.php?rest_route=%2Fwp%2Fv2%2Ftags&post=37588"}],"curies":[{"name":"wp","href":"https:\/\/api.w.org\/{rel}","templated":true}]}}