{"id":37566,"date":"2022-01-13T11:50:06","date_gmt":"2022-01-13T08:50:06","guid":{"rendered":"https:\/\/emlaktuel.com\/?p=37566"},"modified":"2022-01-13T11:50:06","modified_gmt":"2022-01-13T08:50:06","slug":"binalarda-isi-yalitimi-sayesinde-%50-enerji-tasarrufu-yapabilirsiniz","status":"publish","type":"post","link":"https:\/\/emlaktuel.com\/?p=37566","title":{"rendered":"Binalarda \u0131s\u0131 yal\u0131t\u0131m\u0131 sayesinde %50 enerji tasarrufu yapabilirsiniz"},"content":{"rendered":"<p><strong>K\u00fcresel iklim de\u011fi\u015fikli\u011finin etkilerini ya\u015famaya ba\u015flad\u0131k. Devletler, karbon emisyonlar\u0131n\u0131 azaltabilmek i\u00e7in yeni hedef ve planlar\u0131n\u0131 duyururken, bu hedeflere ula\u015fmak i\u00e7in enerji verimlili\u011fi kritik \u00f6nem ta\u015f\u0131yor. Ara\u015ft\u0131rmalara g\u00f6re,\u00a0<\/strong><strong>T\u00fcrkiye\u2019de enerjinin y\u00fczde 33\u2019\u00fc binalarda kullan\u0131l\u0131rken, yal\u0131t\u0131ms\u0131z binalarda enerjinin y\u00fczde 80\u2019i \u0131s\u0131tma-so\u011futmaya harcan\u0131yor.<\/strong><strong>\u00a0Avrupa\u2019n\u0131n Mantolama Devi Baumit, \u00a0 hayat\u0131m\u0131z\u0131n \u00e7o\u011funu ge\u00e7irdi\u011fimiz binalarda yenilik\u00e7i \u0131s\u0131 yal\u0131t\u0131m\u0131 uygulamas\u0131 ile enerji t\u00fcketiminin y\u00fczde 50 oran\u0131nda azalt\u0131labilece\u011fine dikkat \u00e7ekiyor.<\/strong><\/p>\n<p>Her y\u0131l 11-18 Ocak tarihleri Enerji Verimlili\u011fi Haftas\u0131 olarak kutlan\u0131yor. Enerji kaynaklar\u0131n\u0131n k\u0131s\u0131tl\u0131 olmas\u0131 ve bu kaynaklar\u0131 bilin\u00e7siz ve verimsiz kullanman\u0131n iklim de\u011fi\u015fikli\u011fine olan etkileri nedeniyle hemen her alanda enerji tasarrufu yapmak kritik \u00f6nem ta\u015f\u0131yor. D\u00fcnyada enerji t\u00fcketiminin yakla\u015f\u0131k y\u00fczde 40\u2019\u0131ndan, karbondioksit sal\u0131m\u0131n\u0131n ise y\u00fczde 36\u2019s\u0131ndan sorumlu olan binalarda yenilik\u00e7i \u0131s\u0131 yal\u0131t\u0131m\u0131 uygulamalar\u0131 ile enerji t\u00fcketiminde y\u00fczde 50\u2019lere varan oranlarda tasarruf sa\u011fl\u0131yor. Avrupa\u2019n\u0131n Mantolama Devi Baumit, \u0131s\u0131 yal\u0131t\u0131m\u0131n\u0131n k\u00fcresel \u0131s\u0131nma ve \u00e7evre felaketlerine kar\u015f\u0131 al\u0131nabilecek bireysel \u00f6nlemlerin de ba\u015f\u0131nda geldi\u011fine dikkat \u00e7ekiyor.<\/p>\n<p><strong>Baumit T\u00fcrkiye Sat\u0131\u015f ve Pazarlama Direkt\u00f6r\u00fc Erdil Din\u00e7er<\/strong><strong>\u00a0<\/strong>yal\u0131t\u0131ms\u0131z binalarda enerjinin y\u00fczde 80\u2019inin \u0131s\u0131tma ve so\u011futmaya harcand\u0131\u011f\u0131n\u0131 belirterek, \u201c<em>Is\u0131 yal\u0131t\u0131m\u0131, d\u00fcnyam\u0131za, \u00e7evremize ve gelecek nesillere olan sorumlulu\u011fumuz d\u00fc\u015f\u00fcn\u00fcld\u00fc\u011f\u00fcnde art\u0131k bir zorunluluk haline gelmi\u015ftir.<\/em>\u00a0<em>Bug\u00fcn d\u00fcnyam\u0131z\u0131n en b\u00fcy\u00fck sorunu olan k\u00fcresel \u0131s\u0131nma ve iklim de\u011fi\u015fikli\u011finin ana sebeplerinden olan sera gaz\u0131 emisyonlar\u0131, \u0131s\u0131 yal\u0131t\u0131m\u0131 ile azalt\u0131labilir. Ayn\u0131 zamanda \u0131s\u0131 yal\u0131t\u0131m\u0131 dengeli bir i\u00e7 mek\u00e2n iklimi ile konfor sa\u011flar, ya\u015fad\u0131\u011f\u0131m\u0131z yerleri \u201csa\u011fl\u0131kl\u0131 ya\u015fam alan\u0131\u201d haline getirir. Ayr\u0131ca yap\u0131 ta\u015f\u0131y\u0131c\u0131 sistemini z\u0131rh gibi sararak bir kalkan g\u00f6revi g\u00f6r\u00fcr ve yap\u0131n\u0131n \u00f6mr\u00fcn\u00fc uzat\u0131r.<\/em>\u00a0<em>Enerji verimlili\u011fi denince \u0131s\u0131 yal\u0131t\u0131m\u0131 ilk akla gelen konu olmal\u0131d\u0131r. Baumit olarak, insanlar\u0131n sa\u011fl\u0131kl\u0131, enerji a\u00e7\u0131s\u0131ndan verimli ve g\u00fczel yap\u0131larda ya\u015famas\u0131n\u0131 istiyoruz. Bu yakla\u015f\u0131mla, herkesi s\u00fcrd\u00fcr\u00fclebilir bir d\u00fcnya i\u00e7in kritik \u00f6nem ta\u015f\u0131yan \u0131s\u0131 yal\u0131t\u0131m\u0131 konusunda daha fazla duyarl\u0131 olmaya davet ediyoruz\u201d dedi.<\/em><\/p>\n<h2>Gelece\u011fimizi Mantoluyoruz projesi ile \u00e7ocuklar\u0131m\u0131z da bilin\u00e7leniyor<\/h2>\n<p>\u00c7ocuklar\u0131 da enerji tasarrufu ve \u0131s\u0131 yal\u0131t\u0131m\u0131 konusunda bilin\u00e7lendirmek i\u00e7in \u2018Gelece\u011fimizi Mantoluyoruz\u2019 sosyal sorumluluk projesini s\u00fcrd\u00fcren Baumit,\u00a02019\u2019da ba\u015flatt\u0131\u011f\u0131 proje kapsam\u0131nda \u00e7ocuklar\u0131k\u00fcresel \u0131s\u0131nma, buna ba\u011fl\u0131 iklim de\u011fi\u015fikli\u011fi ve \u0131s\u0131 yal\u0131t\u0131m\u0131 konusunda bilin\u00e7lendirirken, ihtiya\u00e7 sahibi \u00e7ocuklar\u0131 da montlarla bulu\u015fturuyor. T\u00fcrkiye \u00e7ap\u0131ndaki bayi a\u011f\u0131yla birlikte 20 bin \u00e7ocu\u011fa mont ba\u011f\u0131\u015flayan Baumit, daha \u00e7ok \u00e7ocu\u011fa ula\u015fma hedefiyle 2020 y\u0131l\u0131nda Ahbap Derne\u011fi ile i\u015f birli\u011fi yapt\u0131.<\/p>\n<p>&nbsp;<\/p>\n","protected":false},"excerpt":{"rendered":"<p>K\u00fcresel iklim de\u011fi\u015fikli\u011finin etkilerini ya\u015famaya ba\u015flad\u0131k. Devletler, karbon emisyonlar\u0131n\u0131 azaltabilmek i\u00e7in yeni hedef ve planlar\u0131n\u0131 duyururken, bu hedeflere ula\u015fmak i\u00e7in enerji verimlili\u011fi kritik \u00f6nem ta\u015f\u0131yor. Ara\u015ft\u0131rmalara g\u00f6re,\u00a0T\u00fcrkiye\u2019de enerjinin y\u00fczde 33\u2019\u00fc binalarda kullan\u0131l\u0131rken, yal\u0131t\u0131ms\u0131z binalarda enerjinin y\u00fczde 80\u2019i \u0131s\u0131tma-so\u011futmaya harcan\u0131yor.\u00a0Avrupa\u2019n\u0131n Mantolama Devi Baumit, \u00a0 hayat\u0131m\u0131z\u0131n \u00e7o\u011funu ge\u00e7irdi\u011fimiz binalarda yenilik\u00e7i \u0131s\u0131 yal\u0131t\u0131m\u0131 uygulamas\u0131 ile enerji t\u00fcketiminin y\u00fczde [&hellip;]<\/p>\n","protected":false},"author":1,"featured_media":37567,"comment_status":"open","ping_status":"open","sticky":false,"template":"","format":"standard","meta":{"ngg_post_thumbnail":0},"categories":[26],"tags":[14975,15807,11995],"_links":{"self":[{"href":"https:\/\/emlaktuel.com\/index.php?rest_route=\/wp\/v2\/posts\/37566"}],"collection":[{"href":"https:\/\/emlaktuel.com\/index.php?rest_route=\/wp\/v2\/posts"}],"about":[{"href":"https:\/\/emlaktuel.com\/index.php?rest_route=\/wp\/v2\/types\/post"}],"author":[{"embeddable":true,"href":"https:\/\/emlaktuel.com\/index.php?rest_route=\/wp\/v2\/users\/1"}],"replies":[{"embeddable":true,"href":"https:\/\/emlaktuel.com\/index.php?rest_route=%2Fwp%2Fv2%2Fcomments&post=37566"}],"version-history":[{"count":1,"href":"https:\/\/emlaktuel.com\/index.php?rest_route=\/wp\/v2\/posts\/37566\/revisions"}],"predecessor-version":[{"id":37568,"href":"https:\/\/emlaktuel.com\/index.php?rest_route=\/wp\/v2\/posts\/37566\/revisions\/37568"}],"wp:featuredmedia":[{"embeddable":true,"href":"https:\/\/emlaktuel.com\/index.php?rest_route=\/wp\/v2\/media\/37567"}],"wp:attachment":[{"href":"https:\/\/emlaktuel.com\/index.php?rest_route=%2Fwp%2Fv2%2Fmedia&parent=37566"}],"wp:term":[{"taxonomy":"category","embeddable":true,"href":"https:\/\/emlaktuel.com\/index.php?rest_route=%2Fwp%2Fv2%2Fcategories&post=37566"},{"taxonomy":"post_tag","embeddable":true,"href":"https:\/\/emlaktuel.com\/index.php?rest_route=%2Fwp%2Fv2%2Ftags&post=37566"}],"curies":[{"name":"wp","href":"https:\/\/api.w.org\/{rel}","templated":true}]}}