{"id":37517,"date":"2022-01-12T21:09:57","date_gmt":"2022-01-12T18:09:57","guid":{"rendered":"https:\/\/emlaktuel.com\/?p=37517"},"modified":"2022-01-12T22:36:54","modified_gmt":"2022-01-12T19:36:54","slug":"ziya-yilmaz-dap-bir-dunya-markasi-olacak","status":"publish","type":"post","link":"https:\/\/emlaktuel.com\/?p=37517","title":{"rendered":"Ziya Y\u0131lmaz: Dap bir d\u00fcnya markas\u0131 olacak"},"content":{"rendered":"<p class=\"td-post-sub-title\">DAP Holding&#8217;den, Portekiz&#8217;in ba\u015fkenti Lizbon&#8217;da yeni bir proje geli\u015ftirme planl\u0131 hayata ge\u00e7irilmeye \u00e7al\u0131\u015f\u0131l\u0131yor. Dap Holding, \u00f6n\u00fcm\u00fczdeki 5 y\u0131l i\u00e7in 35 milyar liral\u0131k yat\u0131r\u0131m ve yurt d\u0131\u015f\u0131na a\u00e7\u0131lma hedefi koydu.<\/p>\n<p>Zorluklarla atlatt\u0131\u011f\u0131m\u0131z 2021&#8217;i de\u011ferlendiren ve 5 y\u0131ll\u0131k hedeflerini a\u00e7\u0131klayan\u00a0<strong>DAP Holding Y\u00f6netim Kurulu Ba\u015fkan\u0131 Ziya Y\u0131lmaz<\/strong>, DAP\u2019\u0131 bir d\u00fcnya markas\u0131 yapaca\u011f\u0131z diyerek, ilk \u00e7al\u0131\u015fmalar\u0131na Portekiz&#8217;in ba\u015fkenti Lizbon\u2019da \u00e7al\u0131\u015fmalara ba\u015flad\u0131klar\u0131n\u0131 s\u00f6yledi. Kentlerin esteti\u011fine uyg\u0131n, \u00e7evreye, insana duyarl\u0131, d\u00f6nemin gerekli ihtyia\u00e7lar\u0131na cevap verebilecek ve 50 sene sonra bile de\u011ferlenebilecek projeler geli\u015ftirmeye devam edeceklerini s\u00f6yleyen Ziya Y\u0131lmaz a\u00e7\u0131klamalar\u0131na \u015f\u00f6yle devam etti:<\/p>\n<h2><strong>DAP, bir d\u00fcnya markas\u0131 olacak&#8230;<\/strong><\/h2>\n<p><em>\u201c\u00dclkemizde konut geli\u015ftirmede ciddi anlamda bir know-how olu\u015ftu. Biz art\u0131k T\u00fcrk markal\u0131 konut \u00fcreticileri vr geli\u015ftiricilerinin d\u00fcnyaya a\u00e7\u0131lmas\u0131n\u0131n gerekti\u011fini d\u00fc\u015f\u00fcn\u00fcyoruz. B\u00f6ylece buradan sa\u011flanacak kaynaklarla milli gelirimize katk\u0131 sa\u011flamay\u0131 hedefliyoruz. Bu \u00e7al\u0131\u015fmalarla DAP\u2019\u0131 bir d\u00fcnya markas\u0131 yapma vizyonuyla yurtd\u0131\u015f\u0131 pazarlarla ilgili analiz-ara\u015ft\u0131rma s\u00fcre\u00e7lerimiz devam ediyoruz. Bununla ilgili olarak da ilk \u00e7al\u0131\u015fmam\u0131za Portekiz\u2019in ba\u015fkenti Lizbon\u2019da ba\u015flad\u0131k.\u201d<\/em><\/p>\n<h2><strong>Gayrimenkul\u00fcn getirisi dolardan da fazla..<\/strong><\/h2>\n<p>\u201c<em>K\u00fcresel Konut Fiyat Endeksi\u2019nin \u00fc\u00e7\u00fcnc\u00fc \u00e7eyrek verilerine g\u00f6re, d\u00fcnyada konut fiyat\u0131 en \u00e7ok artan \u00fclke, y\u00fczde 35,5\u2019lik oranla T\u00fcrkiye. Bu veri bize \u015funu g\u00f6sterdi; T\u00fcketici, konut yat\u0131r\u0131m\u0131n\u0131n enflasyona kar\u015f\u0131 en g\u00fcvenli liman oldu\u011funun fark\u0131nda. \u00c7\u0131kan f\u0131rsatlar\u0131 ka\u00e7\u0131rmak istemiyor. Faizlerdeki d\u00fc\u015f\u00fc\u015f ve ihtiyaca cevap verecek nitelikteki konutlar da bu art\u0131\u015f ivmesini destekliyor.\u00a0<\/em><em>\u0130n\u015faat maliyetleri ve emtia fiyatlar\u0131, dolardan daha h\u0131zl\u0131 bir y\u00fckseli\u015f g\u00f6sterdi. Bu a\u00e7\u0131dan, dolara yat\u0131r\u0131m yapan i\u00e7in bile emtiaya oranla ciddi bir kay\u0131p s\u00f6z konusu. Gayrimenkulun getirisi ise, hem emtia hem de dolardan \u00e7ok daha fazla bir prime imza att\u0131.\u00a0<\/em><em>Daha pandeminin en ba\u015f\u0131nda \u00c7ekmek\u00f6y\u2019de hayata ge\u00e7irdi\u011fimiz Ormank\u00f6y projesi, 10 bin TL metrekare fiyatla sat\u0131\u015fa ba\u015flam\u0131\u015ft\u0131. Aradan ge\u00e7en 1.5 y\u0131lda y\u00fczde 350 civar\u0131nda art\u0131\u015fla metrekaresi 35 binlik fiyatlar g\u00f6r\u00fcl\u00fcyor. Yine devam eden bir ba\u015fka projemiz olan Ni\u015fanta\u015f\u0131 Koru\u2019da ilk alanlar\u0131n, proje bitti\u011finde yat\u0131r\u0131mlar\u0131n\u0131 yine \u00fc\u00e7e katlam\u0131\u015f olmas\u0131n\u0131 bekliyoruz. Yine Levent\u2019teki projemizde de buna benzer bir tablo olu\u015faca\u011f\u0131n\u0131 tahmin ediyoruz. \u00a0\u00d6zetle, k\u0131sa vadede konut, arz talep dengesine g\u00f6re dura\u011fan bir d\u00f6nem ya\u015fayabilir. Ama orta ve uzun vadede, maliyet art\u0131\u015f\u0131, arz\u0131n d\u00fc\u015fmesi gibi etkenlerle dolar\u0131n \u00e7ok \u00fczerinde bir art\u0131\u015f ya\u015fayabilir. Dolay\u0131s\u0131yla, d\u00f6vizde d\u00f6nemsel y\u00fckseli\u015fler her zaman olur. Fakat 10-20 y\u0131ll\u0131k vadede konutun kazand\u0131rd\u0131\u011f\u0131n\u0131 hi\u00e7bir yat\u0131r\u0131m arac\u0131 kazand\u0131ramaz.\u201d<\/em><\/p>\n<h2><strong>Ev almak i\u00e7in en iyi ve do\u011fru zamanday\u0131z..<\/strong><\/h2>\n<div>\n<div id=\"contextual\">\n<p><em>\u201cT\u00fcrkiye\u2019de belirli aral\u0131klarla \u2018balon\u2019 tart\u0131\u015fmalar\u0131na \u015fahit oluyoruz. Birileri de istemeyerek de olsa bu k\u00f6t\u00fc niyetli tart\u0131\u015fmalar\u0131n pe\u015finden ko\u015fuyor. Bug\u00fcn gelinen noktada ise olan, ev almak isteyip de bu tart\u0131\u015fmalardan etkilenen vatanda\u015fa oldu. Bu kesim, vatanda\u015f\u0131n ev sahibi olmas\u0131 resmen engelledi. Ge\u00e7en y\u0131l da s\u00f6yledim, \u00f6nceki y\u0131llarda da s\u00fcrekli alt\u0131n\u0131 \u00e7izdim: Konut almak i\u00e7in en do\u011fru zaman i\u00e7inde bulundu\u011fumuz zaman\u2026\u201d<\/em><\/p>\n<h2><strong>Projelerimizle pandemide bile \u00fcst \u00fcste 2 y\u0131l ciro \u015fampiyonu olduk<\/strong><\/h2>\n<p><em>\u201cPandemi d\u00f6neminde insanlar\u0131n hem ye\u015fil alana yak\u0131n, hem de \u015fehrin i\u00e7inde ya\u015fama iste\u011fi artt\u0131. Bu s\u00fcre\u00e7te konut almak ya da evini de\u011fi\u015ftirmek isteyenler az katl\u0131, m\u00fcmk\u00fcnse bah\u00e7eli, geni\u015f balkonlu \u2018sa\u011fl\u0131kl\u0131 evler\u2019e ciddi bir talep olu\u015fturdu. T\u00fcm bu talepler konut sat\u0131\u015f adetlerinde yeni bir rekor k\u0131r\u0131lmas\u0131na yol a\u00e7t\u0131. DAP \u00f6zelinde konu\u015facak olursak; gerek \u00c7ekmek\u00f6y\u2019deki Ormank\u00f6y projesi, gerekse Ni\u015fanta\u015f\u0131 projelerimiz, \u00fcst \u00fcste iki y\u0131l has\u0131lat \u015fampiyonu oldu.\u00a0<\/em><em>DAP olarak i\u015f bitirme becerileri, erken teslim gelene\u011fi ve d\u00f6nemin ko\u015fullar\u0131na uygun stratejik projeleriyle sekt\u00f6re y\u00f6n vermeye devam ediyoruz. Sadece ge\u00e7en y\u0131l 1.000 konutun teslimini ger\u00e7ekle\u015ftirdik. Bu y\u0131l da yine 1.000 konutun teslimini ger\u00e7ekle\u015ftirece\u011fiz.\u201d<\/em><\/p>\n<div class=\"entry-content no-share\">\n<div class=\"content-inner \">\n<h2><b>Levent, Beykoz, Pendik ve \u0130zmir&#8217;de yeni proje geliyor<\/b><\/h2>\n<p>DAP Holding\u2019in 5 y\u0131ll\u0131k planlamas\u0131nda hayata ge\u00e7irecekleri projeler hakk\u0131nda Ziya Y\u0131lmaz, \u015f\u00f6yle a\u00e7\u0131klamalarda bulunda: <em>\u201c\u00c7ok g\u00fc\u00e7l\u00fc bir \u00f6zsermaye yap\u0131m\u0131z var. Proje geli\u015ftirdi\u011fimiz b\u00f6lgelerde bilimsel \u00e7al\u0131\u015farak verileri i\u015fliyor, arz ve talep dengesini iyi analiz ediyor, yat\u0131r\u0131mlar\u0131m\u0131z\u0131 bu disiplinle \u015fekillendiriyoruz. \u0130zmir\u2019de Mavi\u015fehir ve \u00c7e\u015fme\u2019de \u00fc\u00e7 b\u00fcy\u00fck araziyi portf\u00f6y\u00fcm\u00fcze eklemi\u015ftik. \u0130stanbul\u2019da ise Beykoz ve Pendik\u2019te de arsa stokumuz var. Levent\u2019te yeni yat\u0131r\u0131m\u0131m\u0131z\u0131 da ekledi\u011fimizde, DAP markas\u0131 olarak kendimize 5 y\u0131lda 35 milyar TL\u2019lik yat\u0131r\u0131m hedefi koyduk.\u201d<\/em><\/p>\n<h2><b>Konut faizleri d\u00fc\u015ferse sat\u0131\u015f 1,5 milyonu bulur<\/b><\/h2>\n<div>Kamunun da deste\u011fi ile kredi faizlerinde geri \u00e7ekilme olursa sat\u0131\u015flar\u0131n da y\u00fckselece\u011fi \u00f6ng\u00f6r\u00fcs\u00fcnde bulunan Ziya Y\u0131lmaz, \u201cFaizler y\u00fczde 1 seviyesinin alt\u0131na inerse, konut sat\u0131\u015flar\u0131 1,5 milyonu bulur\u201d dedi. \u0130stanbul\u2019un konut ihtiyac\u0131n\u0131n\u00a0yakla\u015f\u0131k 120 bin konut oldu\u011funu ifade eden Ziya Y\u0131lmaz, yine 1 miyon 100 bin depreme dayan\u0131ks\u0131z konutun da yenilenmesi gerekti\u011finin alt\u0131n\u0131 \u00e7izerek, yabanc\u0131 sat\u0131\u015flar\u0131n\u0131n da bu y\u0131l 50 bini a\u015faca\u011f\u0131n\u0131 tahmin eden Y\u0131lmaz, \u201cBence yabanc\u0131ya sat\u0131\u015f as\u0131l bu sene patlar. \u0130stanbul\u2019da 30 bini ge\u00e7eriz\u201d \u015feklinde konu\u015ftu.<\/div>\n<h2><b>Y\u00fcksek katl\u0131 konutlara talep d\u00fc\u015ft\u00fc<\/b><\/h2>\n<p>Pandemiyle insanlar\u0131n art\u0131k, al\u00e7ak katl\u0131, ye\u015fili i\u00e7inde bar\u0131nd\u0131ran, bah\u00e7eli ve balkonlu projeler istedi\u011fini s\u00f6yleyen Y\u0131lmaz, \u201cArt\u0131k 1+1\u2019de yar\u0131m oda, 2+1\u2019de en az 3-4 ki\u015finin oturabilece\u011fi, 3+1\u2019de bir oda b\u00fcy\u00fckl\u00fc\u011f\u00fcnde balkon veriyoruz. Eskiden yat\u0131r\u0131ml\u0131k oran\u0131 y\u00fczde 60-70 seviyesindeydi. \u015eimdi neredeyse tamam\u0131 oturuma y\u00f6nelik. \u0130nan\u0131lmaz \u015fekilde talep oluyor\u201d de\u011ferlendirmesi yapt\u0131.<\/p>\n<h2><b>Fiyatlar\u0131n d\u00fc\u015fme imkan\u0131 yok<\/b><\/h2>\n<p>Konut talebinin y\u00fczde 300 artt\u0131\u011f\u0131n\u0131 s\u00f6yleyen Ziya Y\u0131lmaz, \u015f\u00f6yle devam etti: \u201cKonutta balon var, fiyatlar inecek diyen, hayat\u0131nda iki \u015fantiye gezmemi\u015f bir tu\u011fla koymam\u0131\u015f olanlar, insanlar\u0131n daire almamas\u0131na neden oldu. Ancak d\u00fcnyada emtiya art\u0131yor, fiyatlar art\u0131k gerilemez. Bug\u00fcn konut alan gelecek aya k\u0131yasla \u00e7ok daha uygun fiyata konut a\u015fm\u0131\u015f oluyor. Konut, dolardan da emtialardan da daha fazla prim yapt\u0131.\u201d<\/p>\n<div><\/div>\n<\/div>\n<\/div>\n<div class=\"jeg_share_bottom_container\"><\/div>\n<div class=\"jeg_ad jeg_article jnews_content_bottom_ads \">\n<div class=\"ads-wrapper  \"><\/div>\n<\/div>\n<div class=\"jnews_prev_next_container\"><\/div>\n<div class=\"jnews_author_box_container \"><\/div>\n<div class=\"jnews_related_post_container\">\n<div class=\"jeg_postblock_22 jeg_postblock jeg_module_hook jeg_pagination_scrollload jeg_col_2o3 jnews_module_64416_0_61deed5a96a2a   \" data-unique=\"jnews_module_64416_0_61deed5a96a2a\">\n<div class=\"jeg_block_heading jeg_block_heading_6 jeg_subcat_right\"><\/div>\n<\/div>\n<\/div>\n<\/div>\n<\/div>\n<div class=\"td-a-rec td-a-rec-id-content_bottom tdi_1_6c4 td_block_template_1\">\n<div id=\"wpcf7-f167807-p256297-o1\" class=\"wpcf7\" dir=\"ltr\" lang=\"tr-TR\" role=\"form\">\n<div class=\"screen-reader-response\"><\/div>\n<form class=\"wpcf7-form init\" action=\"https:\/\/www.emlakdream.com\/ziya-yilmaz-dapi-bir-dunya-markasi-yapacagiz\/#wpcf7-f167807-p256297-o1\" method=\"post\" novalidate=\"novalidate\" data-status=\"init\"><\/form>\n<\/div>\n<\/div>\n<div class=\"td-module-meta-info\"><\/div>\n","protected":false},"excerpt":{"rendered":"<p>DAP Holding&#8217;den, Portekiz&#8217;in ba\u015fkenti Lizbon&#8217;da yeni bir proje geli\u015ftirme planl\u0131 hayata ge\u00e7irilmeye \u00e7al\u0131\u015f\u0131l\u0131yor. Dap Holding, \u00f6n\u00fcm\u00fczdeki 5 y\u0131l i\u00e7in 35 milyar liral\u0131k yat\u0131r\u0131m ve yurt d\u0131\u015f\u0131na a\u00e7\u0131lma hedefi koydu. Zorluklarla atlatt\u0131\u011f\u0131m\u0131z 2021&#8217;i de\u011ferlendiren ve 5 y\u0131ll\u0131k hedeflerini a\u00e7\u0131klayan\u00a0DAP Holding Y\u00f6netim Kurulu Ba\u015fkan\u0131 Ziya Y\u0131lmaz, DAP\u2019\u0131 bir d\u00fcnya markas\u0131 yapaca\u011f\u0131z diyerek, ilk \u00e7al\u0131\u015fmalar\u0131na Portekiz&#8217;in ba\u015fkenti Lizbon\u2019da [&hellip;]<\/p>\n","protected":false},"author":1,"featured_media":23251,"comment_status":"open","ping_status":"open","sticky":false,"template":"","format":"standard","meta":{"ngg_post_thumbnail":0},"categories":[221],"tags":[82,11483,15781,1275,15664,301],"_links":{"self":[{"href":"https:\/\/emlaktuel.com\/index.php?rest_route=\/wp\/v2\/posts\/37517"}],"collection":[{"href":"https:\/\/emlaktuel.com\/index.php?rest_route=\/wp\/v2\/posts"}],"about":[{"href":"https:\/\/emlaktuel.com\/index.php?rest_route=\/wp\/v2\/types\/post"}],"author":[{"embeddable":true,"href":"https:\/\/emlaktuel.com\/index.php?rest_route=\/wp\/v2\/users\/1"}],"replies":[{"embeddable":true,"href":"https:\/\/emlaktuel.com\/index.php?rest_route=%2Fwp%2Fv2%2Fcomments&post=37517"}],"version-history":[{"count":5,"href":"https:\/\/emlaktuel.com\/index.php?rest_route=\/wp\/v2\/posts\/37517\/revisions"}],"predecessor-version":[{"id":37536,"href":"https:\/\/emlaktuel.com\/index.php?rest_route=\/wp\/v2\/posts\/37517\/revisions\/37536"}],"wp:featuredmedia":[{"embeddable":true,"href":"https:\/\/emlaktuel.com\/index.php?rest_route=\/wp\/v2\/media\/23251"}],"wp:attachment":[{"href":"https:\/\/emlaktuel.com\/index.php?rest_route=%2Fwp%2Fv2%2Fmedia&parent=37517"}],"wp:term":[{"taxonomy":"category","embeddable":true,"href":"https:\/\/emlaktuel.com\/index.php?rest_route=%2Fwp%2Fv2%2Fcategories&post=37517"},{"taxonomy":"post_tag","embeddable":true,"href":"https:\/\/emlaktuel.com\/index.php?rest_route=%2Fwp%2Fv2%2Ftags&post=37517"}],"curies":[{"name":"wp","href":"https:\/\/api.w.org\/{rel}","templated":true}]}}