{"id":3749,"date":"2016-07-30T13:09:54","date_gmt":"2016-07-30T10:09:54","guid":{"rendered":"http:\/\/emlaktuel.com\/?p=3749"},"modified":"2018-07-05T14:26:43","modified_gmt":"2018-07-05T11:26:43","slug":"tual-adalar-ve-tual-bahcekent-emlak-konut-tarihi-kampanyasina-katildi","status":"publish","type":"post","link":"https:\/\/emlaktuel.com\/?p=3749","title":{"rendered":"Tual Adalar ve Tual Bah\u00e7ekent Emlak Konut tarihi kampanyas\u0131na kat\u0131ld\u0131!"},"content":{"rendered":"<h1 class=\"news-detail-title selectionShareable\">Emlak Konut&#8217;un \u2018\u00dclkemizin yar\u0131nlar\u0131na g\u00fcveniyoruz\u2019 kampanyas\u0131 kapsam\u0131nda &#8216;Tual Adalar&#8217; ve &#8216;Tual Bah\u00e7ekent\u2019 de bulunuyor<\/h1>\n<div class=\"clear\">\n<div class=\"clear\"><\/div>\n<div id=\"socialNetwork\"><\/div>\n<\/div>\n<div class=\"centerAd\"><\/div>\n<div class=\"clear\"><\/div>\n<div>\n<p>Emlak Konut GYO g\u00fcvencesiyle Da\u011f M\u00fchendislik taraf\u0131ndan hayata ge\u00e7irilen &#8216;Tual Adalar&#8217; ve &#8216;Tual Bah\u00e7ekent&#8217; projelerinden ev almak \u2018\u00dclkemizin yar\u0131nlar\u0131na g\u00fcveniyoruz\u2019 Kampanyas\u0131&#8217;yla daha kolay hale geliyor. \u00a0Emlak Konut \u00f6nderli\u011finde d\u00fczenlenen ve a\u011fustos ay\u0131 boyunca ge\u00e7erli olacak. \u2018\u00dclkemizin yar\u0131nlar\u0131na g\u00fcveniyoruz\u2019 kampanyas\u0131 kapsam\u0131nda; \u00a0%20 pe\u015fin, %10\u2019luk k\u0131s\u0131m bir y\u0131l sonra, kalan\u0131 120 aya kadar T\u00dcFE\u2019li veya % 0.70 vade fark\u0131 ile taksitlendirilmesi sayesinde ev sahibi olmak m\u00fcmk\u00fcn olacak.<\/p>\n<p>Da\u011f M\u00fchendislik, T\u00fcrkiye&#8217;nin en b\u00fcy\u00fck gayrimenkul yat\u0131r\u0131m ortakl\u0131\u011f\u0131 \u015firketi Emlak Konut taraf\u0131ndan hayata ge\u00e7irilen tarihi &#8216;\u00dclkemizin yar\u0131nlar\u0131na g\u00fcveniyoruz\u2019 Kampanyas\u0131&#8217;na \u0130stanbul projeleriyle kat\u0131l\u0131yor. \u00a0Emlak Konut GYO\u2019nun ev sahibi olmay\u0131 kolayla\u015ft\u0131racak ve in\u015faat sekt\u00f6r\u00fcne ciddi ivme kazand\u0131racak kampanyas\u0131na g\u00f6re; &#8216;Tual Adalar&#8217; ve &#8216;Tual Bah\u00e7ekent&#8217;ten; %20 pe\u015fin, %10\u2019luk k\u0131s\u0131m bir y\u0131l sonra, kalan\u0131 120 aya kadar T\u00dcFE\u2019li veya % 0.70 vade fark\u0131 ile taksitlendirilmesi f\u0131rsat\u0131yla konut almak m\u00fcmk\u00fcn olacak.<\/p>\n<p>Konuyla ilgili a\u00e7\u0131klamalarda bulunan Da\u011f M\u00fchendislik Y\u00f6netim Kurulu Ba\u015fkan Yard\u0131mc\u0131s\u0131 Do\u011fan Da\u011f; a\u011fustos ay\u0131 boyunca ge\u00e7erli olacak kampanyan\u0131n vatanda\u015fa uygun \u015fartlarda konut edindirme avantaj\u0131 sa\u011flayaca\u011f\u0131n\u0131 ve sekt\u00f6r\u00fc canland\u0131raca\u011f\u0131n\u0131 s\u00f6yledi.<\/p>\n<p>Da\u011f &#8220;\u00dclkemize ve sekt\u00f6r\u00fcm\u00fcze g\u00fcveniyoruz, her zaman oldu\u011fu gibi daha \u00e7ok \u00e7al\u0131\u015fmaya devam edece\u011fiz. Bug\u00fcne kadar oldu\u011fu gibi bundan sonra da yat\u0131r\u0131mlar\u0131m\u0131z\u0131 h\u0131z kesmeden s\u00fcrd\u00fcrece\u011fiz. Bunun bir g\u00f6stergesi olarak da Emlak Konut GYO \u00e7at\u0131s\u0131 alt\u0131nda d\u00fczenlenen hem sekt\u00f6re ivme kazand\u0131racak, hem de kolay ev sahibi olman\u0131n yolunu a\u00e7acak bu \u2018\u00dclkemizin yar\u0131nlar\u0131na g\u00fcveniyoruz\u2019 kampanyas\u0131nda biz de yer alma karar\u0131 ald\u0131k&#8221; dedi.<\/p>\n<h2>Daire fiyatlar\u0131 239 bin TL&#8217;den ba\u015fl\u0131yor<\/h2>\n<p>Bah\u00e7e\u015fehir&#8217;de hayata ge\u00e7irilen Tual Bah\u00e7ekent; 190 bin metrekarelik alan \u00fczerinde 1.739 konut, ticari \u00fcniteler, \u00f6zel hastane \u00f6zel okul, \u00f6zel kre\u015f ve bir devlet okulunun da yer alaca\u011f\u0131 20 bloktan olu\u015fuyor. 2019 y\u0131l\u0131nda tamamlanmas\u0131 planlanan Tual Bah\u00e7ekent\u2019te 1+1&#8217;den, 4+1&#8217;e kadar daire se\u00e7enekleri yer al\u0131yor. 140 bin m2\u2019lik dev \u015fehir park\u0131n\u0131n yan\u0131 ba\u015f\u0131nda yer alan Tual Bah\u00e7ekent\u2019in sosyal donat\u0131lar\u0131 aras\u0131nda kapal\u0131 havuz, sauna, fitness, buhar odas\u0131, \u00e7ocuk oyun parklar\u0131, y\u00fcr\u00fcy\u00fc\u015f parkurlar\u0131, basketbol sahas\u0131 bulunuyor.<\/p>\n<p>Tual Bah\u00e7ekent&#8217;te daire fiyatlar\u0131; 1+1 daireler i\u00e7in 239 bin TL ile 300 bin TL, 2+1 daireler i\u00e7in 392 bin TL ile 452 bin TL, ve 3+1 daireler i\u00e7in ise 460 bin TL ile 555 bin TL aras\u0131nda de\u011fi\u015fiyor.<\/p>\n<h2>2018 y\u0131l\u0131nda teslim edilecek<\/h2>\n<p>Da\u011f M\u00fchendislik taraf\u0131ndan Emlak Konut GYO g\u00fcvencesiyle Kartal\u2019da in\u015fa edilen Tual Adalar projesi ise 6 blokta 471 konuttan meydana geliyor. Projede 3.15 metre tavan y\u00fcksekli\u011fine sahip 1+1\u2019den 4+1\u2019e kadar daire se\u00e7eneklerine mevcut. E-5 ile TEM\u2019e 5&#8217;er dakikal\u0131k mesafesi ve metro hatt\u0131na olan yak\u0131nl\u0131\u011f\u0131yla dikkat \u00e7eken Tual Adalar\u2019da teslimlerin 2018 y\u0131l\u0131n\u0131n ilk yar\u0131 y\u0131l\u0131nda ger\u00e7ekle\u015ftirilmesi planlan\u0131yor. Y\u00fczde 85&#8217;i ye\u015fil alanlara ayr\u0131lm\u0131\u015f olan Tual Adalar\u2019\u0131n sosyal olanaklar\u0131 aras\u0131nda kapal\u0131 y\u00fczme havuzu, fitness salonu, buhar odas\u0131, sauna, hamam, kre\u015f ve g\u00fcvenli y\u00fcr\u00fcy\u00fc\u015f parkurlar\u0131 yer al\u0131yor. Projede daireler birinci kattan itibaren orman ve Adalar manzaras\u0131na hakim bulunuyor.<\/p>\n<p>Tual Adalar\u2019da 1+1 daireler \u00a0359 TL ile 519 bin TL, 2+1 daireler 574 bin TL ile 813 bin TL, 3+1 daireler 777 bin TL ile 1 milyon TL, 4+1 daireler ise 986 bin TL ile 1 milyon TL aras\u0131nda sat\u0131\u015fa sunuluyor.<\/p>\n<p>Web: <a href=\"http:\/\/emlakkulisi.com\/reklamlar\/ref_haberici_Yonlendir-43_http:\/\/www.dagmuhendislik.com\/\" target=\"_blank\" rel=\"nofollow\">http:\/\/www.dagmuhendislik.com\/\u00a0<\/a><\/p>\n<\/div>\n","protected":false},"excerpt":{"rendered":"<p>Emlak Konut&#8217;un \u2018\u00dclkemizin yar\u0131nlar\u0131na g\u00fcveniyoruz\u2019 kampanyas\u0131 kapsam\u0131nda &#8216;Tual Adalar&#8217; ve &#8216;Tual Bah\u00e7ekent\u2019 de bulunuyor Emlak Konut GYO g\u00fcvencesiyle Da\u011f M\u00fchendislik taraf\u0131ndan hayata ge\u00e7irilen &#8216;Tual Adalar&#8217; ve &#8216;Tual Bah\u00e7ekent&#8217; projelerinden ev almak \u2018\u00dclkemizin yar\u0131nlar\u0131na g\u00fcveniyoruz\u2019 Kampanyas\u0131&#8217;yla daha kolay hale geliyor. \u00a0Emlak Konut \u00f6nderli\u011finde d\u00fczenlenen ve a\u011fustos ay\u0131 boyunca ge\u00e7erli olacak. \u2018\u00dclkemizin yar\u0131nlar\u0131na g\u00fcveniyoruz\u2019 kampanyas\u0131 kapsam\u0131nda; \u00a0%20 [&hellip;]<\/p>\n","protected":false},"author":1,"featured_media":3750,"comment_status":"open","ping_status":"open","sticky":false,"template":"","format":"standard","meta":{"ngg_post_thumbnail":0},"categories":[219],"tags":[11226,62,459,2519,2520,11221,544,80,11498,11102,3416,2518,11380],"_links":{"self":[{"href":"https:\/\/emlaktuel.com\/index.php?rest_route=\/wp\/v2\/posts\/3749"}],"collection":[{"href":"https:\/\/emlaktuel.com\/index.php?rest_route=\/wp\/v2\/posts"}],"about":[{"href":"https:\/\/emlaktuel.com\/index.php?rest_route=\/wp\/v2\/types\/post"}],"author":[{"embeddable":true,"href":"https:\/\/emlaktuel.com\/index.php?rest_route=\/wp\/v2\/users\/1"}],"replies":[{"embeddable":true,"href":"https:\/\/emlaktuel.com\/index.php?rest_route=%2Fwp%2Fv2%2Fcomments&post=3749"}],"version-history":[{"count":1,"href":"https:\/\/emlaktuel.com\/index.php?rest_route=\/wp\/v2\/posts\/3749\/revisions"}],"predecessor-version":[{"id":3751,"href":"https:\/\/emlaktuel.com\/index.php?rest_route=\/wp\/v2\/posts\/3749\/revisions\/3751"}],"wp:featuredmedia":[{"embeddable":true,"href":"https:\/\/emlaktuel.com\/index.php?rest_route=\/wp\/v2\/media\/3750"}],"wp:attachment":[{"href":"https:\/\/emlaktuel.com\/index.php?rest_route=%2Fwp%2Fv2%2Fmedia&parent=3749"}],"wp:term":[{"taxonomy":"category","embeddable":true,"href":"https:\/\/emlaktuel.com\/index.php?rest_route=%2Fwp%2Fv2%2Fcategories&post=3749"},{"taxonomy":"post_tag","embeddable":true,"href":"https:\/\/emlaktuel.com\/index.php?rest_route=%2Fwp%2Fv2%2Ftags&post=3749"}],"curies":[{"name":"wp","href":"https:\/\/api.w.org\/{rel}","templated":true}]}}