{"id":37397,"date":"2022-01-06T09:21:33","date_gmt":"2022-01-06T06:21:33","guid":{"rendered":"https:\/\/emlaktuel.com\/?p=37397"},"modified":"2022-01-06T09:21:33","modified_gmt":"2022-01-06T06:21:33","slug":"2021-yilinda-ilk-10-ayda-uretimde-yuzde-22-artis","status":"publish","type":"post","link":"https:\/\/emlaktuel.com\/?p=37397","title":{"rendered":"2021 y\u0131l\u0131nda ilk 10 ayda \u00fcretimde y\u00fczde 22 art\u0131\u015f"},"content":{"rendered":"<p style=\"padding-left: 30px; text-align: left;\">T<strong>\u00fcrkiye \u0130MSAD, yap\u0131 sekt\u00f6r\u00fc ve ekonomi \u00e7evrelerince dikkatle izlenen ayl\u0131k sekt\u00f6r raporunu kamuya a\u00e7\u0131klad\u0131. \u2018T\u00fcrkiye \u0130MSAD&#8217;\u0131n Aral\u0131k 2021 Sekt\u00f6r Raporu\u2019na g\u00f6re, in\u015faat malzemeleri sanayi \u00fcretimi 2021 ekim ay\u0131nda ge\u00e7en y\u0131l\u0131n ekim ay\u0131na g\u00f6re y\u00fczde 3,7 artarak, 2021 y\u0131l\u0131n\u0131n ilk 10 ay\u0131nda ise ge\u00e7en y\u0131l\u0131n ayn\u0131 d\u00f6nemine g\u00f6re \u00fcretim art\u0131\u015f\u0131 y\u00fczde 22 ger\u00e7ekle\u015fti. \u0130\u00e7 ve d\u0131\u015f pazarlarda talepteki olumlu e\u011filimin ekim ay\u0131nda da devam etti\u011fi g\u00f6zlemlendi.\u00a0<\/strong><\/p>\n<p><strong>\u00a0<\/strong><\/p>\n<p>\u0130n\u015faat malzemesi sekt\u00f6r\u00fcn\u00fcn \u00e7at\u0131 kurulu\u015fu\u00a0<strong>T\u00fcrkiye \u0130n\u015faat Malzemesi Sanayicileri Derne\u011fi (T\u00fcrkiye \u0130MSAD)&#8217;\u0131n\u00a0<\/strong>haz\u0131rlad\u0131\u011f\u0131\u00a0<strong>\u2018Aral\u0131k 2021 Sekt\u00f6r Raporu<\/strong>\u2019nda \u015fu tespitler bulunuyor:\u00a0\u0130n\u015faat malzemeleri sanayi \u00fcretimi ekim ay\u0131nda yava\u015flamakla birlikte ge\u00e7en y\u0131l\u0131n ekim ay\u0131na g\u00f6re y\u00fczde\u00a0<strong>3,7<\/strong>\u00a0artt\u0131. \u0130n\u015faat malzemelerine y\u00f6nelik i\u00e7 ve d\u0131\u015f talep ekim ay\u0131nda devam etti. Talep taraf\u0131nda olumlu e\u011filimin halen s\u00fcrd\u00fc\u011f\u00fc ancak ge\u00e7en y\u0131l\u0131n ekim ay\u0131ndaki y\u00fcksek \u00fcretim art\u0131\u015f\u0131n\u0131n baz etkisi yaratt\u0131\u011f\u0131 g\u00f6r\u00fcld\u00fc. Eyl\u00fcl ay\u0131ndan sonra ekim ay\u0131nda da haz\u0131r beton ve \u00e7imento \u00fcretiminde ya\u015fanan k\u00fc\u00e7\u00fclmeler dikkat \u00e7ekti. Ekim ay\u0131nda ayr\u0131ca\u00a0<strong>8<\/strong>\u00a0\u00fcr\u00fcnde daha 2021 y\u0131l\u0131nda ilk kez ayl\u0131k \u00fcretim d\u00fc\u015f\u00fc\u015fleri ya\u015fand\u0131.<\/p>\n<p>2021 y\u0131l\u0131 ilk\u00a0<strong>10<\/strong>\u00a0ay\u0131nda ge\u00e7en senenin ayn\u0131 d\u00f6nemine g\u00f6re \u00fcretim art\u0131\u015f\u0131 y\u00fczde\u00a0<strong>22<\/strong>\u00a0art\u0131\u015f olarak ger\u00e7ekle\u015fti. 2021 genelinde i\u00e7 talebin canl\u0131 kalmas\u0131 ve d\u0131\u015f pazarlardaki \u00f6nemli talep art\u0131\u015f\u0131 etkili oldu. 2021 y\u0131l\u0131 ilk\u00a0<strong>10<\/strong>\u00a0ay\u0131nda\u00a0<strong>22<\/strong>\u00a0alt sekt\u00f6r\u00fcn tamam\u0131nda \u00fcretim 2020 y\u0131l\u0131n\u0131n ayn\u0131 d\u00f6nemine g\u00f6re art\u0131\u015f g\u00f6stermi\u015f. 21 y\u0131l\u0131n\u0131n ilk\u00a0<strong>10\u00a0<\/strong>ay\u0131nda biri hari\u00e7 t\u00fcm alt sekt\u00f6rlerin \u00fcretimi ayn\u0131 zamanda \u00e7ift haneli ve y\u00fcksek oranlarda art\u0131\u015f ger\u00e7ekle\u015fti.<\/p>\n<p>2021&#8217;de en y\u00fcksek \u00fcretim art\u0131\u015f\u0131 y\u00fczde\u00a0<strong>53,1\u00a0<\/strong>ile seramik sa\u011fl\u0131k gere\u00e7lerinde oldu. Tu\u011fla ve kiremit \u00fcretimi y\u00fczde\u00a0<strong>38,1<\/strong>, kilit ve donam\u0131m e\u015fyas\u0131 \u00fcretimi y\u00fczde\u00a0<strong>33,2<\/strong>, seramik kaplama malzemeleri \u00fcretimi y\u00fczde\u00a0<strong>32,2<\/strong>, \u0131s\u0131tma ve so\u011futma donan\u0131mlar\u0131 \u00fcretimi y\u00fczde\u00a0<strong>31,6<\/strong>\u00a0ve plastik in\u015faat malzemeleri \u00fcretimi y\u00fczde\u00a0<strong>30,8<\/strong>\u00a0b\u00fcy\u00fcd\u00fc. Y\u0131l\u0131n ilk\u00a0<strong>10<\/strong>\u00a0ay\u0131nda di\u011fer alt sekt\u00f6rlere g\u00f6re daha yava\u015f \u00fcretim art\u0131\u015f\u0131 g\u00f6steren \u00fcr\u00fcnler \u00e7imento, haz\u0131r beton ile metalden kap\u0131 ve pencereler oldu.<\/p>\n<h2><strong>\u00dcretimde y\u00fczde 20 b\u00fcy\u00fcme, ihracat\u0131n ise 30 milyar dolara ula\u015fmas\u0131 bekleniyor<\/strong><\/h2>\n<p>\u0130n\u015faat malzemeleri sanayisi 2021 y\u0131l\u0131n\u0131 y\u00fcksek bir \u00fcretim, ihracat ve ciro art\u0131\u015f\u0131 ile kapatmay\u0131 ba\u015far\u0131yor. 2021&#8217;de ihracat\u0131n\u00a0<strong>30\u00a0<\/strong>milyar dolara ula\u015fmas\u0131 ve sanayi \u00fcretiminde ise y\u00fczde\u00a0<strong>20<\/strong>\u00a0b\u00fcy\u00fcme ger\u00e7ekle\u015fmesi bekleniyor. \u0130\u00e7 sat\u0131\u015flar yenileme pazar\u0131n\u0131n deste\u011fi ile \u00f6nemli \u00f6l\u00e7\u00fcde geni\u015fledi. \u0130n\u015faat malzemeleri sanayisi 2022 y\u0131l\u0131na bu y\u00fcksek performans ile girmekle beraber yeni y\u0131l\u0131n ko\u015fullar\u0131n\u0131n bir\u00e7ok a\u00e7\u0131dan sekt\u00f6r\u00fc zorlayaca\u011f\u0131 \u00f6ng\u00f6r\u00fcl\u00fcyor.<\/p>\n<h2><strong>2022 y\u0131l\u0131nda ihracatta art\u0131\u015f devam edecek<\/strong><\/h2>\n<p>\u0130n\u015faat malzemeleri sanayisinde d\u0131\u015far\u0131ya ihracat art\u0131\u015f\u0131n\u0131n devam etmesi bekleniyor. 2021 y\u0131l\u0131nda k\u00fcresel tedarik zincirlerindeki de\u011fi\u015fim, y\u00fcksek navlun fiyatlar\u0131, pazarlardaki canlanma gibi geli\u015fmeler ile T\u00fcrkiye\u2019ye y\u00f6nelik ilave tedarik talebi olu\u015ftu. Bu talep 2022 y\u0131l\u0131nda da devam edecek. 2022 y\u0131l\u0131nda Avrupa pazar\u0131nda s\u0131f\u0131r emisyon ama\u00e7l\u0131 bina yenilemeleri, ABD\u2019de yeni altyap\u0131 paketinin uygulanmas\u0131 ve enerji ihra\u00e7 eden pazarlar\u0131m\u0131zda gelir art\u0131\u015flar\u0131 talebi destekleyecek. Salg\u0131n kar\u015f\u0131s\u0131nda \u00c7in\u2019in s\u0131f\u0131r taviz politikas\u0131 ile uygulad\u0131\u011f\u0131 kapatmalar ve Asya\u2019da di\u011fer \u00fclkelerdeki \u00fcretimin devam\u0131 gibi riskler T\u00fcrkiye\u2019ye avantaj sa\u011flamaya devam edecek. Salg\u0131nda 2020 y\u0131l\u0131 benzeri bir kapanma ya\u015fanmamas\u0131 halinde 2022 y\u0131l\u0131 in\u015faat malzemeleri ihracat\u0131nda y\u00fczde 8-10 art\u0131\u015f sa\u011flanmas\u0131 bekleniyor.<\/p>\n<h2><strong>Yurtd\u0131\u015f\u0131ndaki m\u00fcteahhitlik i\u015fleri destek verecek<\/strong><\/h2>\n<p>Yurtd\u0131\u015f\u0131 m\u00fcteahhitlik hizmetlerinin performans\u0131 son y\u0131llarda pazar\u0131m\u0131z olan \u00fclkelerle ya\u015fanan siyasi s\u0131k\u0131nt\u0131lar\u0131n yan\u0131 s\u0131ra, yine pazarlar\u0131m\u0131zda ya\u015fanan s\u0131cak \u00e7at\u0131\u015fmalar ve de salg\u0131n\u0131n etkileri ile zay\u0131flam\u0131\u015f ve al\u0131nan i\u015f hacmi y\u0131ll\u0131k\u00a0<strong>15<\/strong>\u00a0milyar dolara kadar gerilemi\u015fti. 2021 y\u0131l\u0131nda ise toplam tutar\u0131\u00a0<strong>29,3<\/strong>\u00a0milyar dolar olan\u00a0<strong>384<\/strong>\u00a0adet proje \u00fcstlenildi. Yurtd\u0131\u015f\u0131 i\u015flerinin, in\u015faat malzemeleri sanayisine uzun y\u0131llar sonra 2022 y\u0131l\u0131nda yeniden \u00f6nemli olanaklar sunabilece\u011fi bekleniyor.<\/p>\n<h2><strong>\u0130\u00e7 pazar\u0131m\u0131zda b\u00fcy\u00fcme yava\u015flayabilir<\/strong><\/h2>\n<p>2022 y\u0131l\u0131nda i\u00e7 pazarda in\u015faat i\u015flerinde ve in\u015faat malzemeleri sat\u0131\u015flar\u0131nda b\u00fcy\u00fcmelerin\u00a0yava\u015flayaca\u011f\u0131 \u00f6ng\u00f6r\u00fcl\u00fcyor. Yeni konut sat\u0131\u015flar\u0131 yeni faiz kampanyalar\u0131 ile h\u0131zland\u0131. 2021 y\u0131l\u0131nda 400 binin \u00fczerinde konut yap\u0131 ruhsat\u0131 al\u0131nd\u0131. 2022 y\u0131l\u0131n\u0131n ikinci yar\u0131s\u0131nda bu alanda hareketlenme bekleniyor. Yenileme pazar\u0131nda ise hane halk\u0131n\u0131n sat\u0131n alma g\u00fcc\u00fcndeki zay\u0131flaman\u0131n olumsuz etkisi g\u00f6r\u00fclecek.<\/p>\n<h2><strong>Sanayi \u00fcretimimizde b\u00fcy\u00fcme biraz yava\u015flayacak<\/strong><\/h2>\n<p>\u0130n\u015faat malzemeleri sanayi \u00fcretimi 2021 y\u0131l\u0131nda y\u00fcksek bir art\u0131\u015f g\u00f6sterdi. Bir\u00e7ok alt sekt\u00f6rde kapasiteler doldu ve yeni kapasite yat\u0131r\u0131mlar\u0131 ba\u015flad\u0131 veya kararlar\u0131 al\u0131nd\u0131. \u00d6zellikle d\u0131\u015far\u0131dan gelen ve giderek kal\u0131c\u0131 olan talep ile kapasiteler ve \u00fcretim b\u00fcy\u00fcd\u00fc. 2022 y\u0131l\u0131nda in\u015faat malzemeleri sanayisinde \u00fcretim art\u0131\u015f\u0131 devam edece\u011fi, \u00fcretim art\u0131\u015flar\u0131n\u0131n daha \u00e7ok ihracat a\u011f\u0131rl\u0131kl\u0131 olaca\u011f\u0131 \u00f6ng\u00f6r\u00fcl\u00fcyor. 2022 y\u0131l\u0131nda ihracat ve i\u00e7 pazardaki b\u00fcy\u00fcme \u00f6ng\u00f6r\u00fclerine ba\u011fl\u0131 olarak sanayi \u00fcretiminde y\u00fczde\u00a0<strong>5-6\u00a0<\/strong>aras\u0131 b\u00fcy\u00fcme bekleniyor.<\/p>\n<h2><strong>\u0130n\u015fatta ye\u015fil ve dijital d\u00f6n\u00fc\u015f\u00fcm \u00f6nceli\u011fimiz olacak \u00a0 \u00a0\u00a0<\/strong><\/h2>\n<p>\u0130n\u015faat malzemeleri sanayisinin 2022 y\u0131l\u0131ndaki \u00f6ncelikli g\u00fcndemlerinden biri de ye\u015fil ve dijital d\u00f6n\u00fc\u015f\u00fcm olacak. Avrupa Birli\u011fi s\u0131n\u0131rda karbon d\u00fczenleme mekanizmas\u0131 2022 y\u0131l\u0131nda pilot olarak uygulanacak ve 2023 y\u0131l\u0131 ba\u015f\u0131nda \u00e7imento-cam\/demir \u00e7elik ve al\u00fcminyum in\u015faat \u00fcr\u00fcnleri i\u00e7in fiilen uygulanmaya ba\u015flayacak. Bu nedenle in\u015faat malzemeleri sanayisinde ba\u015fta bu sekt\u00f6rler olmak \u00fczere ye\u015fil d\u00f6n\u00fc\u015f\u00fcm s\u00fcreci h\u0131zlanacak. Yine k\u00fcresel \u00f6l\u00e7ekte g\u00fc\u00e7lenen temass\u0131z ekonomi ile dijital d\u00f6n\u00fc\u015f\u00fcm de h\u0131zlan\u0131yor. Sanayide dijital alt yap\u0131n\u0131n olu\u015fturulmas\u0131n\u0131n 2022 y\u0131l\u0131nda h\u0131zlanmas\u0131 bekleniyor.<\/p>\n","protected":false},"excerpt":{"rendered":"<p>T\u00fcrkiye \u0130MSAD, yap\u0131 sekt\u00f6r\u00fc ve ekonomi \u00e7evrelerince dikkatle izlenen ayl\u0131k sekt\u00f6r raporunu kamuya a\u00e7\u0131klad\u0131. \u2018T\u00fcrkiye \u0130MSAD&#8217;\u0131n Aral\u0131k 2021 Sekt\u00f6r Raporu\u2019na g\u00f6re, in\u015faat malzemeleri sanayi \u00fcretimi 2021 ekim ay\u0131nda ge\u00e7en y\u0131l\u0131n ekim ay\u0131na g\u00f6re y\u00fczde 3,7 artarak, 2021 y\u0131l\u0131n\u0131n ilk 10 ay\u0131nda ise ge\u00e7en y\u0131l\u0131n ayn\u0131 d\u00f6nemine g\u00f6re \u00fcretim art\u0131\u015f\u0131 y\u00fczde 22 ger\u00e7ekle\u015fti. \u0130\u00e7 ve d\u0131\u015f [&hellip;]<\/p>\n","protected":false},"author":1,"featured_media":35633,"comment_status":"open","ping_status":"open","sticky":false,"template":"","format":"standard","meta":{"ngg_post_thumbnail":0},"categories":[5388],"tags":[8735,11377],"_links":{"self":[{"href":"https:\/\/emlaktuel.com\/index.php?rest_route=\/wp\/v2\/posts\/37397"}],"collection":[{"href":"https:\/\/emlaktuel.com\/index.php?rest_route=\/wp\/v2\/posts"}],"about":[{"href":"https:\/\/emlaktuel.com\/index.php?rest_route=\/wp\/v2\/types\/post"}],"author":[{"embeddable":true,"href":"https:\/\/emlaktuel.com\/index.php?rest_route=\/wp\/v2\/users\/1"}],"replies":[{"embeddable":true,"href":"https:\/\/emlaktuel.com\/index.php?rest_route=%2Fwp%2Fv2%2Fcomments&post=37397"}],"version-history":[{"count":1,"href":"https:\/\/emlaktuel.com\/index.php?rest_route=\/wp\/v2\/posts\/37397\/revisions"}],"predecessor-version":[{"id":37398,"href":"https:\/\/emlaktuel.com\/index.php?rest_route=\/wp\/v2\/posts\/37397\/revisions\/37398"}],"wp:featuredmedia":[{"embeddable":true,"href":"https:\/\/emlaktuel.com\/index.php?rest_route=\/wp\/v2\/media\/35633"}],"wp:attachment":[{"href":"https:\/\/emlaktuel.com\/index.php?rest_route=%2Fwp%2Fv2%2Fmedia&parent=37397"}],"wp:term":[{"taxonomy":"category","embeddable":true,"href":"https:\/\/emlaktuel.com\/index.php?rest_route=%2Fwp%2Fv2%2Fcategories&post=37397"},{"taxonomy":"post_tag","embeddable":true,"href":"https:\/\/emlaktuel.com\/index.php?rest_route=%2Fwp%2Fv2%2Ftags&post=37397"}],"curies":[{"name":"wp","href":"https:\/\/api.w.org\/{rel}","templated":true}]}}