{"id":37274,"date":"2021-12-30T11:23:20","date_gmt":"2021-12-30T08:23:20","guid":{"rendered":"https:\/\/emlaktuel.com\/?p=37274"},"modified":"2021-12-30T11:23:20","modified_gmt":"2021-12-30T08:23:20","slug":"markali-arsayi-gayrimenkul-sektoru-ile-tanistiran-neften-2022de-ilk-firsat","status":"publish","type":"post","link":"https:\/\/emlaktuel.com\/?p=37274","title":{"rendered":"\u201cMarkal\u0131 Arsa\u201dy\u0131 Gayrimenkul Sekt\u00f6r\u00fc ile Tan\u0131\u015ft\u0131ran Nef\u2019ten 2022\u2019de \u0130lk F\u0131rsat!!"},"content":{"rendered":"<p>Gayrimenkul sekt\u00f6r\u00fcnde arsa yat\u0131r\u0131m\u0131n\u0131 katma de\u011ferli se\u00e7eneklerle zenginle\u015ftirerek, sekt\u00f6re \u201cmarkal\u0131 arsa\u2019 ile yeni bir nefes getiren Nef, 2022\u2019nin ilk f\u0131rsat\u0131 i\u00e7in d\u00fc\u011fmeye bast\u0131. \u00c7anakkale, Bal\u0131kesir, Sakarya, Eski\u015fehir, Hirfanl\u0131\u2019da Nef Arsa projelerini devreye alan Nef Y\u00f6netim Kurulu Ba\u015fkan\u0131 Erden Timur, \u201c2021\u2019de yurti\u00e7inde konut teslimleri d\u0131\u015f\u0131nda en \u00f6nemli oda\u011f\u0131m\u0131z Nef Arsa projemiz oldu. \u0130nsanlara risk almadan; kolayl\u0131kla sahip olabilecekleri ve s\u00fcrekli de\u011ferlenen bir yat\u0131r\u0131m f\u0131rsat\u0131 sunduk, arsa yat\u0131r\u0131m\u0131na yeni bir nefes getirdik. 2022\u2019de bu alanda b\u00fcy\u00fcmemiz devam edecek.\u201d dedi.<\/p>\n<p>31 Aral\u0131k ak\u015fam\u0131 duyurulacak \u00e7ok \u00f6zel bir kampanya ile 2022\u2019nin ilk Nef Arsa f\u0131rsat\u0131 da a\u00e7\u0131klanm\u0131\u015f olacak.<\/p>\n<p>Gayrimenkul sekt\u00f6r\u00fcnde inovatif ve tasar\u0131ma \u00f6ncelik veren \u00e7izgileri ile farkl\u0131la\u015fan Nef, ula\u015f\u0131labilir fiyatlarla yat\u0131r\u0131mc\u0131lara nefes olmaya devam ediyor. Tapusu hemen teslim \u00c7anakkale, Bal\u0131kesir, Sakarya, Eski\u015fehir, Hirfanl\u0131\u2019daki Nef Arsa projelerini kapsayan kampanya f\u0131rsat\u0131, 31 Aral\u0131k ak\u015fam\u0131 ba\u015flayacak ve 9 Ocak tarihine kadar ge\u00e7erli olacak. Kampanyaya 3907\u2019ye NEFARSA bo\u015fluk b\u00fcy\u00fck harflerle ad ve soyad mesaj\u0131 ile kat\u0131l\u0131m m\u00fcmk\u00fcn olacak.<\/p>\n<p>Yat\u0131r\u0131mc\u0131y\u0131 markal\u0131 arsa ile tan\u0131\u015ft\u0131ran Nef Y\u00f6netim Kurulu Ba\u015fkan\u0131 Erden Timur, Nef Arsa ile herkese, ula\u015f\u0131labilir fiyatlarla projeli bir arsaya sahip olma f\u0131rsat\u0131 sunduklar\u0131na vurgu yaparak, \u201cArsa ile ilgili iki \u00f6nemli bak\u0131\u015f\u0131m\u0131z var. \u0130lki arsay\u0131 sadece imkan\u0131 olan de\u011fil, herkes alabilmeli diye d\u00fc\u015f\u00fcn\u00fcyoruz. \u0130kincisi arsay\u0131 al, beklet de\u011ferlenirse kazan\u0131rs\u0131n yakla\u015f\u0131m\u0131na art\u0131 bir de\u011fer daha ekliyoruz. Nitekim Nef Arsa\u2019y\u0131 tercih edenler arsalar\u0131n proje tiplerine g\u00f6re kira getirisi dahi alabilecekleri se\u00e7eneklere sahip oluyorlar\u201d dedi.<\/p>\n<h2>2 bin TL taksit \u00f6deyerek arsa sahibi olmak m\u00fcmk\u00fcn<\/h2>\n<p>Gayrimenkul yat\u0131r\u0131mc\u0131lar\u0131 Nef Arsa arac\u0131l\u0131\u011f\u0131 ile T\u00fcrkiye\u2019de ilk kez uluslararas\u0131 ba\u011f\u0131ms\u0131z denetleme \u015firketlerince de\u011ferlemesi denetlenmi\u015f; tapusu hemen teslim, altyap\u0131s\u0131 haz\u0131r, imar planl\u0131 ve sosyal alanlar\u0131na dek projelendirilmi\u015f arsalara ayda 2 bin TL taksitle sahip olabiliyor. Altyap\u0131s\u0131 planl\u0131 ve uzmanlarca haz\u0131rlanan bir master plan sayesinde yerleri belirlenmi\u015f, ya\u015fam\u0131n nas\u0131l olaca\u011f\u0131 tasarlanm\u0131\u015f Nef Arsa projeleri; ortak alanlar ve ortak sosyal kullan\u0131m alanlar\u0131n\u0131n bulundu\u011fu fold \u00fcniteleri sayesinde de\u011fer kazan\u0131rken, hem ya\u015fanabilecek hem de gelir getirecek bir yat\u0131r\u0131m haline d\u00f6n\u00fc\u015f\u00fcyor. Onayl\u0131 master plan dahilinde, genel alanlara ve bulundu\u011fu b\u00f6lgeye ya\u015fam katacak projelerin Nef taraf\u0131ndan yap\u0131laca\u011f\u0131 projelerde ayr\u0131ca, arsas\u0131n\u0131 diledi\u011fi zaman satmak isteyenler i\u00e7in ikinci el sat\u0131\u015f deste\u011fi de sunuluyor. \u200b<\/p>\n<p>&nbsp;<\/p>\n","protected":false},"excerpt":{"rendered":"<p>Gayrimenkul sekt\u00f6r\u00fcnde arsa yat\u0131r\u0131m\u0131n\u0131 katma de\u011ferli se\u00e7eneklerle zenginle\u015ftirerek, sekt\u00f6re \u201cmarkal\u0131 arsa\u2019 ile yeni bir nefes getiren Nef, 2022\u2019nin ilk f\u0131rsat\u0131 i\u00e7in d\u00fc\u011fmeye bast\u0131. \u00c7anakkale, Bal\u0131kesir, Sakarya, Eski\u015fehir, Hirfanl\u0131\u2019da Nef Arsa projelerini devreye alan Nef Y\u00f6netim Kurulu Ba\u015fkan\u0131 Erden Timur, \u201c2021\u2019de yurti\u00e7inde konut teslimleri d\u0131\u015f\u0131nda en \u00f6nemli oda\u011f\u0131m\u0131z Nef Arsa projemiz oldu. \u0130nsanlara risk almadan; kolayl\u0131kla [&hellip;]<\/p>\n","protected":false},"author":1,"featured_media":37275,"comment_status":"open","ping_status":"open","sticky":false,"template":"","format":"standard","meta":{"ngg_post_thumbnail":0},"categories":[5388],"tags":[898,15663,15661,15662],"_links":{"self":[{"href":"https:\/\/emlaktuel.com\/index.php?rest_route=\/wp\/v2\/posts\/37274"}],"collection":[{"href":"https:\/\/emlaktuel.com\/index.php?rest_route=\/wp\/v2\/posts"}],"about":[{"href":"https:\/\/emlaktuel.com\/index.php?rest_route=\/wp\/v2\/types\/post"}],"author":[{"embeddable":true,"href":"https:\/\/emlaktuel.com\/index.php?rest_route=\/wp\/v2\/users\/1"}],"replies":[{"embeddable":true,"href":"https:\/\/emlaktuel.com\/index.php?rest_route=%2Fwp%2Fv2%2Fcomments&post=37274"}],"version-history":[{"count":1,"href":"https:\/\/emlaktuel.com\/index.php?rest_route=\/wp\/v2\/posts\/37274\/revisions"}],"predecessor-version":[{"id":37276,"href":"https:\/\/emlaktuel.com\/index.php?rest_route=\/wp\/v2\/posts\/37274\/revisions\/37276"}],"wp:featuredmedia":[{"embeddable":true,"href":"https:\/\/emlaktuel.com\/index.php?rest_route=\/wp\/v2\/media\/37275"}],"wp:attachment":[{"href":"https:\/\/emlaktuel.com\/index.php?rest_route=%2Fwp%2Fv2%2Fmedia&parent=37274"}],"wp:term":[{"taxonomy":"category","embeddable":true,"href":"https:\/\/emlaktuel.com\/index.php?rest_route=%2Fwp%2Fv2%2Fcategories&post=37274"},{"taxonomy":"post_tag","embeddable":true,"href":"https:\/\/emlaktuel.com\/index.php?rest_route=%2Fwp%2Fv2%2Ftags&post=37274"}],"curies":[{"name":"wp","href":"https:\/\/api.w.org\/{rel}","templated":true}]}}