{"id":37268,"date":"2021-12-29T11:27:00","date_gmt":"2021-12-29T08:27:00","guid":{"rendered":"https:\/\/emlaktuel.com\/?p=37268"},"modified":"2021-12-29T11:27:00","modified_gmt":"2021-12-29T08:27:00","slug":"turyap-yonetim-kurulu-baskani-m-onur-saribay-oldu","status":"publish","type":"post","link":"https:\/\/emlaktuel.com\/?p=37268","title":{"rendered":"TURYAP Y\u00f6netim Kurulu Ba\u015fkan\u0131 M. Onur Sar\u0131bay oldu"},"content":{"rendered":"<p>Yakla\u015f\u0131k 40 y\u0131ld\u0131r emlak sekt\u00f6r\u00fcne y\u00f6n veren TURYAP\u2019ta yeni y\u00f6netim kurulu ba\u015fkan\u0131 M. Onur Sar\u0131bay oldu. 1 Ocak 2022 itibariyle resmi olarak koltu\u011fa oturacak olan Sar\u0131bay, konuyla ilgili yapt\u0131\u011f\u0131 a\u00e7\u0131klamada \u201cBayra\u011f\u0131 \u015firketimizin kurucusu Azmi Sar\u0131bay\u2019dan devralm\u0131\u015f bulunuyorum. Bug\u00fcne kadar her zaman i\u015fin ba\u015f\u0131nda olan ikinci nesil, \u015fimdi d\u00fcmene ge\u00e7ti. 2022 y\u0131l\u0131 ile birlikte modern, \u00e7a\u011fa ayak uyduracak yeni bir d\u00f6neme ge\u00e7iyoruz. Yat\u0131r\u0131mlar aral\u0131ks\u0131z s\u00fcr\u00fcyor, pek \u00e7ok proje \u00fczerinde \u00e7al\u0131\u015f\u0131yoruz ve hedeflerimiz b\u00fcy\u00fck\u201d dedi.<\/p>\n<p>T\u00fcrkiye\u2019nin en k\u00f6kl\u00fc emlak dan\u0131\u015fmanl\u0131k markas\u0131 olarak yakla\u015f\u0131k 40 y\u0131ld\u0131r sekt\u00f6re y\u00f6n veren TURYAP\u2019ta bayra\u011f\u0131, Mehmet Onur Sar\u0131bay devrald\u0131. Bayra\u011f\u0131 \u015firketin kurucusu duayen Azmi Sar\u0131bay\u2019dan alan M. Onur Sar\u0131bay, TURYAP\u2019\u0131n yeni y\u00f6netim kurulu ba\u015fkan\u0131 oldu.<br \/>\n1 Ocak 2022 tarihi itibariyle resmi olarak koltu\u011fa oturacak olan M. Onur Sar\u0131bay, konuyla ilgili yapt\u0131\u011f\u0131 a\u00e7\u0131klamada \u201cBabam Azmi Sar\u0131bay, kamuda ve \u00f6zel sekt\u00f6rlerde \u00e7al\u0131\u015ft\u0131ktan sonra 1985 y\u0131l\u0131nda TURYAP\u2019\u0131 kurdu. Bat\u0131daki \u00f6rneklerine uygun, \u00e7a\u011fda\u015f emlak\u00e7\u0131l\u0131k modelini T\u00fcrkiye\u2019de hizmete sundu. \u00c7ok \u00e7al\u0131\u015ft\u0131, markay\u0131 bug\u00fcnlere getirdi. Ba\u015far\u0131l\u0131 ve uluslararas\u0131 bir marka yaratman\u0131n yan\u0131 s\u0131ra TURYAP ad\u0131n\u0131 itibarl\u0131 bir marka olarak haf\u0131zalara kaz\u0131d\u0131.<\/p>\n<h2>Yeni projeler yolda&#8230;<\/h2>\n<p>\u015eimdi kendisinin gururla ta\u015f\u0131d\u0131\u011f\u0131 bu bayra\u011f\u0131 ben devram\u0131\u015f bulunuyorum. Biz bir aile \u015firketiyiz ve bug\u00fcne kadar her zaman i\u015fin ba\u015f\u0131nda destek olan erkek karde\u015fim Y\u00f6netim Kurulu Ba\u015fkan Vekili U\u011fur Sar\u0131bay ve k\u0131z karde\u015fim Y\u00f6netim Kurulu \u00dcyesi Elif Sar\u0131bay ile beraber art\u0131k d\u00fcmene ge\u00e7tik. 2022 y\u0131l\u0131 ile birlikte modern, \u00e7a\u011fa ayak uyduracak yeni bir d\u00f6neme ge\u00e7iyoruz. Her zaman lider olan TURYAP markas\u0131, h\u0131zl\u0131 ad\u0131mlarla yoluna devam ediyor. Yat\u0131r\u0131mlar aral\u0131ks\u0131z s\u00fcr\u00fcyor, pek \u00e7ok proje \u00fczerinde \u00e7al\u0131\u015f\u0131yoruz ve hedeflerimiz \u00e7ok b\u00fcy\u00fck\u201d diye konu\u015ftu.<br \/>\nLondra&#8217;da pazarlama ve i\u015f idaresi alan\u0131nda e\u011fitim alan M. Onur Sar\u0131bay, Business Administration of Marketing konusunda uzmanla\u015ft\u0131. E\u011fitiminin ard\u0131ndan askerlik g\u00f6revini yerine getiren Sar\u0131bay, 2001 y\u0131l\u0131nda TURYAP\u2019ta gayrimenkul\u00a0de\u011ferleme \u015firketinde i\u015f hayat\u0131na ad\u0131m att\u0131. O tarihten bu yana TURYAP \u00e7at\u0131s\u0131 alt\u0131nda \u00e7al\u0131\u015fmalar\u0131n\u0131 s\u00fcrd\u00fcren Sar\u0131bay\u2019\u0131n en b\u00fcy\u00fck hobisi ise golf oynamak. \u0130ngilizce bilen M. Onur Sar\u0131bay, evli ve d\u00f6rt \u00e7ocuk babas\u0131.<\/p>\n","protected":false},"excerpt":{"rendered":"<p>Yakla\u015f\u0131k 40 y\u0131ld\u0131r emlak sekt\u00f6r\u00fcne y\u00f6n veren TURYAP\u2019ta yeni y\u00f6netim kurulu ba\u015fkan\u0131 M. Onur Sar\u0131bay oldu. 1 Ocak 2022 itibariyle resmi olarak koltu\u011fa oturacak olan Sar\u0131bay, konuyla ilgili yapt\u0131\u011f\u0131 a\u00e7\u0131klamada \u201cBayra\u011f\u0131 \u015firketimizin kurucusu Azmi Sar\u0131bay\u2019dan devralm\u0131\u015f bulunuyorum. Bug\u00fcne kadar her zaman i\u015fin ba\u015f\u0131nda olan ikinci nesil, \u015fimdi d\u00fcmene ge\u00e7ti. 2022 y\u0131l\u0131 ile birlikte modern, \u00e7a\u011fa [&hellip;]<\/p>\n","protected":false},"author":1,"featured_media":37270,"comment_status":"open","ping_status":"open","sticky":false,"template":"","format":"standard","meta":{"ngg_post_thumbnail":0},"categories":[1,5388],"tags":[15623,6035],"_links":{"self":[{"href":"https:\/\/emlaktuel.com\/index.php?rest_route=\/wp\/v2\/posts\/37268"}],"collection":[{"href":"https:\/\/emlaktuel.com\/index.php?rest_route=\/wp\/v2\/posts"}],"about":[{"href":"https:\/\/emlaktuel.com\/index.php?rest_route=\/wp\/v2\/types\/post"}],"author":[{"embeddable":true,"href":"https:\/\/emlaktuel.com\/index.php?rest_route=\/wp\/v2\/users\/1"}],"replies":[{"embeddable":true,"href":"https:\/\/emlaktuel.com\/index.php?rest_route=%2Fwp%2Fv2%2Fcomments&post=37268"}],"version-history":[{"count":1,"href":"https:\/\/emlaktuel.com\/index.php?rest_route=\/wp\/v2\/posts\/37268\/revisions"}],"predecessor-version":[{"id":37269,"href":"https:\/\/emlaktuel.com\/index.php?rest_route=\/wp\/v2\/posts\/37268\/revisions\/37269"}],"wp:featuredmedia":[{"embeddable":true,"href":"https:\/\/emlaktuel.com\/index.php?rest_route=\/wp\/v2\/media\/37270"}],"wp:attachment":[{"href":"https:\/\/emlaktuel.com\/index.php?rest_route=%2Fwp%2Fv2%2Fmedia&parent=37268"}],"wp:term":[{"taxonomy":"category","embeddable":true,"href":"https:\/\/emlaktuel.com\/index.php?rest_route=%2Fwp%2Fv2%2Fcategories&post=37268"},{"taxonomy":"post_tag","embeddable":true,"href":"https:\/\/emlaktuel.com\/index.php?rest_route=%2Fwp%2Fv2%2Ftags&post=37268"}],"curies":[{"name":"wp","href":"https:\/\/api.w.org\/{rel}","templated":true}]}}