{"id":37258,"date":"2021-12-28T17:19:32","date_gmt":"2021-12-28T14:19:32","guid":{"rendered":"https:\/\/emlaktuel.com\/?p=37258"},"modified":"2021-12-28T17:19:32","modified_gmt":"2021-12-28T14:19:32","slug":"turkiye-icin-en-uygun-olan-konsept-pasif-evler","status":"publish","type":"post","link":"https:\/\/emlaktuel.com\/?p=37258","title":{"rendered":"&#8216;T\u00fcrkiye i\u00e7in en uygun olan konsept pasif evler&#8217;"},"content":{"rendered":"<p><b>Her ge\u00e7en g\u00fcn artan enerji fiyatlar\u0131 tasarruf k\u00fclt\u00fcr\u00fcn\u00fcn geri d\u00f6nmesine neden oldu. En d\u00fc\u015f\u00fck enerjiyle en y\u00fcksek konforu elde etmek i\u00e7in 1990\u2019l\u0131 y\u0131llarda Almanya\u2019da ortaya at\u0131lan Pasif Ev konsepti yenilenebilir enerji alan\u0131nda Ar-Ge \u00e7al\u0131\u015fmalar\u0131 y\u00fcr\u00fcten \u00dc\u00e7ay Grup taraf\u0131ndan T\u00fcrkiye\u2019de uygulanacak. Y\u00fczde 90 oran\u0131nda tasarruf sa\u011flayan konseptle \u00e7ok daha d\u00fc\u015f\u00fck enerjiyle iklimlendirme yap\u0131labilecek.<\/b><\/p>\n<p>Enerji fiyatlar\u0131n\u0131n d\u00fcnya \u00e7ap\u0131nda y\u00fckselmeye ba\u015flamas\u0131 tasarruf \u00f6nlemlerini yeniden g\u00fcndeme getirdi. \u00d6zellikle k\u0131\u015f aylar\u0131nda do\u011falgaz ve elektrik faturalar\u0131n\u0131 kontrol alt\u0131nda tutabilmek i\u00e7in t\u00fcketiciler daha fazla tasarruf etmek istiyor.<\/p>\n<p>1990\u2019l\u0131 y\u0131llardan bug\u00fcn d\u00fcnyan\u0131n pek \u00e7ok \u00fclkesinde ba\u015far\u0131yla uygulanan Pasif Ev konsepti, en d\u00fc\u015f\u00fck enerji t\u00fcketimiyle en y\u00fcksek konforu hedefliyor. Pasif ev konseptiyle tasarlanan yap\u0131lar, geleneksel yap\u0131lara g\u00f6re\u00a0<b>y\u00fczde 90<\/b>\u00a0oran\u0131nda daha az enerji harc\u0131yor.<\/p>\n<h2><b>\u00dclkemizde de yayg\u0131nla\u015ft\u0131r\u0131lmaya \u00e7al\u0131\u015f\u0131l\u0131yor<\/b><\/h2>\n<p><b>S\u0131f\u0131r Enerji ve Pasif Ev Derne\u011fi<\/b>\u00a0(SEPEV) taraf\u0131ndan \u00fclkemizde yayg\u0131nla\u015ft\u0131r\u0131lmaya \u00e7al\u0131\u015f\u0131lan Pasif Ev konsepti, verilen e\u011fitimlerle de mimarlar ve tasar\u0131mc\u0131lar\u0131n ilgisine sunuluyor. Yenilenebilir enerjinin evsel kullan\u0131m\u0131 alan\u0131nda Ar-Ge \u00e7al\u0131\u015fmalar\u0131 ger\u00e7ekle\u015ftiren \u00dc\u00e7ay Grup, \u2018Pasif Ev\u2019 kavram\u0131na uygun yap\u0131lar in\u015fa etmeyi hedefliyor.<\/p>\n<h2><b>&#8216;M\u00fcmk\u00fcm olabilecek en d\u00fc\u015f\u00fck enerji kullan\u0131m\u0131 hedefleniyor&#8217;<\/b><\/h2>\n<p>\u00dc\u00e7ay Grup \u0130cra Kurulu \u00dcyesi \u0130lgin Eray pasif ev kavram\u0131n\u0131, \u201cPasif ev kavram\u0131, bir binadaki enerji verimlili\u011fi i\u00e7in binan\u0131n karbon ayak izini azaltan g\u00f6n\u00fcll\u00fc bir standartt\u0131r. \u0130klimlendirme i\u00e7in \u00e7ok az enerji gerektiren\u00a0<b>\u2018ultra d\u00fc\u015f\u00fck enerjili\u2019\u00a0<\/b>binalar tasarlamay\u0131 hedefleyen\u00a0<b>pasif ev konsepti yaln\u0131zca konut m\u00fclkleriyle s\u0131n\u0131rl\u0131 de\u011fildir.<\/b>\u00a0Almanya\u2019daki bir\u00e7ok \u00f6rnekte\u00a0<b>ofis binalar\u0131, okullar, b\u00fcy\u00fck yap\u0131lar da<\/b>\u00a0pasif ev standard\u0131na g\u00f6re in\u015fa edilebilir\u201d ifadeleriyle anlatt\u0131.<\/p>\n<h2><b>&#8216;Y\u00fczde 90 tasarruf yapmak m\u00fcmk\u00fcn&#8217;<\/b><\/h2>\n<p>Pasif Ev konseptiyle\u00a0<b>y\u00fczde 90<\/b>\u00a0oran\u0131nda tasarruf sa\u011flaman\u0131n m\u00fcmk\u00fcn oldu\u011funu vurgulayan \u0130lgin Eray, \u201cGeleneksel bina tasar\u0131mlar\u0131yla, Pasif Ev tasar\u0131m\u0131n\u0131 kar\u015f\u0131la\u015ft\u0131rd\u0131\u011f\u0131n\u0131zda y\u00fczde 90\u2019a varan tasarruf sa\u011flaman\u0131z m\u00fcmk\u00fcn. Yaln\u0131zca so\u011fuk iklimlerde, \u0131s\u0131tma \u00e7\u00f6z\u00fcmlerine odaklanmayan Pasif Ev konsepti, hava ak\u0131\u015f\u0131n\u0131 kontrol ederek hem so\u011fuk hem de s\u0131cak havalarda yap\u0131n\u0131n i\u00e7erisini ideal hava s\u0131cakl\u0131\u011f\u0131nda tutuyor. Kuzey Avrupa \u00fclkelerinde ortaya \u00e7\u0131kan konsept bug\u00fcn Ekvator \u00e7izgisine yak\u0131n G\u00fcney Amerika \u00fclkelerinde de kullan\u0131l\u0131yor. \u00dclkemizde hem k\u0131\u015f hem de yaz aylar\u0131nda giderek u\u00e7 noktalara eri\u015fen hava s\u0131cakl\u0131klar\u0131ndan etkilenmemek i\u00e7in en uygun \u00e7\u00f6z\u00fcm\u00fcn Pasif Ev konsepti oldu\u011funu s\u00f6yleyebiliriz\u201d diye konu\u015ftu.<\/p>\n<h2><b>&#8216;Enerji verimlili\u011fini d\u00fc\u015f\u00fcnmeden in\u015fa ediyoruz&#8217;<\/b><\/h2>\n<p>\u201cYa\u015fam alanlar\u0131m\u0131z\u0131 iklimlendirmek i\u00e7in \u00e7ok daha az enerji harcayabilecekken, \u0131s\u0131t\u0131lamayan ya da so\u011futulamayan yap\u0131larda ya\u015famay\u0131 g\u00f6ze al\u0131yoruz\u201d diyen \u0130lgin Eray, \u201c\u00dclkemizde maalesef yap\u0131lar enerji verimlili\u011fini d\u00fc\u015f\u00fcnmeden tasarlan\u0131p, in\u015fa ediliyor.\u00a0<b>Is\u0131nmayan ve so\u011fumayan binalarda ya\u015famay\u0131 g\u00f6ze al\u0131yoruz.\u00a0<\/b>Pasif ev asl\u0131nda T\u00fcrkiye\u2019nin tam da ihtiyac\u0131 olan bir konsept. Pasif ev konseptine uygun bir yap\u0131 tasarlarken, \u2018yap\u0131 bile\u015fenlerinin do\u011fru se\u00e7imi ve uygulanmas\u0131, iklimlendirme ihtiyac\u0131n\u0131 minimize edecek \u00e7\u00f6z\u00fcmler \u00fcretilmesi, en aza indirgenen iklimlendirme ihtiyac\u0131n\u0131n da en verimli \u015fekilde kar\u015f\u0131lanmas\u0131\u2019 ad\u0131mlar\u0131n\u0131 izleyerek\u00a0<b>neredeyse hi\u00e7 enerji harcamadan<\/b>\u00a0iklimlendirme sa\u011flayabiliriz\u201d ifadeleriyle s\u00f6zlerini sonland\u0131rd\u0131.<\/p>\n","protected":false},"excerpt":{"rendered":"<p>Her ge\u00e7en g\u00fcn artan enerji fiyatlar\u0131 tasarruf k\u00fclt\u00fcr\u00fcn\u00fcn geri d\u00f6nmesine neden oldu. En d\u00fc\u015f\u00fck enerjiyle en y\u00fcksek konforu elde etmek i\u00e7in 1990\u2019l\u0131 y\u0131llarda Almanya\u2019da ortaya at\u0131lan Pasif Ev konsepti yenilenebilir enerji alan\u0131nda Ar-Ge \u00e7al\u0131\u015fmalar\u0131 y\u00fcr\u00fcten \u00dc\u00e7ay Grup taraf\u0131ndan T\u00fcrkiye\u2019de uygulanacak. Y\u00fczde 90 oran\u0131nda tasarruf sa\u011flayan konseptle \u00e7ok daha d\u00fc\u015f\u00fck enerjiyle iklimlendirme yap\u0131labilecek. Enerji fiyatlar\u0131n\u0131n d\u00fcnya [&hellip;]<\/p>\n","protected":false},"author":1,"featured_media":37259,"comment_status":"open","ping_status":"open","sticky":false,"template":"","format":"standard","meta":{"ngg_post_thumbnail":0},"categories":[5388],"tags":[15656,15657],"_links":{"self":[{"href":"https:\/\/emlaktuel.com\/index.php?rest_route=\/wp\/v2\/posts\/37258"}],"collection":[{"href":"https:\/\/emlaktuel.com\/index.php?rest_route=\/wp\/v2\/posts"}],"about":[{"href":"https:\/\/emlaktuel.com\/index.php?rest_route=\/wp\/v2\/types\/post"}],"author":[{"embeddable":true,"href":"https:\/\/emlaktuel.com\/index.php?rest_route=\/wp\/v2\/users\/1"}],"replies":[{"embeddable":true,"href":"https:\/\/emlaktuel.com\/index.php?rest_route=%2Fwp%2Fv2%2Fcomments&post=37258"}],"version-history":[{"count":1,"href":"https:\/\/emlaktuel.com\/index.php?rest_route=\/wp\/v2\/posts\/37258\/revisions"}],"predecessor-version":[{"id":37260,"href":"https:\/\/emlaktuel.com\/index.php?rest_route=\/wp\/v2\/posts\/37258\/revisions\/37260"}],"wp:featuredmedia":[{"embeddable":true,"href":"https:\/\/emlaktuel.com\/index.php?rest_route=\/wp\/v2\/media\/37259"}],"wp:attachment":[{"href":"https:\/\/emlaktuel.com\/index.php?rest_route=%2Fwp%2Fv2%2Fmedia&parent=37258"}],"wp:term":[{"taxonomy":"category","embeddable":true,"href":"https:\/\/emlaktuel.com\/index.php?rest_route=%2Fwp%2Fv2%2Fcategories&post=37258"},{"taxonomy":"post_tag","embeddable":true,"href":"https:\/\/emlaktuel.com\/index.php?rest_route=%2Fwp%2Fv2%2Ftags&post=37258"}],"curies":[{"name":"wp","href":"https:\/\/api.w.org\/{rel}","templated":true}]}}