{"id":37256,"date":"2021-12-28T17:03:00","date_gmt":"2021-12-28T14:03:00","guid":{"rendered":"https:\/\/emlaktuel.com\/?p=37256"},"modified":"2021-12-28T17:03:00","modified_gmt":"2021-12-28T14:03:00","slug":"2022-yilinda-gayrimenkulde-yeni-rekorlara-kosulacak","status":"publish","type":"post","link":"https:\/\/emlaktuel.com\/?p=37256","title":{"rendered":"2022 y\u0131l\u0131nda gayrimenkulde yeni rekorlara ko\u015fulacak"},"content":{"rendered":"<p>Gayrimenkul sekt\u00f6r\u00fc i\u00e7in 2021 y\u0131l\u0131n\u0131 \u00e7ok hareketli ge\u00e7irdi. Evlerin kiralar\u0131 ve sat\u0131l\u0131k evlerin fiyatlar\u0131 \u00e7ok y\u00fckseldi, bar\u0131nma krizi ya\u015fand\u0131, in\u015faatlar\u0131n maliyet fiyatlar\u0131 daha da artt\u0131. Peki, 2022 y\u0131l\u0131nda durum nas\u0131l olur?<\/p>\n<h2><strong>\u2018En g\u00fcvenli yat\u0131r\u0131m arac\u0131 oldu\u2019<\/strong><\/h2>\n<p>Gayrimenkul\u00fcn y\u00fcksek primler ile en g\u00fcvenilir yat\u0131r\u0131m arac\u0131 oldu\u011funu bir kez daha ispat etti\u011fini aktaran T\u00fcm Giri\u015fimci Emlak M\u00fc\u015favirleri Derne\u011fi (T\u00dcGEM) Ba\u015fkan\u0131 Hakan Akdo\u011fan, \u201cGayrimenkul sekt\u00f6r\u00fc, gerek sat\u0131\u015f adetinde gerekse de prim anlam\u0131nda parlayan y\u0131ld\u0131z oldu\u201d dedi.<\/p>\n<h2><strong>Hareketli bir d\u00f6neme giriyoruz<\/strong><\/h2>\n<p>Yeni y\u0131lda da gayrimenkul y\u0131ld\u0131z\u0131n\u0131n parlayaca\u011f\u0131na dikkat \u00e7eken Akdo\u011fan, \u201c2022 yeni arzlar\u0131n artaca\u011f\u0131 bir y\u0131l olacak. Bu \u00e7er\u00e7evede de gerek birinci gerekse de ikinci el ta\u015f\u0131nmaz ticaretinde hareketli bir d\u00f6nem bekliyoruz. Yabanc\u0131lara sat\u0131\u015fta yeni rekorlar\u0131n ger\u00e7ekle\u015fece\u011fine, gayrimenkul ihracat\u0131n\u0131n da hareketli olaca\u011f\u0131n\u0131 bekliyoruz. \u00dclkemiz ekonomisi \u00e7er\u00e7evesinde gayrimenkul sekt\u00f6r\u00fcn\u00fcn itici bir g\u00fc\u00e7 oldu\u011funa inan\u0131yoruz\u201d diye konu\u015ftu.<\/p>\n<h2><strong>\u2018Kiralar biraz d\u00fc\u015febilir\u2019<\/strong><\/h2>\n<p>Akdo\u011fan, yeni y\u0131lda ev fiyatlar\u0131 ve kiralar\u0131n d\u00fc\u015fme ihtimali hakk\u0131nda ise \u201cSat\u0131l\u0131k fiyatlarda pek bir gerileme beklemiyoruz. Lakin kira bedellerinde bir miktar gerileme olabilir. \u00d6zellikle k\u0131\u015f sezonunun gelmesi ile fiyatlar bir miktar azalabilir\u201d bilgisini verdi.<\/p>\n<h2><strong>Mersin, Ayd\u0131n, Mu\u011fla\u2026<\/strong><\/h2>\n<p>Son iki y\u0131ld\u0131r yazl\u0131k b\u00f6lgelere b\u00fcy\u00fck ilgi var. Bu ilginin devam edece\u011fine dikkat \u00e7eken Akdo\u011fan, \u015funlar\u0131 s\u00f6yledi: \u201cYazl\u0131k b\u00f6lgelerde bahara do\u011fru yeni hareketler g\u00f6rebiliriz. Daha \u00e7ok arsa imarl\u0131 yerlerde yeni in\u015faatlar\u0131n yap\u0131laca\u011f\u0131n\u0131 d\u00fc\u015f\u00fcn\u00fcyoruz. T\u00fcrkiye&#8217;nin bir\u00e7ok ili ve b\u00f6lgesinde a\u00e7\u0131k\u00e7as\u0131 art\u0131\u015flar ya\u015fan\u0131yor. Mersin, Ayd\u0131n, Mu\u011fla gibi yazl\u0131k b\u00f6lgeler ba\u015fta olmak \u00fczere, \u0130stanbul, \u0130zmir, Ankara, Bursa ve Konya tercih noktas\u0131nda ilk s\u0131ralardar.<\/p>\n","protected":false},"excerpt":{"rendered":"<p>Gayrimenkul sekt\u00f6r\u00fc i\u00e7in 2021 y\u0131l\u0131n\u0131 \u00e7ok hareketli ge\u00e7irdi. Evlerin kiralar\u0131 ve sat\u0131l\u0131k evlerin fiyatlar\u0131 \u00e7ok y\u00fckseldi, bar\u0131nma krizi ya\u015fand\u0131, in\u015faatlar\u0131n maliyet fiyatlar\u0131 daha da artt\u0131. Peki, 2022 y\u0131l\u0131nda durum nas\u0131l olur? \u2018En g\u00fcvenli yat\u0131r\u0131m arac\u0131 oldu\u2019 Gayrimenkul\u00fcn y\u00fcksek primler ile en g\u00fcvenilir yat\u0131r\u0131m arac\u0131 oldu\u011funu bir kez daha ispat etti\u011fini aktaran T\u00fcm Giri\u015fimci Emlak M\u00fc\u015favirleri [&hellip;]<\/p>\n","protected":false},"author":1,"featured_media":36662,"comment_status":"open","ping_status":"open","sticky":false,"template":"","format":"standard","meta":{"ngg_post_thumbnail":0},"categories":[5388],"tags":[107,1275,15655],"_links":{"self":[{"href":"https:\/\/emlaktuel.com\/index.php?rest_route=\/wp\/v2\/posts\/37256"}],"collection":[{"href":"https:\/\/emlaktuel.com\/index.php?rest_route=\/wp\/v2\/posts"}],"about":[{"href":"https:\/\/emlaktuel.com\/index.php?rest_route=\/wp\/v2\/types\/post"}],"author":[{"embeddable":true,"href":"https:\/\/emlaktuel.com\/index.php?rest_route=\/wp\/v2\/users\/1"}],"replies":[{"embeddable":true,"href":"https:\/\/emlaktuel.com\/index.php?rest_route=%2Fwp%2Fv2%2Fcomments&post=37256"}],"version-history":[{"count":1,"href":"https:\/\/emlaktuel.com\/index.php?rest_route=\/wp\/v2\/posts\/37256\/revisions"}],"predecessor-version":[{"id":37257,"href":"https:\/\/emlaktuel.com\/index.php?rest_route=\/wp\/v2\/posts\/37256\/revisions\/37257"}],"wp:featuredmedia":[{"embeddable":true,"href":"https:\/\/emlaktuel.com\/index.php?rest_route=\/wp\/v2\/media\/36662"}],"wp:attachment":[{"href":"https:\/\/emlaktuel.com\/index.php?rest_route=%2Fwp%2Fv2%2Fmedia&parent=37256"}],"wp:term":[{"taxonomy":"category","embeddable":true,"href":"https:\/\/emlaktuel.com\/index.php?rest_route=%2Fwp%2Fv2%2Fcategories&post=37256"},{"taxonomy":"post_tag","embeddable":true,"href":"https:\/\/emlaktuel.com\/index.php?rest_route=%2Fwp%2Fv2%2Ftags&post=37256"}],"curies":[{"name":"wp","href":"https:\/\/api.w.org\/{rel}","templated":true}]}}