{"id":37232,"date":"2021-12-26T20:50:43","date_gmt":"2021-12-26T17:50:43","guid":{"rendered":"https:\/\/emlaktuel.com\/?p=37232"},"modified":"2021-12-26T20:54:25","modified_gmt":"2021-12-26T17:54:25","slug":"dacia-spring-turkiyede-bu-fiyatla-satisa-cikarsa-peynir-ekmek-gibi-satar","status":"publish","type":"post","link":"https:\/\/emlaktuel.com\/?p=37232","title":{"rendered":"Dacia Spring T\u00fcrkiye&#8217;de bu fiyatla sat\u0131\u015fa \u00e7\u0131karsa peynir ekmek gibi satar!"},"content":{"rendered":"<div class=\"item-content\">\n<div class=\"post-detail-content\">\n<p>\u00dclkemizde ge\u00e7ti\u011fimiz aylarda ya\u015fanan d\u00f6viz kurlar\u0131nda art\u0131\u015flarla otomobillerin fiyatlar\u0131 \u00e7ok artm\u0131\u015f ve s\u0131f\u0131r otomobil alma hayali kuran vatanda\u015flar\u0131m\u0131z\u0131n hayallerini ertelemesine neden olmu\u015ftu. Ge\u00e7ti\u011fimiz hafta ya\u015fanan kur d\u00fc\u015f\u00fc\u015f\u00fcyle fiyatlar baz\u0131 markalarda bir miktar gerilesede halen bir \u00e7ok markada fiyatlar y\u00fcksek. 2022 y\u0131\u0131nda Dacia tamamen elektrikli bir modeli olan Dacia Spring modelini \u00fclkemize getirmeyi planl\u0131yor.<\/p>\n<p>Dacia Spring elektrikli otomobil k\u00fc\u00e7\u00fck bir suv model ara\u00e7. Bu ara\u00e7 \u00fclkemize gelirse fiyat\u0131n\u0131n olduk\u00e7a d\u00fc\u015f\u00fck olaca\u011f\u0131n\u0131 \u015fimdiden s\u00f6yleyebilriz. Neden b\u00f6yle s\u00f6yledi\u011fimizi \u015fimdi sizlere anlataca\u011f\u0131z.<\/p>\n<div class=\"item-content\">\n<div class=\"post-detail-content\">\n<p>D\u00fcr\u00fcst olmak gerekirse ge\u00e7ti\u011fimiz hafta dolarda ya\u015fanan d\u00fc\u015f\u00fc\u015fle birlikte\u00a0<strong>otomobil fiyatlar\u0131n\u0131n<\/strong>\u00a0biraz daha d\u00fc\u015fmesini bekliyoruz. Elbette bu beklentilerin ne kadarl\u0131k s\u00fcre i\u00e7erisinde reelde kar\u015f\u0131m\u0131za \u00e7\u0131kaca\u011f\u0131 \u015fu anda belirsizli\u011fini korumaya devam ediyor.<\/p>\n<\/div>\n<\/div>\n<div class=\"item-bar\">\n<div class=\"number\">\n<div class=\"col-12 col-lg-8 text-center\">\n<div class=\"post-detail-content\">\n<p>Ayr\u0131ca akaryak\u0131ta gelen zamlar, hala geri \u00e7ekilmi\u015f de\u011fil. \u00c7\u00fcnk\u00fc yay\u0131nlanan kararname ile gelen indirimler\u00a0<strong>\u00d6TV<\/strong>\u00a0olarak yans\u0131t\u0131l\u0131yor. Bu nedenlede bu indirimler\u00a0<strong>pompada<\/strong>\u00a0kar\u015f\u0131m\u0131za \u00e7\u0131km\u0131yor. Bu durumda\u00a0<strong>elektrikli otomobillere<\/strong>\u00a0olan ilgiyi de g\u00fcnbeg\u00fcn tetiklemi\u015f durumda. Ancak \u00fclkemizde \u015fu anda en ucuz elektrikli otomobil bile haddinden fazla pahal\u0131. Bu durumda iki se\u00e7ene\u011fimiz var. Birincsi uygun bir fiyatla gelece\u011fi beklenen\u00a0<strong>TOGG\u00a0<\/strong>olabilir.<\/p>\n<div class=\"item-content\">\n<div class=\"post-detail-content\">\n<p>\u0130kincisi ise\u00a0<strong>Dacia<\/strong>\u00a0markas\u0131n\u0131n 2022 y\u0131l\u0131 i\u00e7erisinde \u00fclkemizde sat\u0131\u015fa sunaca\u011f\u0131 ve en ucuz elektrikli\u00a0<strong>SUV<\/strong>\u00a0olarak lanse edilen<strong>\u00a0Dacia Spring<\/strong>\u2019i beklemek olabilir. \u015eu s\u0131ralarda <strong>Dacia\u00a0Spring<\/strong>\u00a0se\u00e7ene\u011fi biraz daha makul gibi g\u00f6r\u00fcn\u00fcyor. Avrupa\u2019da sat\u0131\u015fa \u00e7\u0131kar\u0131lan\u00a0<strong>Dacia Spring\u2019in\u00a0<\/strong>fiyat\u0131 ve elektrikli olmas\u0131ndan dolay\u0131 \u00e7ok ilgi g\u00f6rm\u00fc\u015f durumda ve k\u0131sa bir s\u00fcre sonra da T\u00fcrkiye\u2019de bayilerdeki yerini almas\u0131 bekleniyor.<\/p>\n<div class=\"item-content\">\n<div class=\"post-detail-content\">\n<h2>Peki Dacia Spring\u2019in\u00a0<strong>T\u00fcrkiye fiyat\u0131<\/strong>\u00a0ka\u00e7 TL olacak?<\/h2>\n<p>2021 yl\u0131nda Avrupa&#8217;da piyasaya \u00e7\u0131kan Dacia Spring&#8217;in fiyat\u0131, Avrupa\u2019da ortalama 20 bin Eurolar civar\u0131nda. Bu da \u00fclkemizde 250 bin TL gibi bir fiyata denk geliyor.\u00a0<strong>\u00d6TV<\/strong>\u00a0ve\u00a0<strong>KDV\u2019yi<\/strong>\u00a0ekledi\u011fimizde ise kar\u015f\u0131m\u0131za 325 bin TL gibi bir fiyat \u00e7\u0131k\u0131yor.<\/p>\n<div class=\"item-content\">\n<div class=\"post-detail-content\">\n<div class=\"item-content\">\n<div class=\"post-detail-content\">\n<p>\u015eunu belirtmek gerekli. \u00dclkemizde elektrikli ara\u00e7larda motor se\u00e7ene\u011fi\u00a0<strong>85Wh\u2019ye<\/strong>\u00a0kadar olan modellerden y\u00fczde 10\u00a0<strong>\u00d6TV<\/strong>\u00a0al\u0131n\u0131yor. Dacia bu se\u00e7enekten yararlanmay\u0131 d\u00fc\u015f\u00fcn\u00fcyor <b>ve<\/b>\u00a0T\u00fcrkiye\u2019ye \u00f6zel bir motor se\u00e7ene\u011fi \u00fczerinde durdu\u011fu ald\u0131\u011f\u0131m\u0131z bilgiler aras\u0131nda. Normalde Avrupa&#8217;da sat\u0131\u015fta olan bu modelin motoru\u00a0<strong>158Wh.<\/strong>\u00a0Yani demek oluyor ki \u00f6nemli bir d\u00fc\u015f\u00fc\u015f s\u00f6z konusu.<\/p>\n<div class=\"col-12 col-lg-8 text-center\">\n<div class=\"post-detail-content\">\n<div class=\"item-content\">\n<div class=\"post-detail-content\">\n<p>Tabii bunlar \u015fimdilik s\u0131zd\u0131r\u0131lan bilgilerden ibaret. Bu duyumlar\u0131n ger\u00e7ek olup olmad\u0131\u011f\u0131n\u0131\u00a0<strong>\u00f6\u011frenmemiz<\/strong>\u00a0i\u00e7in biraz\u00a0<strong>zamana<\/strong>\u00a0ihtiyac\u0131m\u0131z var maalesef. E\u011fer iddia edildi\u011fi gibi <strong>Dacia Spring<\/strong> T\u00fcrkiye fiyat\u0131 350 bin TL&#8217;nin alt\u0131nda olursa ciddi anlamda bu modelin \u00fclkemizde yok sataca\u011f\u0131n\u0131 d\u00fc\u015f\u00fcn\u00fcyoruz.<\/p>\n<\/div>\n<\/div>\n<div class=\"item-bar\">\n<div class=\"number\">\n<div class=\"item-bar\">\n<div class=\"number\">\n<div class=\"item-content\">\n<div class=\"post-detail-content\">\n<p>T\u00fcrkiye&#8217;nin en ucuz otomobillerinden birisi olan Renault Clio dahi \u015fu an 250 bin TL&#8217;nin \u00fczerinde bir fiyatla sat\u0131l\u0131yor. Bu a\u00e7\u0131dan bakt\u0131\u011f\u0131m\u0131zda Dacia Spring&#8217;in T\u00fcrkiye&#8217;deki elektrikli otomobil pazar\u0131n\u0131 ciddi anlamda geni\u015fletece\u011fini s\u00f6yleyebiliriz.<\/p>\n<\/div>\n<\/div>\n<div class=\"item-bar\">\n<div class=\"number\">\n<div class=\"col-12 col-lg-4 text-center\">\n<div id=\"adpro-16\" class=\"adpro text-center mb-4 boxed-fixed\" data-page=\"272\" data-region=\"1317\" data-category=\"-1\" data-loaded=\"true\">\n<div id=\"adslot-WuytL\" data-google-query-id=\"CNP9-9-AgvUCFRKFgwcdwMELSQ\">\n<div class=\"item-content\">\n<div class=\"post-detail-content\">\n<p>Tabiki bu sadece bizim tahminimiz. Fakat Dacia Spring&#8217;in olabilecek etiket fiyat\u0131yla \u00fclkemizin yerli elekrikli arac\u0131 olacak TOGG&#8217;a rakip olaca\u011f\u0131 da bir ger\u00e7ek.<\/p>\n<\/div>\n<\/div>\n<div class=\"item-bar\">\n<div class=\"number\"><\/div>\n<\/div>\n<\/div>\n<\/div>\n<\/div>\n<\/div>\n<\/div>\n<\/div>\n<\/div>\n<\/div>\n<\/div>\n<\/div>\n<\/div>\n<div class=\"col-12 col-lg-4 text-center\">\n<div id=\"adpro-12\" class=\"adpro text-center mb-4 boxed-fixed\" data-page=\"272\" data-region=\"1317\" data-category=\"-1\" data-loaded=\"true\">\n<div id=\"adslot-zmKqY\" data-google-query-id=\"CPyfos7_gfUCFXWAgwcdflcLEQ\"><\/div>\n<\/div>\n<\/div>\n<\/div>\n<\/div>\n<div class=\"item-bar\">\n<div class=\"number\"><\/div>\n<\/div>\n<\/div>\n<\/div>\n<div class=\"item-bar\">\n<div class=\"number\"><\/div>\n<\/div>\n<\/div>\n<\/div>\n<div class=\"item-bar\">\n<div class=\"number\"><\/div>\n<\/div>\n<div class=\"col-12 col-lg-4 text-center\">\n<div id=\"adpro-8\" class=\"adpro text-center mb-4 boxed-fixed\" data-page=\"272\" data-region=\"1317\" data-category=\"-1\" data-loaded=\"true\">\n<div id=\"adslot-SxruE\" data-google-query-id=\"CIKivoz_gfUCFZmBgwcdqXUERw\"><\/div>\n<\/div>\n<\/div>\n<\/div>\n<\/div>\n<div class=\"item-bar\">\n<div class=\"number\"><\/div>\n<\/div>\n<div class=\"item-bar\">\n<div class=\"number\"><\/div>\n<\/div>\n<div class=\"item-bar\">\n<div class=\"number\"><\/div>\n<\/div>\n<\/div>\n<\/div>\n<div class=\"col-12 col-lg-4 text-center\">\n<div id=\"adpro-3\" class=\"adpro text-center mb-4 boxed-fixed\" data-page=\"272\" data-region=\"1317\" data-category=\"-1\" data-loaded=\"true\"><\/div>\n<\/div>\n<\/div>\n<\/div>\n<\/div>\n<\/div>\n<div class=\"item-bar\">\n<div class=\"number\"><\/div>\n<\/div>\n","protected":false},"excerpt":{"rendered":"<p>\u00dclkemizde ge\u00e7ti\u011fimiz aylarda ya\u015fanan d\u00f6viz kurlar\u0131nda art\u0131\u015flarla otomobillerin fiyatlar\u0131 \u00e7ok artm\u0131\u015f ve s\u0131f\u0131r otomobil alma hayali kuran vatanda\u015flar\u0131m\u0131z\u0131n hayallerini ertelemesine neden olmu\u015ftu. Ge\u00e7ti\u011fimiz hafta ya\u015fanan kur d\u00fc\u015f\u00fc\u015f\u00fcyle fiyatlar baz\u0131 markalarda bir miktar gerilesede halen bir \u00e7ok markada fiyatlar y\u00fcksek. 2022 y\u0131\u0131nda Dacia tamamen elektrikli bir modeli olan Dacia Spring modelini \u00fclkemize getirmeyi planl\u0131yor. Dacia Spring [&hellip;]<\/p>\n","protected":false},"author":1,"featured_media":37233,"comment_status":"open","ping_status":"open","sticky":false,"template":"","format":"standard","meta":{"ngg_post_thumbnail":0},"categories":[5215,5388],"tags":[15647,14917],"_links":{"self":[{"href":"https:\/\/emlaktuel.com\/index.php?rest_route=\/wp\/v2\/posts\/37232"}],"collection":[{"href":"https:\/\/emlaktuel.com\/index.php?rest_route=\/wp\/v2\/posts"}],"about":[{"href":"https:\/\/emlaktuel.com\/index.php?rest_route=\/wp\/v2\/types\/post"}],"author":[{"embeddable":true,"href":"https:\/\/emlaktuel.com\/index.php?rest_route=\/wp\/v2\/users\/1"}],"replies":[{"embeddable":true,"href":"https:\/\/emlaktuel.com\/index.php?rest_route=%2Fwp%2Fv2%2Fcomments&post=37232"}],"version-history":[{"count":3,"href":"https:\/\/emlaktuel.com\/index.php?rest_route=\/wp\/v2\/posts\/37232\/revisions"}],"predecessor-version":[{"id":37236,"href":"https:\/\/emlaktuel.com\/index.php?rest_route=\/wp\/v2\/posts\/37232\/revisions\/37236"}],"wp:featuredmedia":[{"embeddable":true,"href":"https:\/\/emlaktuel.com\/index.php?rest_route=\/wp\/v2\/media\/37233"}],"wp:attachment":[{"href":"https:\/\/emlaktuel.com\/index.php?rest_route=%2Fwp%2Fv2%2Fmedia&parent=37232"}],"wp:term":[{"taxonomy":"category","embeddable":true,"href":"https:\/\/emlaktuel.com\/index.php?rest_route=%2Fwp%2Fv2%2Fcategories&post=37232"},{"taxonomy":"post_tag","embeddable":true,"href":"https:\/\/emlaktuel.com\/index.php?rest_route=%2Fwp%2Fv2%2Ftags&post=37232"}],"curies":[{"name":"wp","href":"https:\/\/api.w.org\/{rel}","templated":true}]}}