{"id":37212,"date":"2021-12-23T12:16:36","date_gmt":"2021-12-23T09:16:36","guid":{"rendered":"https:\/\/emlaktuel.com\/?p=37212"},"modified":"2021-12-23T12:16:36","modified_gmt":"2021-12-23T09:16:36","slug":"otomotiv-sektoru-fiyatlarda-indirime-gidiyor","status":"publish","type":"post","link":"https:\/\/emlaktuel.com\/?p=37212","title":{"rendered":"Otomotiv sekt\u00f6r\u00fc fiyatlarda indirime gidiyor"},"content":{"rendered":"<p>20 Aral\u0131k 2021&#8217;de Cumhurba\u015fkan\u0131 Recep Tayyip Erdo\u011fan&#8217;\u0131n yapm\u0131\u015f oldu\u011fu a\u00e7\u0131klamalar sonras\u0131nda d\u00f6viz kurunda ba\u015flayan sert d\u00fc\u015f\u00fc\u015f sonras\u0131nda baz\u0131 otomobil markalar\u0131 fiyatlar\u0131nda indirimler yapmaya ba\u015flarken, sekt\u00f6r temsilcileri, tablonun 2-3 g\u00fcn i\u00e7erisinde daha da netle\u015fece\u011fini dile getirdiler.<\/p>\n<p>Cumhurba\u015fkan\u0131 Recep Tayyip Erdo\u011fan&#8217;\u0131n Cumhurba\u015fkanl\u0131\u011f\u0131 K\u00fclliyesi&#8217;ndeki Kabine Toplant\u0131s\u0131 sonras\u0131nda yapt\u0131\u011f\u0131 &#8220;Millete Sesleni\u015f&#8221; konu\u015fmas\u0131nda ekonomik tedbirlere ili\u015fkin a\u00e7\u0131klamas\u0131 sonras\u0131na d\u00f6viz kurlar\u0131ndaki sert d\u00fc\u015f\u00fc\u015f\u00fcn olumlu yans\u0131malar\u0131, \u015fimdiden otomotiv\u00a0sekt\u00f6r\u00fcnde g\u00f6r\u00fclmeye ba\u015fland\u0131 bile.<\/p>\n<p>Baz\u0131 otomotiv markalar\u0131, 20 Aral\u0131k 2021 sonras\u0131n internet sitelerindeki fiyatlarda g\u00fcncelleme yaparak indirime giderken, baz\u0131 markalar\u0131n ise kur y\u00fckseli\u015finden kaynaklanan zamlar\u0131 iptal etti\u011fi \u00f6\u011frenildi.<\/p>\n<h2><strong>&#8220;S\u0131f\u0131r otolarda ortalama y\u00fczde 20 indirim planlad\u0131\u011f\u0131m\u0131z g\u00fcncel fiyat listemizi payla\u015faca\u011f\u0131z&#8221;<\/strong><\/h2>\n<p>Reanult Mais Genel M\u00fcd\u00fcr\u00fc Berk \u00c7a\u011fda\u015f, ara\u00e7 fiyatlar\u0131nda ortalama y\u00fczde 20&#8217;lik bir indirim olaca\u011f\u0131n\u0131 s\u00f6yleyerek, &#8220;Renault Mais olarak, piyasa ko\u015fullar\u0131 \u00e7er\u00e7evesinde t\u00fcketici faydas\u0131n\u0131 g\u00f6zeten fiyat politikalar\u0131m\u0131z\u0131 s\u00fcrd\u00fcr\u00fcyoruz. Bu anlamda d\u00fc\u015f\u00fc\u015fe ge\u00e7en d\u00f6viz kurlar\u0131yla birlikte fiyat listelerimizde g\u00fcncelleme yapmaya ba\u015flad\u0131k. Kur oranlar\u0131na bir stabilizasyonun sa\u011flanmas\u0131yla Renault ve Dacia markalar\u0131m\u0131zda ortalama y\u00fczde 20 gibi bir indirim ger\u00e7ekle\u015ftirmeyi planlad\u0131\u011f\u0131m\u0131z g\u00fcncel fiyat listemizi en k\u0131sa s\u00fcrede payla\u015faca\u011f\u0131z.&#8221; dedi.<\/p>\n<h2><strong>Hyundai ile Citroen markas\u0131 indirime gitti<\/strong><\/h2>\n<p>Hyundai&#8217;nin yapt\u0131\u011f\u0131 a\u00e7\u0131klamada, internet sitelerinde ara\u00e7 fiyatlar\u0131nda fiyatlar\u0131nda g\u00fcncelleme yap\u0131ld\u0131\u011f\u0131 ve aral\u0131k ay\u0131 ba\u015f\u0131ndaki fiyat listesine geri d\u00f6n\u00fcld\u00fc\u011f\u00fc bildirildi.<\/p>\n<div class=\"h-center reklam-desktop\">\n<div id=\"desktopPost3\" class=\"ads-336x280-d mb20-d\">\n<div id=\"8125125953\" data-google-query-id=\"CJLA6ofI-fQCFe-D_Qcd3nYCFg\"><\/div>\n<\/div>\n<\/div>\n<div class=\"h-center reklam-desktop\">\n<div id=\"desktopPost1\" class=\"ads-336x280-d mb20-d\">\n<div id=\"4447281017\" data-google-query-id=\"CKTw6IfI-fQCFfXFuwgdn0gElA\">\n<div id=\"google_ads_iframe_\/243489215\/otomotiv\/d_functional_1_1__container__\"><\/div>\n<\/div>\n<\/div>\n<div id=\"desktopPost2\" class=\"ads-336x280-d mb20-d\"><\/div>\n<\/div>\n","protected":false},"excerpt":{"rendered":"<p>20 Aral\u0131k 2021&#8217;de Cumhurba\u015fkan\u0131 Recep Tayyip Erdo\u011fan&#8217;\u0131n yapm\u0131\u015f oldu\u011fu a\u00e7\u0131klamalar sonras\u0131nda d\u00f6viz kurunda ba\u015flayan sert d\u00fc\u015f\u00fc\u015f sonras\u0131nda baz\u0131 otomobil markalar\u0131 fiyatlar\u0131nda indirimler yapmaya ba\u015flarken, sekt\u00f6r temsilcileri, tablonun 2-3 g\u00fcn i\u00e7erisinde daha da netle\u015fece\u011fini dile getirdiler. Cumhurba\u015fkan\u0131 Recep Tayyip Erdo\u011fan&#8217;\u0131n Cumhurba\u015fkanl\u0131\u011f\u0131 K\u00fclliyesi&#8217;ndeki Kabine Toplant\u0131s\u0131 sonras\u0131nda yapt\u0131\u011f\u0131 &#8220;Millete Sesleni\u015f&#8221; konu\u015fmas\u0131nda ekonomik tedbirlere ili\u015fkin a\u00e7\u0131klamas\u0131 sonras\u0131na d\u00f6viz kurlar\u0131ndaki [&hellip;]<\/p>\n","protected":false},"author":1,"featured_media":36561,"comment_status":"open","ping_status":"open","sticky":false,"template":"","format":"standard","meta":{"ngg_post_thumbnail":0},"categories":[5388],"tags":[15640,15641],"_links":{"self":[{"href":"https:\/\/emlaktuel.com\/index.php?rest_route=\/wp\/v2\/posts\/37212"}],"collection":[{"href":"https:\/\/emlaktuel.com\/index.php?rest_route=\/wp\/v2\/posts"}],"about":[{"href":"https:\/\/emlaktuel.com\/index.php?rest_route=\/wp\/v2\/types\/post"}],"author":[{"embeddable":true,"href":"https:\/\/emlaktuel.com\/index.php?rest_route=\/wp\/v2\/users\/1"}],"replies":[{"embeddable":true,"href":"https:\/\/emlaktuel.com\/index.php?rest_route=%2Fwp%2Fv2%2Fcomments&post=37212"}],"version-history":[{"count":1,"href":"https:\/\/emlaktuel.com\/index.php?rest_route=\/wp\/v2\/posts\/37212\/revisions"}],"predecessor-version":[{"id":37213,"href":"https:\/\/emlaktuel.com\/index.php?rest_route=\/wp\/v2\/posts\/37212\/revisions\/37213"}],"wp:featuredmedia":[{"embeddable":true,"href":"https:\/\/emlaktuel.com\/index.php?rest_route=\/wp\/v2\/media\/36561"}],"wp:attachment":[{"href":"https:\/\/emlaktuel.com\/index.php?rest_route=%2Fwp%2Fv2%2Fmedia&parent=37212"}],"wp:term":[{"taxonomy":"category","embeddable":true,"href":"https:\/\/emlaktuel.com\/index.php?rest_route=%2Fwp%2Fv2%2Fcategories&post=37212"},{"taxonomy":"post_tag","embeddable":true,"href":"https:\/\/emlaktuel.com\/index.php?rest_route=%2Fwp%2Fv2%2Ftags&post=37212"}],"curies":[{"name":"wp","href":"https:\/\/api.w.org\/{rel}","templated":true}]}}