{"id":3713,"date":"2016-07-29T12:31:45","date_gmt":"2016-07-29T09:31:45","guid":{"rendered":"http:\/\/emlaktuel.com\/?p=3713"},"modified":"2018-07-05T14:26:10","modified_gmt":"2018-07-05T11:26:10","slug":"ucretsiz-toplu-tasima-suresi-31-temmuza-kadar-uzatildi","status":"publish","type":"post","link":"https:\/\/emlaktuel.com\/?p=3713","title":{"rendered":"\u00dccretsiz toplu ta\u015f\u0131ma s\u00fcresi 31 Temmuz&#8217;a kadar uzat\u0131ld\u0131"},"content":{"rendered":"<p>\u0130stanbul B\u00fcy\u00fck\u015fehir Belediyesi (\u0130BB), kentteki toplu ula\u015f\u0131m hizmetlerinin 31 Temmuz Pazar gece yar\u0131s\u0131na kadar \u00fccretsiz olaca\u011f\u0131n\u0131 duyurdu.<\/p>\n<div class=\"hz_main_post_content\">\n<div class=\"big_post_content\">Belediyeden yap\u0131lan a\u00e7\u0131klamada, &#8220;\u0130BB Meclisi, Temmuz ay\u0131 toplant\u0131s\u0131nda, \u00fclkemizde ya\u015fanan ola\u011fan\u00fcst\u00fc durum nedeniyle toplu ula\u015f\u0131m\u0131n 16 Temmuz Cumartesi g\u00fcn\u00fcnden itibaren \u00fccretsiz hizmet vermesi karar\u0131n\u0131 alm\u0131\u015ft\u0131. Yakla\u015f\u0131k 12 g\u00fcnd\u00fcr uygulanan bu karar, 31 Temmuz Pazar saat 24.00&#8217;e kadar uzat\u0131ld\u0131&#8221; denildi.<\/div>\n<\/div>\n","protected":false},"excerpt":{"rendered":"<p>\u0130stanbul B\u00fcy\u00fck\u015fehir Belediyesi (\u0130BB), kentteki toplu ula\u015f\u0131m hizmetlerinin 31 Temmuz Pazar gece yar\u0131s\u0131na kadar \u00fccretsiz olaca\u011f\u0131n\u0131 duyurdu. Belediyeden yap\u0131lan a\u00e7\u0131klamada, &#8220;\u0130BB Meclisi, Temmuz ay\u0131 toplant\u0131s\u0131nda, \u00fclkemizde ya\u015fanan ola\u011fan\u00fcst\u00fc durum nedeniyle toplu ula\u015f\u0131m\u0131n 16 Temmuz Cumartesi g\u00fcn\u00fcnden itibaren \u00fccretsiz hizmet vermesi karar\u0131n\u0131 alm\u0131\u015ft\u0131. Yakla\u015f\u0131k 12 g\u00fcnd\u00fcr uygulanan bu karar, 31 Temmuz Pazar saat 24.00&#8217;e kadar uzat\u0131ld\u0131&#8221; [&hellip;]<\/p>\n","protected":false},"author":1,"featured_media":3649,"comment_status":"open","ping_status":"open","sticky":false,"template":"","format":"standard","meta":{"ngg_post_thumbnail":0},"categories":[26],"tags":[2476,5318,2477,2176,248,73,4437,852,2246,2270,2391,11213,2475,4714],"_links":{"self":[{"href":"https:\/\/emlaktuel.com\/index.php?rest_route=\/wp\/v2\/posts\/3713"}],"collection":[{"href":"https:\/\/emlaktuel.com\/index.php?rest_route=\/wp\/v2\/posts"}],"about":[{"href":"https:\/\/emlaktuel.com\/index.php?rest_route=\/wp\/v2\/types\/post"}],"author":[{"embeddable":true,"href":"https:\/\/emlaktuel.com\/index.php?rest_route=\/wp\/v2\/users\/1"}],"replies":[{"embeddable":true,"href":"https:\/\/emlaktuel.com\/index.php?rest_route=%2Fwp%2Fv2%2Fcomments&post=3713"}],"version-history":[{"count":1,"href":"https:\/\/emlaktuel.com\/index.php?rest_route=\/wp\/v2\/posts\/3713\/revisions"}],"predecessor-version":[{"id":3714,"href":"https:\/\/emlaktuel.com\/index.php?rest_route=\/wp\/v2\/posts\/3713\/revisions\/3714"}],"wp:featuredmedia":[{"embeddable":true,"href":"https:\/\/emlaktuel.com\/index.php?rest_route=\/wp\/v2\/media\/3649"}],"wp:attachment":[{"href":"https:\/\/emlaktuel.com\/index.php?rest_route=%2Fwp%2Fv2%2Fmedia&parent=3713"}],"wp:term":[{"taxonomy":"category","embeddable":true,"href":"https:\/\/emlaktuel.com\/index.php?rest_route=%2Fwp%2Fv2%2Fcategories&post=3713"},{"taxonomy":"post_tag","embeddable":true,"href":"https:\/\/emlaktuel.com\/index.php?rest_route=%2Fwp%2Fv2%2Ftags&post=3713"}],"curies":[{"name":"wp","href":"https:\/\/api.w.org\/{rel}","templated":true}]}}