{"id":37103,"date":"2021-12-15T15:18:01","date_gmt":"2021-12-15T12:18:01","guid":{"rendered":"https:\/\/emlaktuel.com\/?p=37103"},"modified":"2021-12-15T15:18:28","modified_gmt":"2021-12-15T12:18:28","slug":"konutta-stoklar-hizla-eriyor","status":"publish","type":"post","link":"https:\/\/emlaktuel.com\/?p=37103","title":{"rendered":"Konutta Stoklar H\u0131zla Eriyor"},"content":{"rendered":"<p>&nbsp;<\/p>\n<p><strong>\u00a0\u2018REIDIN-GYODER Yeni Konut Fiyat Endeksi\u2019 Kas\u0131m 2021 sonu\u00e7lar\u0131 a\u00e7\u0131kland\u0131. Endekse g\u00f6re Kas\u0131m ay\u0131nda fiyatlar,\u00a0<\/strong><strong>bir \u00f6nceki aya g\u00f6re y\u00fczde 0.47, ge\u00e7en y\u0131l\u0131n ayn\u0131 d\u00f6nemine g\u00f6re y\u00fczde 4.18<\/strong><\/p>\n<p><strong>oran\u0131nda artt\u0131. Raporun dikkat \u00e7eken ba\u015fl\u0131klar\u0131ndan olan markal\u0131\u00a0<\/strong><strong>konutlardaki stok erime h\u0131z\u0131 rakamlar\u0131 de\u011ferlendirildi\u011finde,adet baz\u0131nda y\u00fczde 8.09 oran\u0131nda erime g\u00f6zlendi. Ekim ay\u0131na g\u00f6re h\u0131zla eriyen stoklarda ise\u00a0y\u00fczde 69.25\u2019ini bitmemi\u015f konutlar tercih edildi.<\/strong><\/p>\n<p>&nbsp;<\/p>\n<p><strong>Kamuoyunda \u2018markal\u0131 projeler\u2019 olarak adland\u0131r\u0131lan, a\u011f\u0131rl\u0131kl\u0131 olarak kurumsal gayrimenkul \u015firketlerinin \u00fcretti\u011fi konutlar \u00fczerinden geli\u015ftirilen\u2018<\/strong><strong>REIDIN-GYODER Yeni Konut Fiyat Endeksi<\/strong>\u2019 sonu\u00e7lar\u0131na g\u00f6re;\u00a0<strong>Kas\u0131m ay\u0131nda bir o\u0308nceki aya go\u0308re y\u00fczde 0.47, gec\u0327en y\u0131l\u0131n ayn\u0131 do\u0308nemine go\u0308re y\u00fczde 4.18 ve endeksin bas\u0327lang\u0131c\u0327 do\u0308nemi olan 2010 y\u0131l\u0131 Ocak ay\u0131na go\u0308re ise y\u00fczde 111.70 oran\u0131nda nominal art\u0131s\u0327 gerc\u0327ekles\u0327ti.\u00a0<\/strong><\/p>\n<p><strong>\u00a0<\/strong><\/p>\n<h2><strong>Senet kullan\u0131m oran\u0131 y\u00fckseldi<\/strong><\/h2>\n<p>Markal\u0131 projelerden konut sat\u0131n alan m\u00fc\u015fterilerin pe\u015finat, senet ve banka kredisi kullan\u0131m oranlar\u0131 incelendi\u011finde; Kas\u0131m ay\u0131nda pes\u0327inat kullan\u0131m oran\u0131\u00a0<strong>y\u00fczde 48.76<\/strong>, banka kredisi kullan\u0131m oran\u0131\u00a0<strong>y\u00fczde 13.53<\/strong>\u00a0ve senet kullan\u0131m oran\u0131\u00a0<strong>y\u00fczde 37.71<\/strong>\u00a0olarak gerc\u0327ekles\u0327ti. Ekim ay\u0131nda pes\u0327inat kullan\u0131m oran\u0131\u00a0<strong>y\u00fczde 51.84<\/strong>, banka kredisi kullan\u0131m oran\u0131\u00a0<strong>y\u00fczde 18.41<\/strong>\u00a0ve senet kullan\u0131m oran\u0131\u00a0<strong>y\u00fczde 29.75<\/strong>\u00a0olarak ger\u00e7ekle\u015fmi\u015fti.<\/p>\n<p><strong>\u00a0<\/strong><\/p>\n<h2><strong>2+1 konutlar ilgi g\u00f6rmeye devam etti<\/strong><\/h2>\n<p>Yeni Konut Fiyat Endeksi&#8217;nde, Kas\u0131m ay\u0131nda bir o\u0308nceki aya go\u0308re, 1+1 konut tipinde\u00a0<strong>y\u00fczde 0.16\u00a0<\/strong>oran\u0131nda nominal azal\u0131s\u0327; 2+1 konut tipinde\u00a0<strong>y\u00fczde 0.87<\/strong>, 3+1 konut tipinde\u00a0<strong>y\u00fczde 0.48<\/strong>\u00a0ve 4+1 konut tipinde\u00a0<strong>y\u00fczde 0.11<\/strong>\u00a0oran\u0131nda nominal art\u0131s\u0327 ya\u015fand\u0131.<\/p>\n<h2><strong><br \/>\nYabanc\u0131 yat\u0131r\u0131mc\u0131 Ekim ay\u0131na g\u00f6re 3.94 puan artt\u0131<\/strong><\/h2>\n<p>Kas\u0131m ay\u0131nda, markal\u0131 konut projeleri kapsam\u0131nda ger\u00e7ekle\u015ftirilen sat\u0131\u015flar\u0131n\u00a0<strong>y\u00fczde 10.42\u2019<\/strong>lik (son 6 ayl\u0131k ortalama\u00a0<strong>y\u00fczde 7.93<\/strong>) k\u0131sm\u0131n\u0131n yabanc\u0131 yat\u0131r\u0131mc\u0131lara yap\u0131ld\u0131g\u0306\u0131 go\u0308zlendi. Bu sat\u0131\u015flarda ag\u0306\u0131rl\u0131kl\u0131 olarak 1+1 o\u0308zellikteki konutlar\u0131n\u00a0<strong>y\u00fczde 54.55\u2019<\/strong>lik tercih oran\u0131 ile o\u0308ne c\u0327\u0131kt\u0131g\u0306\u0131 go\u0308ru\u0308ld\u00fc.<\/p>\n<h2><strong><br \/>\nKonut stoklar\u0131 daha h\u0131zl\u0131 eridi<\/strong><\/h2>\n<p>&nbsp;<\/p>\n<p>Kas\u0131m ay\u0131nda markal\u0131 konutlardaki stok erime h\u0131z\u0131 rakamlar\u0131 de\u011ferlendirildi\u011finde,adet baz\u0131nda\u00a0<strong>y\u00fczde 8.09<\/strong>\u00a0oran\u0131nda erime g\u00f6zlendi. Ekim ay\u0131nda markal\u0131 konutlardaki stok erime h\u0131z\u0131 rakamlar\u0131 de\u011ferlendirildi\u011finde,adet baz\u0131nda\u00a0<strong>y\u00fczde 6.82<\/strong>\u00a0oran\u0131nda ger\u00e7ekle\u015fmi\u015fti.<\/p>\n<p>&nbsp;<\/p>\n<h2><strong>Devam eden konut projelerine ilgi artt\u0131\u00a0<\/strong><\/h2>\n<p>Kas\u0131m ay\u0131nda, sat\u0131s\u0327\u0131 gerc\u0327ekles\u0327tirilen markal\u0131 konutlar\u0131n\u00a0<strong>y\u00fczde 30.75<\/strong>\u2019i bitmis\u0327 konut stoklar\u0131ndan,\u00a0<strong>y\u00fczde 69.25\u2019<\/strong>i bitmemis\u0327 konut stoklar\u0131ndan olu\u015ftu. Ekim ay\u0131nda, sat\u0131s\u0327\u0131 gerc\u0327ekles\u0327tirilen markal\u0131 konutlar\u0131n\u00a0<strong>y\u00fczde 40.93<\/strong>\u2019\u00fc bitmis\u0327 konut stoklar\u0131ndan,\u00a0<strong>y\u00fczde 59.07<\/strong>\u2019si bitmemis\u0327 konut stoklar\u0131ndan olu\u015fmu\u015ftu.<\/p>\n","protected":false},"excerpt":{"rendered":"<p>&nbsp; \u00a0\u2018REIDIN-GYODER Yeni Konut Fiyat Endeksi\u2019 Kas\u0131m 2021 sonu\u00e7lar\u0131 a\u00e7\u0131kland\u0131. Endekse g\u00f6re Kas\u0131m ay\u0131nda fiyatlar,\u00a0bir \u00f6nceki aya g\u00f6re y\u00fczde 0.47, ge\u00e7en y\u0131l\u0131n ayn\u0131 d\u00f6nemine g\u00f6re y\u00fczde 4.18 oran\u0131nda artt\u0131. Raporun dikkat \u00e7eken ba\u015fl\u0131klar\u0131ndan olan markal\u0131\u00a0konutlardaki stok erime h\u0131z\u0131 rakamlar\u0131 de\u011ferlendirildi\u011finde,adet baz\u0131nda y\u00fczde 8.09 oran\u0131nda erime g\u00f6zlendi. Ekim ay\u0131na g\u00f6re h\u0131zla eriyen stoklarda ise\u00a0y\u00fczde 69.25\u2019ini bitmemi\u015f [&hellip;]<\/p>\n","protected":false},"author":1,"featured_media":32158,"comment_status":"open","ping_status":"open","sticky":false,"template":"","format":"standard","meta":{"ngg_post_thumbnail":0},"categories":[221],"tags":[6521],"_links":{"self":[{"href":"https:\/\/emlaktuel.com\/index.php?rest_route=\/wp\/v2\/posts\/37103"}],"collection":[{"href":"https:\/\/emlaktuel.com\/index.php?rest_route=\/wp\/v2\/posts"}],"about":[{"href":"https:\/\/emlaktuel.com\/index.php?rest_route=\/wp\/v2\/types\/post"}],"author":[{"embeddable":true,"href":"https:\/\/emlaktuel.com\/index.php?rest_route=\/wp\/v2\/users\/1"}],"replies":[{"embeddable":true,"href":"https:\/\/emlaktuel.com\/index.php?rest_route=%2Fwp%2Fv2%2Fcomments&post=37103"}],"version-history":[{"count":2,"href":"https:\/\/emlaktuel.com\/index.php?rest_route=\/wp\/v2\/posts\/37103\/revisions"}],"predecessor-version":[{"id":37105,"href":"https:\/\/emlaktuel.com\/index.php?rest_route=\/wp\/v2\/posts\/37103\/revisions\/37105"}],"wp:featuredmedia":[{"embeddable":true,"href":"https:\/\/emlaktuel.com\/index.php?rest_route=\/wp\/v2\/media\/32158"}],"wp:attachment":[{"href":"https:\/\/emlaktuel.com\/index.php?rest_route=%2Fwp%2Fv2%2Fmedia&parent=37103"}],"wp:term":[{"taxonomy":"category","embeddable":true,"href":"https:\/\/emlaktuel.com\/index.php?rest_route=%2Fwp%2Fv2%2Fcategories&post=37103"},{"taxonomy":"post_tag","embeddable":true,"href":"https:\/\/emlaktuel.com\/index.php?rest_route=%2Fwp%2Fv2%2Ftags&post=37103"}],"curies":[{"name":"wp","href":"https:\/\/api.w.org\/{rel}","templated":true}]}}