{"id":37098,"date":"2021-12-14T17:49:12","date_gmt":"2021-12-14T14:49:12","guid":{"rendered":"https:\/\/emlaktuel.com\/?p=37098"},"modified":"2021-12-14T17:49:12","modified_gmt":"2021-12-14T14:49:12","slug":"kktcnin-yerli-otomobili-gunsel-ilk-modeli-b9-ile-londrada","status":"publish","type":"post","link":"https:\/\/emlaktuel.com\/?p=37098","title":{"rendered":"KKTC\u2019nin yerli otomobili G\u00dcNSEL ilk modeli B9 ile Londra\u2019da!"},"content":{"rendered":"<p><strong>KKTC\u2019nin yerli otomobili G\u00dcNSEL\u2019in, ilk modeli B9 ile boy g\u00f6sterdi\u011fi London EV Show ba\u015flad\u0131!<\/strong><\/p>\n<p>Kuzey K\u0131br\u0131s T\u00fcrk Cumhuriyeti\u2019nde geli\u015ftirilen y\u00fczde 100 elektrikli otomobil markas\u0131 G\u00dcNSEL\u2019in ilk modeli B9 ile kat\u0131ld\u0131\u011f\u0131 elektrikli otomobil fuar\u0131 \u201cLondon EV Show\u201d, Londra\u2019da ba\u015flad\u0131. G\u00dcNSEL,\u00a014-16 Aral\u0131k tarihlerinde \u00fc\u00e7 g\u00fcn boyunca devam edecek London EV Show\u2019la K\u0131ta Avrupas\u0131na ilk ad\u0131m\u0131n\u0131 da atm\u0131\u015f oldu.<\/p>\n<p>Yak\u0131n Do\u011fu Olu\u015fumu\u2019nun giri\u015fimi ile 2016\u2019da kurulan G\u00dcNSEL, ilk modeli B9\u2019un ilk lansman\u0131n\u0131 20 \u015eubat 2020\u2019de KKTC\u2019nin Girne kentinde yapt\u0131. 18-21 Kas\u0131m 2020 tarihlerinde \u0130stanbul\u2019da d\u00fczenlenen M\u00dcS\u0130AD EXPO 2020 Fuar\u0131\u2019na kat\u0131larak ilk kez K\u0131br\u0131s d\u0131\u015f\u0131na \u00e7\u0131kan G\u00dcNSEL B9, London EV Show\u2019la, seri \u00fcretim \u00f6ncesinde d\u00fcnya otomotiv piyasas\u0131nda vitrine \u00e7\u0131km\u0131\u015f oldu.<\/p>\n<p>AR-GE merkezi ve \u00fcretim tesislerinin ilk faz yat\u0131r\u0131m\u0131n\u0131 2019\u2019da tamamlayan G\u00dcNSEL\u2019in \u00fcretim tesislerinin ikinci faz in\u015faat\u0131 Lefko\u015fa\u2019da tamamlanarak 2022\u2019nin ilk haftalar\u0131nda faaliyete al\u0131nacak. G\u00dcNSEL\u2019i seri \u00fcretime haz\u0131r hale getirmek i\u00e7in 250 tasar\u0131mc\u0131, m\u00fchendis ve tekniker \u00e7al\u0131\u015fmalar\u0131na devam ediyor. \u00dcretti\u011fi kalp k\u0131rm\u0131z\u0131s\u0131, ada mavisi, kumsal sar\u0131s\u0131, g\u00f6ky\u00fcz\u00fc mavisi, ta\u015f grisi prototipleri ile son bir y\u0131lda 2 binin \u00fczerinde test s\u00fcr\u00fc\u015f\u00fc yap\u0131lan G\u00dcNSEL, 2022\u2019nin sonunda seri \u00fcretime ba\u015flayarak 2027\u2019de 40 bin adetlik y\u0131ll\u0131k \u00fcretim kapasitesine ula\u015fmay\u0131 hedefliyor.<\/p>\n<h2><strong>Prof. Dr. \u0130rfan Suat G\u00fcnsel: \u201cKuzey K\u0131br\u0131s T\u00fcrk Cumhuriyeti\u2019mizin bayra\u011f\u0131n\u0131 d\u00fcnya devlerinin aras\u0131nda dalgaland\u0131rman\u0131n gururunu ya\u015f\u0131yoruz.\u201d<\/strong><\/h2>\n<p>G\u00dcNSEL\u2019in K\u0131br\u0131s adas\u0131nda \u00fcretilecek ilk otomobil oldu\u011funu hat\u0131rlatan G\u00dcNSEL Y\u00f6netim Kurulu Ba\u015fkan\u0131 Prof. Dr. \u0130rfan Suat G\u00fcnsel, \u201cBug\u00fcn Londra\u2019da ba\u015flayan London EV Show\u2019da Kuzey K\u0131br\u0131s T\u00fcrk Cumhuriyeti\u2019mizin bayra\u011f\u0131n\u0131 d\u00fcnya devlerinin aras\u0131nda dalgaland\u0131rman\u0131n gururunu ya\u015f\u0131yoruz\u201d dedi. Prof. Dr. \u0130rfan Suat G\u00fcnsel, \u201cYak\u0131n Do\u011fu \u00dcniversitesi\u2019nin bilim \u00fcretme ve AR-GE g\u00fcc\u00fc ile geli\u015ftirdi\u011fimiz G\u00dcNSEL&#8217;in London EV Show\u2019da d\u00fcnya vitrinine \u00e7\u0131kmas\u0131, \u00fclkemiz ad\u0131na tarihi bir an\u201d de\u011ferlendirmesini yapt\u0131. Prof. Dr. \u0130rfan Suat G\u00fcnsel, \u201cBa\u015fta Londra olmak \u00fczere Avrupa\u2019da ya\u015fayan T\u00fcrkleri, bu gurura ortak olmak i\u00e7in fuar\u0131n d\u00fczenlenece\u011fi Business Design Centre\u2019a davet ediyorum\u201d ifadesini kulland\u0131<\/p>\n","protected":false},"excerpt":{"rendered":"<p>KKTC\u2019nin yerli otomobili G\u00dcNSEL\u2019in, ilk modeli B9 ile boy g\u00f6sterdi\u011fi London EV Show ba\u015flad\u0131! Kuzey K\u0131br\u0131s T\u00fcrk Cumhuriyeti\u2019nde geli\u015ftirilen y\u00fczde 100 elektrikli otomobil markas\u0131 G\u00dcNSEL\u2019in ilk modeli B9 ile kat\u0131ld\u0131\u011f\u0131 elektrikli otomobil fuar\u0131 \u201cLondon EV Show\u201d, Londra\u2019da ba\u015flad\u0131. G\u00dcNSEL,\u00a014-16 Aral\u0131k tarihlerinde \u00fc\u00e7 g\u00fcn boyunca devam edecek London EV Show\u2019la K\u0131ta Avrupas\u0131na ilk ad\u0131m\u0131n\u0131 da atm\u0131\u015f [&hellip;]<\/p>\n","protected":false},"author":1,"featured_media":37099,"comment_status":"open","ping_status":"open","sticky":false,"template":"","format":"standard","meta":{"ngg_post_thumbnail":0},"categories":[5215,97,5388],"tags":[15624],"_links":{"self":[{"href":"https:\/\/emlaktuel.com\/index.php?rest_route=\/wp\/v2\/posts\/37098"}],"collection":[{"href":"https:\/\/emlaktuel.com\/index.php?rest_route=\/wp\/v2\/posts"}],"about":[{"href":"https:\/\/emlaktuel.com\/index.php?rest_route=\/wp\/v2\/types\/post"}],"author":[{"embeddable":true,"href":"https:\/\/emlaktuel.com\/index.php?rest_route=\/wp\/v2\/users\/1"}],"replies":[{"embeddable":true,"href":"https:\/\/emlaktuel.com\/index.php?rest_route=%2Fwp%2Fv2%2Fcomments&post=37098"}],"version-history":[{"count":1,"href":"https:\/\/emlaktuel.com\/index.php?rest_route=\/wp\/v2\/posts\/37098\/revisions"}],"predecessor-version":[{"id":37100,"href":"https:\/\/emlaktuel.com\/index.php?rest_route=\/wp\/v2\/posts\/37098\/revisions\/37100"}],"wp:featuredmedia":[{"embeddable":true,"href":"https:\/\/emlaktuel.com\/index.php?rest_route=\/wp\/v2\/media\/37099"}],"wp:attachment":[{"href":"https:\/\/emlaktuel.com\/index.php?rest_route=%2Fwp%2Fv2%2Fmedia&parent=37098"}],"wp:term":[{"taxonomy":"category","embeddable":true,"href":"https:\/\/emlaktuel.com\/index.php?rest_route=%2Fwp%2Fv2%2Fcategories&post=37098"},{"taxonomy":"post_tag","embeddable":true,"href":"https:\/\/emlaktuel.com\/index.php?rest_route=%2Fwp%2Fv2%2Ftags&post=37098"}],"curies":[{"name":"wp","href":"https:\/\/api.w.org\/{rel}","templated":true}]}}