{"id":36766,"date":"2021-09-22T13:20:29","date_gmt":"2021-09-22T10:20:29","guid":{"rendered":"https:\/\/emlaktuel.com\/?p=36766"},"modified":"2021-09-22T13:20:29","modified_gmt":"2021-09-22T10:20:29","slug":"konut-fiyatlarindaki-artis-insaat-maliyetlerinin-cok-altinda-seyrediyor","status":"publish","type":"post","link":"https:\/\/emlaktuel.com\/?p=36766","title":{"rendered":"\u201cKonut fiyatlar\u0131ndaki art\u0131\u015f in\u015faat maliyetlerinin \u00e7ok alt\u0131nda seyrediyor\u201d"},"content":{"rendered":"<p><strong><em>\u00a0<\/em><\/strong><strong><em>Konut fiyatlar\u0131n\u0131n, in\u015faat maliyetleriyle k\u0131yasland\u0131\u011f\u0131nda y\u00fcksek olmad\u0131\u011f\u0131na dikkat \u00e7eken Baha\u015f Holding CEO\u2019su Abd\u00fcssamet Bahad\u0131r \u201cKonut fiyatlar\u0131 maliyetlerle ayn\u0131 oranda y\u00fckselmiyor. Mevcut maliyetlere bak\u0131ld\u0131\u011f\u0131nda konut fiyatlar\u0131n\u0131n daha y\u00fcksek olmas\u0131 gerekir, maliyetler dolar ve enflasyona oranla iki kat\u0131ndan fazla artm\u0131\u015f durumda\u201d dedi. <\/em><\/strong><\/p>\n<p><strong>\u00a0<\/strong><\/p>\n<p>\u0130n\u015faat girdi maliyetlerindeki fahi\u015f y\u00fckseli\u015f devam ederken, sekt\u00f6rdeki dengesizliklerden yak\u0131nan konut \u00fcreticileri de \u00e7areyi endi\u015felerini dile getirmekte buluyor. Mevcut maliyetlere bak\u0131ld\u0131\u011f\u0131nda konut fiyatlar\u0131n\u0131n daha y\u00fcksek olmas\u0131 gerekti\u011fine dikkat \u00e7eken Baha\u015f Holding CEO\u2019su Abd\u00fcssamet Bahad\u0131r, maliyetlerin dolar ve enflasyona oranla iki kattan fazla art\u0131\u011f\u0131n\u0131 belirtti. Konut fiyatlar\u0131ndaki y\u00fckseli\u015fin ba\u015fl\u0131ca sebebinin, maliyetlerdeki g\u00f6zle g\u00f6r\u00fclmeyen art\u0131\u015flar oldu\u011funu s\u00f6yleyen Bahad\u0131r \u201cKonut fiyatlar\u0131, in\u015faat maliyetleriyle k\u0131yasland\u0131\u011f\u0131nda y\u00fcksek de\u011fil, maliyetlerle ayn\u0131 oranda y\u00fckselmiyor. Konut fiyatlar\u0131ndaki art\u0131\u015flar\u0131n ba\u015fl\u0131ca sebebi; maliyetlerdeki g\u00f6zle g\u00f6r\u00fclmeyen ve kimsenin fark\u0131nda olmad\u0131\u011f\u0131 art\u0131\u015flar. \u00dcstelik arsa, i\u015f\u00e7ilik ve pazarlama gibi giderler hi\u00e7 hesaba kat\u0131lm\u0131yor. Oysa konut maliyetini olu\u015fturan ana kalemler; arsa, i\u015f\u00e7ilik, \u00e7imento, demir-\u00e7elik, seramik, mermer, boya, al\u00e7\u0131, plastik do\u011frama, ah\u015fap ve cam. Bu maliyetler aras\u0131nda en b\u00fcy\u00fck pay\u0131 ise arsa al\u0131yor. T\u00fcrkiye\u2019de arsa maliyetinin toplam konut maliyeti i\u00e7indeki pay\u0131 y\u00fczde 60\u2019lara kadar \u00e7\u0131kabiliyor. Demir fiyatlar\u0131na son bir sene i\u00e7erisinde y\u00fczde 120 artmas\u0131n\u0131n yan\u0131 s\u0131ra di\u011fer art\u0131\u015flara bakt\u0131\u011f\u0131m\u0131zda akla gelmeyen girdilerin ne kadar \u00e7ok yer kaplad\u0131\u011f\u0131n\u0131 g\u00f6r\u00fcyoruz. \u00d6rnek vermek gerekirse, PVC hammaddesindeki art\u0131\u015f y\u00fczde 258\u2019i, sac levhadaki art\u0131\u015f y\u00fczde 327\u2019yi ve bak\u0131r hammaddesindeki art\u0131\u015f y\u00fczde 115\u2019i ve haz\u0131r betondaki art\u0131\u015f y\u00fczde 69\u2019u bulmu\u015f durumda\u201d diye konu\u015ftu.<\/p>\n<h2><strong>Vatanda\u015f\u0131n konut hayali ortadan kalkt\u0131<\/strong><\/h2>\n<p>\u0130n\u015faat malzeme fiyatlar\u0131n\u0131n konut fiyatlar\u0131n\u0131 belirleyen en \u00f6nemli unsur oldu\u011funu hat\u0131rlatan Abd\u00fcssamet Bahad\u0131r, bu \u015fartlar alt\u0131nda al\u0131m g\u00fcc\u00fc d\u00fc\u015fen vatanda\u015f\u0131n konut alma imkan\u0131n\u0131n ortadan kalkt\u0131\u011f\u0131na dikkat \u00e7ekti. Bahad\u0131r \u201cBu y\u0131l in\u015faat yapmaya kalkan m\u00fcteahhidin bildi\u011fi t\u00fcm hesaplar \u015fa\u015f\u0131yor, kar\u015f\u0131la\u015ft\u0131\u011f\u0131 rakamlar hesaplar\u0131n\u0131 alt \u00fcst ediyor. Bu durum en \u00e7ok da orta ve alt kategoride bina in\u015fa eden konut \u00fcreticisini de etkiliyor. Ancak t\u00fcm bunlara ra\u011fmen konutlara bakt\u0131\u011f\u0131m\u0131zda fiyat art\u0131\u015flar\u0131, maliyetlerin art\u0131\u015f\u0131na k\u0131yasla hi\u00e7 artmam\u0131\u015f gibi duruyor. M\u00fcteahhit satt\u0131\u011f\u0131n\u0131 yerine koyam\u0131yor\u201d dedi.<\/p>\n<h2><strong>Sekt\u00f6r temsilcileri kampanya beklentisi i\u00e7erisinde<\/strong><\/h2>\n<p>Mevcut \u015fartlar alt\u0131nda konut sat\u0131\u015flar\u0131n\u0131n artmas\u0131 i\u00e7in birtak\u0131m tedbirlerin al\u0131nmas\u0131 gerekti\u011fine dikkat \u00e7eken Abd\u00fcssamet Bahad\u0131r, \u015funlar\u0131 s\u00f6yledi: \u201cGe\u00e7en yaz oldu\u011fu gibi bu y\u0131l da kamu bankalar\u0131n\u0131n \u00f6nc\u00fcl\u00fc\u011f\u00fcnde kampanyalar d\u00fczenlenmeli ve kredi faiz oranlar\u0131 y\u00fczde 1\u2019in alt\u0131na d\u00fc\u015f\u00fcr\u00fclmeli. Bu y\u0131l da yaz ba\u015f\u0131ndan bu yana sekt\u00f6r temsilcileri benzer bir beklenti i\u00e7erisinde. Hatta ev almak i\u00e7in faiz indirimini bekleyen bir kitle olu\u015ftu.<\/p>\n<p>Bu t\u00fcr bir uygulama, pandemi \u015fartlar\u0131nda gayrimenkul sekt\u00f6r\u00fcne can suyu olur ve piyasaya hareket getirir. 2020 y\u0131l\u0131nda faiz oranlar\u0131n\u0131n y\u00fczde 1\u2019in alt\u0131na indirilmesinin sat\u0131\u015flarda yaratt\u0131\u011f\u0131 pozitif etki a\u00e7\u0131s\u0131ndan, zirveyi g\u00f6rd\u00fck. Yat\u0131r\u0131mc\u0131lar, art\u0131\u015fa ge\u00e7en d\u00f6viz ve alt\u0131n fiyatlar\u0131na ra\u011fmen yat\u0131r\u0131m\u0131n\u0131 sekt\u00f6rden yana kulland\u0131. Yast\u0131k alt\u0131nda bekleyen yat\u0131r\u0131mlar da g\u00fcn y\u00fcz\u00fcne \u00e7\u0131kt\u0131.\u201d<\/p>\n<p><strong><em><u>Baha\u015f Holding hakk\u0131nda:<\/u><\/em><\/strong><\/p>\n<p><em>\u0130n\u015faat m\u00fcteahhitli\u011fi, gayrimenkul geli\u015ftirme ve kentsel d\u00f6n\u00fc\u015f\u00fcm alanlar\u0131nda k\u00f6kl\u00fc bir tecr\u00fcbeye sahip olan Baha\u015f Holding, 31 y\u0131ld\u0131r in\u015faat, taahh\u00fct, sa\u011fl\u0131k, turizm, tar\u0131m, hayvanc\u0131l\u0131k, oyuncak, akaryak\u0131t, sat\u0131\u015f, proje y\u00f6netimi ve teknoloji gibi farkl\u0131 alanlarda faaliyet g\u00f6steriyor. Hayata ge\u00e7irdi\u011fi b\u00fcy\u00fck \u00f6l\u00e7ekli konut sitelerinin yan\u0131 s\u0131ra imza att\u0131\u011f\u0131 kentsel d\u00f6n\u00fc\u015f\u00fcm projeleriyle de \u0130stanbul\u2019un d\u00f6n\u00fc\u015f\u00fcm\u00fcnde ana akt\u00f6rlerden biri haline gelen Baha\u015f Holding, her t\u00fcr yap\u0131n\u0131n teknik altyap\u0131s\u0131n\u0131, sosyal tesislerini, \u00e7evre ve peyzaj d\u00fczenlemelerini de \u00fcstleniyor. Kamu kurum ve kurulu\u015flar\u0131na y\u00f6nelik okul, hastane, yol, k\u00f6pr\u00fc gibi b\u00fcy\u00fck projelere imza atan Baha\u015f Holding, bug\u00fcne kadar anahtar teslimi 100\u2019e yak\u0131n projeyi tamamlam\u0131\u015f bulunuyor. \u00d6zyurtlar Holding ile birlikte \u2018Meydan Ard\u0131\u00e7l\u0131\u2019 ve \u2018NLogo \u0130stanbul\u2019, \u00c7evre ve \u015eehircilik Bakanl\u0131\u011f\u0131 ve Gaziosmanpa\u015fa Belediyesi g\u00fcvencesiyle Gaziosmanpa\u015fa\u2019da \u2018GOP Plevne Kentsel D\u00f6n\u00fc\u015f\u00fcm Projesi\u2019ni y\u00fcr\u00fcten Baha\u015f Holding, ba\u015flatt\u0131\u011f\u0131 kentsel d\u00f6n\u00fc\u015f\u00fcm hareketi \u00e7er\u00e7evesinde yeni yat\u0131r\u0131mlar\u0131n\u0131 da aral\u0131ks\u0131z hayata ge\u00e7irmeye devam ediyor. Baha\u015f Holding, halihaz\u0131rda \u00c7evre ve \u015eehircilik Bakanl\u0131\u011f\u0131 ve \u00dcsk\u00fcdar Belediyesi\u2019nin deste\u011fiyle \u0130stanbul\u2019un 2\u2019nci en b\u00fcy\u00fck kentsel d\u00f6n\u00fc\u015f\u00fcm projesi olan \u2018\u00dcsk\u00fcdar Mahallesi Kentsel D\u00f6n\u00fc\u015f\u00fcm Projesi\u2019ni in\u015fa etmeye haz\u0131rlan\u0131yor. Kentsel d\u00f6n\u00fc\u015f\u00fcmde B\u00fcy\u00fck\u00e7ekmece\u2019nin en b\u00fcy\u00fck m\u00fcteahhidi konumunda olan Baha\u015f Holding, B\u00fcy\u00fck\u00e7ekmece\u2019yi yeniden in\u015fa ediyor. B\u00fcy\u00fck\u00e7ekmece\u2019de hedefledi\u011fi kentsel d\u00f6n\u00fc\u015f\u00fcm projeleri kapsam\u0131nda 1.450 konut 50 ticari alandan olu\u015fan \u201cHilal Hill B\u00fcy\u00fck\u00e7ekmece Kentsel D\u00f6n\u00fc\u015f\u00fcm\u201d Projesi\u2019yle 800 riskli konutu d\u00f6n\u00fc\u015ft\u00fcrmeye ba\u015flayan Baha\u015f Holding, Mahmutbey ve Fulya\u2019da yeni kentsel d\u00f6n\u00fc\u015f\u00fcm projelerine imza atmaya haz\u0131rlan\u0131yor. \u0130stanbul\u2019un farkl\u0131 b\u00f6lgelerinde arazi ve proje geli\u015ftirme \u00e7al\u0131\u015fmalar\u0131na da devam eden Baha\u015f Holding, yurt d\u0131\u015f\u0131 yat\u0131r\u0131mlar\u0131na da a\u011f\u0131rl\u0131k vermeye ba\u015flad\u0131. Kuzey Makedonya ve Ukrayna\u2019da in\u015faat faaliyetleri i\u00e7in \u015firket kuran Baha\u015f Holding, Makedonya\/\u00dcsk\u00fcp\u2019te 23 bin metrekare arazi sat\u0131n alarak villa projesi yapmak i\u00e7in \u00e7al\u0131\u015fmalar\u0131na ba\u015flad\u0131.<\/em><\/p>\n<p>&nbsp;<\/p>\n<p>444 88 24\u00a0\u00a0\u00a0\u00a0\u00a0\u00a0\u00a0\u00a0\u00a0 www.bahasholding.com<\/p>\n<p>&nbsp;<\/p>\n<p><em>\u00a0<\/em><\/p>\n","protected":false},"excerpt":{"rendered":"<p>\u00a0Konut fiyatlar\u0131n\u0131n, in\u015faat maliyetleriyle k\u0131yasland\u0131\u011f\u0131nda y\u00fcksek olmad\u0131\u011f\u0131na dikkat \u00e7eken Baha\u015f Holding CEO\u2019su Abd\u00fcssamet Bahad\u0131r \u201cKonut fiyatlar\u0131 maliyetlerle ayn\u0131 oranda y\u00fckselmiyor. Mevcut maliyetlere bak\u0131ld\u0131\u011f\u0131nda konut fiyatlar\u0131n\u0131n daha y\u00fcksek olmas\u0131 gerekir, maliyetler dolar ve enflasyona oranla iki kat\u0131ndan fazla artm\u0131\u015f durumda\u201d dedi. \u00a0 \u0130n\u015faat girdi maliyetlerindeki fahi\u015f y\u00fckseli\u015f devam ederken, sekt\u00f6rdeki dengesizliklerden yak\u0131nan konut \u00fcreticileri de \u00e7areyi [&hellip;]<\/p>\n","protected":false},"author":1,"featured_media":17915,"comment_status":"open","ping_status":"open","sticky":false,"template":"","format":"standard","meta":{"ngg_post_thumbnail":0},"categories":[221,5388],"tags":[9141,1275],"_links":{"self":[{"href":"https:\/\/emlaktuel.com\/index.php?rest_route=\/wp\/v2\/posts\/36766"}],"collection":[{"href":"https:\/\/emlaktuel.com\/index.php?rest_route=\/wp\/v2\/posts"}],"about":[{"href":"https:\/\/emlaktuel.com\/index.php?rest_route=\/wp\/v2\/types\/post"}],"author":[{"embeddable":true,"href":"https:\/\/emlaktuel.com\/index.php?rest_route=\/wp\/v2\/users\/1"}],"replies":[{"embeddable":true,"href":"https:\/\/emlaktuel.com\/index.php?rest_route=%2Fwp%2Fv2%2Fcomments&post=36766"}],"version-history":[{"count":1,"href":"https:\/\/emlaktuel.com\/index.php?rest_route=\/wp\/v2\/posts\/36766\/revisions"}],"predecessor-version":[{"id":36767,"href":"https:\/\/emlaktuel.com\/index.php?rest_route=\/wp\/v2\/posts\/36766\/revisions\/36767"}],"wp:featuredmedia":[{"embeddable":true,"href":"https:\/\/emlaktuel.com\/index.php?rest_route=\/wp\/v2\/media\/17915"}],"wp:attachment":[{"href":"https:\/\/emlaktuel.com\/index.php?rest_route=%2Fwp%2Fv2%2Fmedia&parent=36766"}],"wp:term":[{"taxonomy":"category","embeddable":true,"href":"https:\/\/emlaktuel.com\/index.php?rest_route=%2Fwp%2Fv2%2Fcategories&post=36766"},{"taxonomy":"post_tag","embeddable":true,"href":"https:\/\/emlaktuel.com\/index.php?rest_route=%2Fwp%2Fv2%2Ftags&post=36766"}],"curies":[{"name":"wp","href":"https:\/\/api.w.org\/{rel}","templated":true}]}}