{"id":36755,"date":"2021-09-20T11:34:44","date_gmt":"2021-09-20T08:34:44","guid":{"rendered":"https:\/\/emlaktuel.com\/?p=36755"},"modified":"2021-09-20T11:34:44","modified_gmt":"2021-09-20T08:34:44","slug":"gunsel-dunya-otomotiv-vitrininde","status":"publish","type":"post","link":"https:\/\/emlaktuel.com\/?p=36755","title":{"rendered":"G\u00dcNSEL, d\u00fcnya otomotiv vitrininde!"},"content":{"rendered":"<p><strong>KKTC\u2019nin yerli ve milli otomobili G\u00dcNSEL, Almanya&#8217;n\u0131n M\u00fcnih kentinde d\u00fczenlenen Uluslararas\u0131 Otomobil Fuar\u0131 IAA Mobility\u2019de tedarik\u00e7ileri ile bulu\u015ftu. G\u00dcNSEL, sonraki duraklar\u0131 Londra, Cenevre ve Pekin\u2019de d\u00fczenlenecek otomobil fuarlar\u0131na ilk modeli B9 ile kat\u0131larak d\u00fcnya vitrinine \u00e7\u0131kacak&#8230;<\/strong><\/p>\n<p>COVID-19 pandemisi sonras\u0131nda d\u00fczenlenen ilk otomobil fuar\u0131 olan Uluslararas\u0131 Otomobil Fuar\u0131 (IAA Mobility), Almanya&#8217;n\u0131n M\u00fcnih kentinde d\u00fczenlendi. Kuzey K\u0131br\u0131s T\u00fcrk Cumhuriyeti\u2019nin yerli ve milli otomobili G\u00dcNSEL, IAA Mobility\u2019ye kat\u0131larak tedarik\u00e7ileri ve potansiyel tedarik\u00e7ileri ile bulu\u015ftu. G\u00dcNSEL, Aral\u0131k ay\u0131nda Londra\u2019da, \u015eubat 2022\u2019de Cenevre\u2019de ve Nisan 2022\u2019de ise Pekin\u2019de d\u00fczenlenecek otomotiv fuarlar\u0131na ara\u00e7la kat\u0131larak ilk modeli B9\u2019u otomotiv d\u00fcnyas\u0131n\u0131n en \u00f6nemli fuarlar\u0131nda d\u00fcnyaya tan\u0131tacak.<\/p>\n<p>7-12 Eyl\u00fcl tarihleri aras\u0131nda Almanya\u2019n\u0131n M\u00fcnih kentinde d\u00fczenlenen IAA MOBILITY, d\u00fcnyan\u0131n \u00f6nemli otomobil fuarlar\u0131ndan biri olarak \u00f6ne \u00e7\u0131k\u0131yor. Pek \u00e7ok uluslararas\u0131 otomotiv markas\u0131n\u0131n yeni modellerini g\u00fcn y\u00fcz\u00fcne \u00e7\u0131kard\u0131\u011f\u0131 fuar, d\u00fcnya otomotiv piyasas\u0131na y\u00f6n veren \u00fcreticileri, tedarik\u00e7ileri ve son kullan\u0131c\u0131lar\u0131 bir araya getirdi. Pandemi sonras\u0131nda d\u00fczenlenen ilk otomobil fuar\u0131 olan IAA MOBILITY\u2019nin ard\u0131ndan ba\u015fta Londra, Cenevre ve Pekin olmak \u00fczere pek \u00e7ok kentte otomobil fuarlar\u0131 d\u00fczenlenmeye devam edecek.<\/p>\n<h2><strong>G\u00dcNSEL\u2019in sonaki duraklar\u0131 Londra, Cenevre ve Pekin\u00a0<\/strong><\/h2>\n<p>IAA MOBILITY\u2019de tedarik\u00e7ileri ile bulu\u015fan KKTC\u2019nin elektrikli otomobili G\u00dcNSEL\u2019in ilk lansman\u0131 20 \u015eubat 2020\u2019de Girne\u2019de yap\u0131lm\u0131\u015ft\u0131. Sonras\u0131nda 18-21 Kas\u0131m 2020 tarihleri aras\u0131nda T\u00dcYAP Fuar ve Kongre Merkezi\u2019nde d\u00fczenlenen M\u00dcS\u0130AD EXPO 2020 Fuar\u0131 ile T\u00fcrkiye lansman\u0131n\u0131 da ger\u00e7ekle\u015ftiren G\u00dcNSEL\u2019in Avrupa\u2019daki ilk dura\u011f\u0131 ise Almanya M\u00fcnih oldu. G\u00dcNSEL, Aral\u0131k ay\u0131nda Londra\u2019da, \u015eubat 2022\u2019de Cenevre\u2019de ve Nisan 2022\u2019de ise Pekin\u2019de d\u00fczenlenecek otomotiv fuarlar\u0131na da kat\u0131larak ilk modeli B9\u2019u otomotiv d\u00fcnyas\u0131n\u0131n en \u00f6nemli fuarlar\u0131nda d\u00fcnyaya tan\u0131tacak.<\/p>\n<p><strong>Prof. Dr. \u0130rfan Suat G\u00fcnsel: \u201cKKTC\u2019mizin yerli ve milli otomobili G\u00dcNSEL ile Londra, Cenevre ve Pekin\u2019de kat\u0131laca\u011f\u0131m\u0131z fuarlarla ilk modelimiz B9\u2019u d\u00fcnya vitrinine \u00e7\u0131karaca\u011f\u0131z.\u201d<\/strong><\/p>\n<p>Almanya, M\u00fcnih\u2019te d\u00fczenlenen Uluslararas\u0131 Otomobil Fuar\u0131 IAA Mobility\u2019de tedarik\u00e7ileri ile bulu\u015farak elektrikli otomotivin gelece\u011fini yak\u0131ndan g\u00f6zlemleme \u015fans\u0131 yakalad\u0131klar\u0131n\u0131 s\u00f6yleyen Yak\u0131n Do\u011fu Olu\u015fumu M\u00fctevelli Heyeti Ba\u015fkan\u0131 Prof. Dr. \u0130rfan Suat G\u00fcnsel, \u201cKKTC\u2019mizin yerli ve milli otomobili G\u00dcNSEL ile Londra, Cenevre ve Pekin\u2019de kat\u0131laca\u011f\u0131m\u0131z fuarlarla ilk modelimiz B9\u2019u d\u00fcnya vitrinine \u00e7\u0131karaca\u011f\u0131z\u201d dedi.<\/p>\n<p>G\u00dcNSEL \u00dcretim Tesisleri\u2019nin ikinci faz yat\u0131r\u0131m\u0131n\u0131n Yak\u0131n Do\u011fu \u00dcniversitesi kamp\u00fcs\u00fcnde s\u00fcrd\u00fcrd\u00fcklerini hat\u0131rlatan Prof. Dr. \u0130rfan Suat G\u00fcnsel, \u201cSeri \u00fcretime \u00e7ok yakla\u015ft\u0131\u011f\u0131m\u0131z bu d\u00f6nemde, Aral\u0131k ay\u0131nda Londra\u2019da, \u015eubat 2022\u2019de Cenevre\u2019de ve Nisan 2022\u2019de ise Pekin\u2019de d\u00fczenlenecek otomotiv fuarlar\u0131na ilk modelimiz B9 ile kat\u0131larak G\u00dcNSEL\u2019imizi d\u00fcnyaya tan\u0131tmaya ve \u00fclkemizi temsil etmeye devam edece\u011fiz\u201d dedi<\/p>\n","protected":false},"excerpt":{"rendered":"<p>KKTC\u2019nin yerli ve milli otomobili G\u00dcNSEL, Almanya&#8217;n\u0131n M\u00fcnih kentinde d\u00fczenlenen Uluslararas\u0131 Otomobil Fuar\u0131 IAA Mobility\u2019de tedarik\u00e7ileri ile bulu\u015ftu. G\u00dcNSEL, sonraki duraklar\u0131 Londra, Cenevre ve Pekin\u2019de d\u00fczenlenecek otomobil fuarlar\u0131na ilk modeli B9 ile kat\u0131larak d\u00fcnya vitrinine \u00e7\u0131kacak&#8230; COVID-19 pandemisi sonras\u0131nda d\u00fczenlenen ilk otomobil fuar\u0131 olan Uluslararas\u0131 Otomobil Fuar\u0131 (IAA Mobility), Almanya&#8217;n\u0131n M\u00fcnih kentinde d\u00fczenlendi. Kuzey K\u0131br\u0131s [&hellip;]<\/p>\n","protected":false},"author":1,"featured_media":36756,"comment_status":"open","ping_status":"open","sticky":false,"template":"","format":"standard","meta":{"ngg_post_thumbnail":0},"categories":[5215],"tags":[15561],"_links":{"self":[{"href":"https:\/\/emlaktuel.com\/index.php?rest_route=\/wp\/v2\/posts\/36755"}],"collection":[{"href":"https:\/\/emlaktuel.com\/index.php?rest_route=\/wp\/v2\/posts"}],"about":[{"href":"https:\/\/emlaktuel.com\/index.php?rest_route=\/wp\/v2\/types\/post"}],"author":[{"embeddable":true,"href":"https:\/\/emlaktuel.com\/index.php?rest_route=\/wp\/v2\/users\/1"}],"replies":[{"embeddable":true,"href":"https:\/\/emlaktuel.com\/index.php?rest_route=%2Fwp%2Fv2%2Fcomments&post=36755"}],"version-history":[{"count":1,"href":"https:\/\/emlaktuel.com\/index.php?rest_route=\/wp\/v2\/posts\/36755\/revisions"}],"predecessor-version":[{"id":36757,"href":"https:\/\/emlaktuel.com\/index.php?rest_route=\/wp\/v2\/posts\/36755\/revisions\/36757"}],"wp:featuredmedia":[{"embeddable":true,"href":"https:\/\/emlaktuel.com\/index.php?rest_route=\/wp\/v2\/media\/36756"}],"wp:attachment":[{"href":"https:\/\/emlaktuel.com\/index.php?rest_route=%2Fwp%2Fv2%2Fmedia&parent=36755"}],"wp:term":[{"taxonomy":"category","embeddable":true,"href":"https:\/\/emlaktuel.com\/index.php?rest_route=%2Fwp%2Fv2%2Fcategories&post=36755"},{"taxonomy":"post_tag","embeddable":true,"href":"https:\/\/emlaktuel.com\/index.php?rest_route=%2Fwp%2Fv2%2Ftags&post=36755"}],"curies":[{"name":"wp","href":"https:\/\/api.w.org\/{rel}","templated":true}]}}