{"id":36733,"date":"2021-09-15T11:00:03","date_gmt":"2021-09-15T08:00:03","guid":{"rendered":"https:\/\/emlaktuel.com\/?p=36733"},"modified":"2021-09-15T11:28:59","modified_gmt":"2021-09-15T08:28:59","slug":"turk-cimento-anadolu-bulusmalarinin-ucuncusunu-gaziantepte-yapti","status":"publish","type":"post","link":"https:\/\/emlaktuel.com\/?p=36733","title":{"rendered":"T\u00fcrk \u00c7imento Anadolu bulu\u015fmalar\u0131n\u0131n be\u015fincisi Gaziantep&#8217;te yapt\u0131"},"content":{"rendered":"<p><strong><em>T\u00dcRK\u00c7\u0130MENTO\u2019nun Gaziantep\u2019te d\u00fczenledi\u011fi Anadolu Bulu\u015fmalar\u0131\u2019nda konu\u015fan Y\u00f6netim Kurulu Ba\u015fkan\u0131 Fatih Y\u00fccelik, \u201c\u00c7ime<\/em><\/strong><strong><em>nto sekt\u00f6r\u00fc olarak y\u00fcksek maliyet art\u0131\u015flar\u0131ndan kaynakl\u0131 b\u00fcy\u00fck fiyat bask\u0131lamas\u0131na maruz kald\u0131\u011f\u0131m\u0131z d\u00f6nemlerde dahi \u00fclkemize katma de\u011fer yaratacak \u00e7al\u0131\u015fmalara imza atmaktan geri durmad\u0131k. \u0130n\u015faat sekt\u00f6r\u00fc proje \u00fcretsin, biz T\u00fcrkiye\u2019ye yeteriz. Her yerde \u00e7imento fabrikalar\u0131m\u0131z var\u201d dedi.<\/em><\/strong><\/p>\n<p>&nbsp;<\/p>\n<p>\u00c7imento sekt\u00f6r\u00fcn\u00fcn %94\u2019\u00fcn\u00fc temsil eden T\u00dcRK\u00c7\u0130MENTO\u2019nun geleneksel hale gelen Anadolu Bulu\u015fmalar\u0131 bu kez Gaziantep\u2019te yap\u0131ld\u0131. Gaziantep\u2019teki bulu\u015fma\u00a0<strong>T\u00dcRK\u00c7\u0130MENTO Y\u00f6netim Kurulu Ba\u015fkan\u0131 Fatih Y\u00fccelik<\/strong>,\u00a0<strong>Ba\u015fkan Vekili Adil Sani Konuko\u011flu\u00a0<\/strong>ve\u00a0<strong>Ba\u015fkan Yard\u0131mc\u0131s\u0131 Nihat \u00d6zdemir\u2019in<\/strong>\u00a0kat\u0131l\u0131m\u0131yla ger\u00e7ekle\u015fti. \u00c7imento sekt\u00f6r\u00fcn\u00fcn temsilcileri, son g\u00fcnlerde ya\u015fanan maliyet-fiyat tart\u0131\u015fmas\u0131na da de\u011finerek, d\u00fcnyada en ucuz \u00e7imentonun T\u00fcrkiye\u2019de sat\u0131ld\u0131\u011f\u0131na dikkat \u00e7ekti. Konu\u015fmac\u0131lar, \u00e7imento ihracat\u0131na getirilmesi d\u00fc\u015f\u00fcn\u00fclen ihracat k\u0131s\u0131tlamas\u0131n\u0131n ise T\u00fcrkiye\u2019de zaten d\u00fc\u015f\u00fck olan kapasite kullan\u0131m\u0131n\u0131 daha da azaltarak maliyetleri yukar\u0131 \u00e7ekebilece\u011fi uyar\u0131s\u0131nda bulundu.<\/p>\n<p><strong>\u00a0<\/strong><\/p>\n<p>\u00c7imento ihracat\u0131n\u0131n durdurulmas\u0131 konusunu de\u011ferlendiren\u00a0<strong>Fatih Y\u00fccelik,<\/strong>\u00a0sekt\u00f6r\u00fcn ihracata b\u00fcy\u00fcmeyi hedefledi\u011fini hat\u0131rlatarak, \u201cSekt\u00f6r\u00fcn fazla tonaj\u0131 var. \u0130\u00e7 pazardaki t\u00fcketim belli. \u0130hracata bir k\u0131s\u0131tlama getirilmesi halinde fabrikalar tonajlar\u0131n\u0131 d\u00fc\u015f\u00fcrmek zorunda kal\u0131rlar. Matematiksel olarak de\u011ferlendirildi\u011finde bu maliyetlerin artmas\u0131 demektir. Biz tam kapasite \u00fcreterek i\u00e7erdeki maliyeti de d\u00fc\u015f\u00fcrmeye \u00e7al\u0131\u015f\u0131yoruz. \u0130hracata mal veremezsek olu\u015facak maliyetlerin i\u00e7 piyasa fiyatlar\u0131na yans\u0131mas\u0131 muhtemeldir. . Sekt\u00f6r\u00fcn kapasite kullan\u0131m oran\u0131 y\u00fczde 60-70 aras\u0131\u2026 Kullan\u0131lmayan kapasite %30 &#8211; 40 civar\u0131. Proje \u00fcretilsin biz T\u00fcrkiye\u2019ye yeteriz. Her yerde \u00fcretime haz\u0131r fabrikalar\u0131m\u0131z var\u201d diye konu\u015ftu. \u00a0<strong>Adil Sani Konuko\u011flu<\/strong>\u00a0ise \u201c\u0130hracat\u0131\u00a0durdurursan\u0131z eksik kapasite \u00e7al\u0131\u015f\u0131rs\u0131n\u0131z, \u00fcretim d\u00fc\u015fer. Birim ba\u015f\u0131 maliyet daha da artar. \u0130n\u015faat\u00e7\u0131lar fabrika kuracakm\u0131\u015f gelsinler biz fabrikalar\u0131 satal\u0131m. Oldu\u011fu gibi devretmeye haz\u0131r\u0131z yat\u0131rd\u0131\u011f\u0131m\u0131z paray\u0131 bize verin yeter ki\u201d dedi.\u00a0<strong>Nihat \u00d6zdemir<\/strong>\u00a0de ihracata getirilecek bir k\u0131s\u0131tlaman\u0131n yabanc\u0131 sermayeyi \u00fczece\u011fine dikkat \u00e7ekerek, bunun T\u00fcrkiye ekonomisi a\u00e7\u0131s\u0131ndan da s\u0131k\u0131nt\u0131 yarataca\u011f\u0131n\u0131 s\u00f6yledi.<\/p>\n<p>&nbsp;<\/p>\n<p>&nbsp;<\/p>\n<p>&nbsp;<\/p>\n<p><strong>\u00a0<\/strong><\/p>\n<p><strong>\u201cPANDEM\u0130YE RA\u011eMEN \u0130N\u015eAAT SEKT\u00d6R\u00dcN\u00dcN DEVAMLILI\u011eI \u0130\u00c7\u0130N \u00c7ABA G\u00d6STERD\u0130K\u201d<\/strong><\/p>\n<p><strong>\u00a0<\/strong><\/p>\n<p><strong>T\u00dcRK\u00c7\u0130MENTO Y\u00f6netim Kurulu Ba\u015fkan\u0131 Fatih Y\u00fccelik,<\/strong>\u00a0Anadolu Bulu\u015fmalar\u0131\u2019nda yapt\u0131\u011f\u0131 konu\u015fmada, T\u00fcrkiye\u2019nin\u00a0yakla\u015f\u0131k 115 milyon ton toplam kapasiteyle Avrupa\u2019n\u0131n en b\u00fcy\u00fck ve D\u00fcnya\u2019n\u0131n ise 5. b\u00fcy\u00fck \u00fcreticisi ve d\u00fcnyan\u0131n en b\u00fcy\u00fck 2. ihracat\u00e7\u0131s\u0131 oldu\u011funu hat\u0131rlatarak, \u015funlar\u0131 s\u00f6yledi:<\/p>\n<p>\u201cSon 10 y\u0131lda, sekt\u00f6r\u00fcm\u00fcz 2 milyar dolara yak\u0131n yeni fabrika yat\u0131r\u0131m\u0131 yaparak \u00fcretim kapasitesini 2 kat\u0131na \u00e7\u0131kard\u0131. Bu d\u00f6nemde in\u015faat sekt\u00f6r\u00fcn\u00fcn ihtiyac\u0131 olan \u00e7imento tamamen yerel \u00fcretimden kar\u015f\u0131land\u0131.\u00a0\u00c7imento sekt\u00f6r\u00fc, 2020 sonu itibariyle 55\u2019i entegre 76 tesis ile 17.200 ki\u015fiye istihdam sa\u011fl\u0131yor. Sekt\u00f6r\u00fcm\u00fcz\u00fcn i\u00e7 piyasa cirosu yakla\u015f\u0131k 1,7 milyar $, ihracat geliri ise 1,1 milyar dolar.\u201d<\/p>\n<p><strong>\u00a0<\/strong><\/p>\n<p>D\u00fcnyay\u0131 etkisi alt\u0131na alan COVID-19 pandemisinin, \u00fcretim ve ekonomiye b\u00fcy\u00fck darbeye yol a\u00e7t\u0131\u011f\u0131 d\u00f6nemde de in\u015faat sekt\u00f6r\u00fcn\u00fcn devaml\u0131l\u0131\u011f\u0131na her zamanki gibi katk\u0131 sunmak ad\u0131na b\u00fcy\u00fck \u00e7aba g\u00f6sterdiklerini vurgulayan Fatih Y\u00fccelik, \u201cSekt\u00f6r\u00fcm\u00fcz, 2017 y\u0131l\u0131nda 72 milyon ton olan i\u00e7 piyasa \u00e7imento t\u00fcketiminin, 2019\u2019da 45 milyon tona d\u00fc\u015fmesi ile maalesef b\u00fcy\u00fck bir yara alarak pandemi d\u00f6nemine girmi\u015fti. \u00c7imento sekt\u00f6r\u00fc olarak, y\u0131llara dayanan azim ve fedakarl\u0131klarla, y\u00fcksek maliyet art\u0131\u015flar\u0131ndan kaynakl\u0131 b\u00fcy\u00fck fiyat bask\u0131lamas\u0131na maruz kald\u0131\u011f\u0131m\u0131z d\u00f6nemlerde dahi \u00fclkemize katma de\u011fer yaratacak \u00e7al\u0131\u015fmalara imza atmaktan geri durmad\u0131k\u201d dedi.<\/p>\n<p>&nbsp;<\/p>\n<p>\u00c7imento sekt\u00f6r\u00fcn\u00fcn toplam maliyet kalemlerinin yakla\u015f\u0131k % 80\u2019ini ithal girdilerin \u00a0ve elektrik maliyetinin olu\u015fturdu\u011funa dikkat \u00e7eken T\u00dcRK\u00c7\u0130MENTO Y\u00f6netim Kurulu Ba\u015fkan\u0131 y\u00fccelik, maliyetlere ili\u015fkin \u015fu bilgileri verdi:<\/p>\n<p>&nbsp;<\/p>\n<p>\u201cSekt\u00f6r\u00fcm\u00fcz\u00fcn yak\u0131t tedarikinde ithalata olan ba\u011f\u0131ml\u0131l\u0131\u011f\u0131 da olduk\u00e7a y\u00fcksek. \u00c7imento sekt\u00f6r\u00fc birincil yak\u0131t ihtiyac\u0131n\u0131n %90\u2019dan fazlas\u0131n\u0131 petrokok ve ithal k\u00f6m\u00fcrden kar\u015f\u0131lan\u0131yor. \u00dcretimde yo\u011fun olarak kullan\u0131lan fosil yak\u0131tlar\u0131n nerdeyse tamam\u0131 (%92) ithal ediliyor, yani d\u00f6vize endeksli. 2021 y\u0131l\u0131 A\u011fustos ay\u0131nda petrokok fiyatlar\u0131 ge\u00e7en y\u0131l\u0131n A\u011fustos ay\u0131na g\u00f6re %270 artarken, elektrik ve ithal k\u00f6m\u00fcr fiyatlar\u0131 s\u0131ras\u0131yla %62 ve %197 art\u0131\u015f g\u00f6sterdi. \u00a0 Yine 2021 y\u0131l\u0131 Temmuz ay\u0131nda Yerli Linyit %43 oran\u0131nda artt\u0131. 2020 A\u011fustos ay\u0131nda 7,27 TL olan dolar kuru ise 8,49 TL\u2019ye y\u00fckseldi. T\u00fcm bu geli\u015fmelere ra\u011fmen sekt\u00f6r, \u00e7imento fiyatlar\u0131n\u0131 maliyet art\u0131\u015f\u0131n\u0131n \u00e7ok daha alt\u0131nda bir noktada tutma fedak\u00e2rl\u0131\u011f\u0131n\u0131 g\u00f6sterdi. Bu d\u00f6nemde \u00e7imento fiyatlar\u0131ndaki art\u0131\u015f, maliyet art\u0131\u015flar\u0131n\u0131n \u00e7ok daha alt\u0131nda kald\u0131. Ancak bu geli\u015fmeler ya\u015fan\u0131rken, sekt\u00f6r\u00fcm\u00fcz maalesef in\u015faat sekt\u00f6r\u00fcnde ya\u015fanan fiyat art\u0131\u015flar\u0131n\u0131n sorumlusu gibi g\u00f6steriliyor.\u201d<\/p>\n<p>&nbsp;<\/p>\n<p><strong>\u201cSEKT\u00d6R\u00dcN \u00dcRET\u0130M\u0130N\u0130N % 80\u2019\u0130 \u0130\u00c7 P\u0130YASAYA G\u0130D\u0130YOR \u201c<\/strong><\/p>\n<p>&nbsp;<\/p>\n<p>T\u00dcRK\u00c7\u0130MENTO \u00fcyelerinin\u00a02020 sonunda 40 milyon tona yak\u0131n kapasite fazlas\u0131n\u0131n ortaya \u00e7\u0131kt\u0131\u011f\u0131n\u0131 belirten Fatih Y\u00fccelik, sekt\u00f6r\u00fcn 2021 y\u0131l\u0131 6 ayl\u0131k d\u00f6nemine ili\u015fkin de \u015fu bilgileri verdi: \u201cY\u0131l\u0131n ilk yar\u0131s\u0131nda sekt\u00f6r\u00fcn \u00e7imento \u00fcretimi ge\u00e7en y\u0131la oranla %26\u2019l\u0131k art\u0131\u015fla 37 milyon tona \u00e7\u0131karken, i\u00e7 sat\u0131\u015flar %29 art\u0131\u015fla 28,3 milyon tonu buldu. Y\u0131l\u0131n ilk 6 ay\u0131nda \u00fcretilen \u00e7imentonun %21,8\u2019i ihracata konu oldu. \u00dcretimin %80\u2019e yak\u0131n\u0131 i\u00e7 piyasaya gitti. \u0130hracat\u00e7\u0131 Birlikleri\u2019nin ge\u00e7ici verilerine g\u00f6re, 2021 Ocak-A\u011fustos d\u00f6neminde \u00e7imento sekt\u00f6r\u00fcn\u00fcn toplam ihracat\u0131 de\u011fer baz\u0131nda %12,3 artarak 836 milyon dolara \u00e7\u0131kt\u0131. \u00a0Ancak toplam ihracat miktar\u0131 bir \u00f6nceki y\u0131l\u0131n ayn\u0131 d\u00f6nemine g\u00f6re %2,9 gerileyerek 20,8 milyon tona indi.\u201d<\/p>\n<p>&nbsp;<\/p>\n<p>&nbsp;<\/p>\n<p>Y\u00fccelik, 100 y\u0131l\u0131 a\u015fk\u0131n s\u00fcredir faaliyet g\u00f6steren \u00e7imento sekt\u00f6r\u00fcn\u00fcn, ortak gelece\u011fimizin de ba\u015f akt\u00f6rlerinden biri olma sorumlulu\u011funu her \u015feye ra\u011fmen fedak\u00e2rl\u0131kla \u00fcstlenmeye devam edece\u011fini belirterek, \u201cS\u00fcrd\u00fcr\u00fclebilirlik konular\u0131n\u0131n d\u00fcnya genelinde b\u00f6ylesine \u00f6nem kazand\u0131\u011f\u0131 bir d\u00f6nemde gerek sekt\u00f6r gerekse \u00fclke olarak konsantrasyonumuzu bu alana y\u00f6neltmemizin \u00e7ok daha \u00f6nemli oldu\u011fu g\u00f6r\u00fc\u015f\u00fcndeyim\u201d dedi.<\/p>\n<p>&nbsp;<\/p>\n<p><strong>AD\u0130L SAN\u0130 KONUKO\u011eLU: 150 METREKARE B\u0130R DA\u0130REDE \u00c7\u0130MENTONUN PAYI 7-9 B\u0130N L\u0130RA\u00a0<\/strong><\/p>\n<p>&nbsp;<\/p>\n<p><strong>T\u00dcRK\u00c7\u0130MENTO Y\u00f6netim Kurulu Ba\u015fkan Vekili Adil Sani Konuko\u011flu,<\/strong>\u00a0T\u00dcRK\u00c7\u0130MENTO Y\u00f6netim Kurulu Ba\u015fkan Vekili Adil Sani Konuko\u011flu, Gaziantep\u2019in her zaman T\u00fcrkiye ekonomisine katk\u0131 veren bir \u015fehir oldu\u011funu hat\u0131rlatarak, \u201c180 \u00fclkeye ihracat yapan \u015fehrimiz halen 9,5 milyar dolar ihracatla T\u00fcrkiye\u2019nin en b\u00fcy\u00fck 5. \u0130hracat\u00e7\u0131 \u015fehri. Hedefimiz bu y\u0131lsonunda 10 milyar dolar\u0131 yakalamak. \u00a0Kulland\u0131\u011f\u0131n\u0131z her \u015feyde mutlaka bir Gaziantep imzas\u0131 vard\u0131r. D\u00fcnyada maske kuma\u015f\u0131 s\u0131k\u0131nt\u0131s\u0131 ya\u015fan\u0131rken Gaziantepli sanayiciler maske kuma\u015f\u0131 \u00fcreterek T\u00fcrkiye\u2019nin rahat nefes almas\u0131n\u0131 sa\u011flad\u0131. Hedefimiz 10 milyar dolar\u0131 bu y\u0131l yakalamak\u201d dedi.<\/p>\n<p>&nbsp;<\/p>\n<p>\u00c7imento sekt\u00f6r\u00fcnde son ya\u015fanan geli\u015fmeleri de de\u011ferlendiren Adil Sani Konuko\u011flu, \u201c\u00c7in\u2019de \u00e7imento 70 dolar, T\u00fcrkiye\u2019de fabrika \u00e7\u0131k\u0131\u015f fiyat\u0131 340 lira. Bug\u00fcn 150 metrekare bir dairede temeli, bah\u00e7esi dahil 70 metrek\u00fcp beton harcan\u0131yor. Beton ortalama metrek\u00fcp fiyat\u0131 ise 300 lira. Yani toplam 21 bin lira yap\u0131yor. Burada \u00e7imentonun pay\u0131 da en fazla %33-35. M\u00fcteahhitlerin 1 milyona satt\u0131klar\u0131 dairenin i\u00e7inde \u00e7imentonun bedeli 7-9 bin lira. Dolay\u0131s\u0131yla konut fiyat\u0131n\u0131n i\u00e7inde \u00e7imentonun maliyeti olduk\u00e7a k\u0131s\u0131tl\u0131\u201d diye konu\u015ftu.<\/p>\n<p>&nbsp;<\/p>\n<p><strong>N\u0130HAT \u00d6ZDEM\u0130R: D\u00dcNYANIN EN UCUZ \u00c7\u0130MENTOSU T\u00dcRK\u0130YE\u2019DE\u00a0<\/strong><\/p>\n<p><strong>\u00a0<\/strong><\/p>\n<p><strong>T\u00dcRK\u00c7\u0130MENTO Y\u00f6netim Kurulu Ba\u015fkan Yard\u0131mc\u0131s\u0131 Nihat \u00d6zdemir de<\/strong>\u00a0\u00e7imento ve in\u015faat sekt\u00f6r\u00fcn\u00fcn birbirinden ayr\u0131lamayaca\u011f\u0131na dikkat \u00e7ekerek, \u015fu de\u011ferlendirmeyi yapt\u0131:<\/p>\n<p>\u201cEkonomi b\u00fcy\u00fcyorsa b\u00fcy\u00fcme in\u015faat sekt\u00f6r\u00fcnden ba\u015flar. \u0130n\u015faat sekt\u00f6r\u00fc 200 sekt\u00f6rle birlikte hareket eder. Ekonomi durursa ilk hisseden yine in\u015faat sekt\u00f6r\u00fc olur. Biz de in\u015faat\u0131n alt sekt\u00f6rlerinden biriyiz. Y\u00fckte a\u011f\u0131r ama pahada hafif bir \u00fcr\u00fcn \u00fcretiyoruz. Yakla\u015f\u0131k 2 y\u0131l \u00f6nce ODT\u00dc\u2019ye 6 ay s\u00fcren bir ara\u015ft\u0131rma yapt\u0131rd\u0131k. Bu ara\u015ft\u0131rman\u0131n sonucunda konut in\u015faat\u0131n\u0131n maliyetinde \u00e7imentonun de\u011feri y\u00fczde 3.5 \u00e7\u0131kt\u0131. Konut l\u00fcks olunca bu %3\u2019e d\u00fc\u015f\u00fcyor. Bizim \u015firketimiz d\u00fcnyan\u0131n 3, T\u00fcrkiye\u2019nin en y\u00fcksek baraj\u0131 olan Yusufeli\u2019ni yapt\u0131. Y\u00fcksekli\u011fi 275 metre. Bu baraja 4,3 milyon metrek\u00fcp beton d\u00f6kt\u00fck. Bunun t\u00fcm \u00e7imentosunu nakliye nedeniyle daha ucuz oldu\u011fundan Erzurumlu A\u015fkale \u00c7imento\u2019dan sat\u0131n ald\u0131k. Bu barajda kulland\u0131\u011f\u0131m\u0131z \u00e7imento baraj\u0131n toplam maliyetinin y\u00fczde 7,7\u2019si. T\u00fcrkiye\u2019de 55 fabrika var, hi\u00e7birinde iddia edildi\u011fi gibi 500 liralara varan fiyatla sat\u0131\u015f yoktur. T\u00fcrkiye\u2019nin \u00e7imento fabrikalar\u0131n\u0131n tamam\u0131n\u0131n fabrika kap\u0131s\u0131ndaki sat\u0131\u015f fiyat\u0131 330-340 TL. \u00a0Bu nakliye ile 200 km ta\u015f\u0131n\u0131rsa o tamamen nakliye bedeli olarak fiyat\u0131n \u00fczerine gelir. Bu \u00e7imentocular\u0131 ba\u011flamaz. Limak olarak yurtd\u0131\u015f\u0131nda da \u00e7imento fabrikalar\u0131m\u0131z var. Biz hem \u00e7imento \u00fcreticisi hem t\u00fcketicisiyiz. Fildi\u015fi\u2019nde 1000 TL. Mozambik\u2019te 105 dolar. \u00a0T\u00fcrkiye\u2019deki sat\u0131\u015f fiyat\u0131m\u0131z 35 dolar. D\u00fcnyan\u0131n en ucuz \u00e7imentosu T\u00fcrkiye\u2019de.\u201d<\/p>\n<p>&nbsp;<\/p>\n<p>Nihat \u00d6zdemir, son g\u00fcnlerde yap\u0131lan tart\u0131\u015fmalarda ger\u00e7ekli\u011fi olmayan a\u00e7\u0131klamalar\u0131n yap\u0131ld\u0131\u011f\u0131n\u0131, kamuoyunun bu konuda yan\u0131lt\u0131ld\u0131\u011f\u0131n\u0131 iddia ederek, \u201cBiz maliyetlerin matemati\u011fini her platformda tart\u0131\u015fmaya haz\u0131r\u0131z. Burada medyadan da iste\u011fimiz s\u00f6yleneni pe\u015fin do\u011fru kabul etmemesi ara\u015ft\u0131rmas\u0131d\u0131r\u201d<\/p>\n<p>&nbsp;<\/p>\n<p><strong>Ekonomi finans yazar\u0131 Abdurrahman Y\u0131ld\u0131r\u0131m<\/strong>\u00a0da toplant\u0131da yapt\u0131\u011f\u0131 konu\u015fmada, \u201c\u00e7imento fiyatlar\u0131ndaki tart\u0131\u015fmada ana sebep d\u00f6vizdir. Dolar kurudur. Son 8 y\u0131lda %77 de\u011fer kaybetti TL. 2013 y\u0131l\u0131 ortalama dolar kuru ve 2021 y\u0131l\u0131 OVP 8.30\u2019luk dolar kuru. Her y\u0131l %10 de\u011fer kaybetti. Bu enflasyonu f\u0131rlat\u0131yor. Kur art\u0131\u015f\u0131nda beraberinde enflasyon art\u0131\u015f\u0131 ve di\u011fer fakt\u00f6rlerle \u00fclke olarak yat\u0131r\u0131m reytingimizi de kaybettik. Yat\u0131r\u0131m yap\u0131labilir seviyede 4 s\u0131ra geriledik. \u00a0%77 de\u011fer kaybeden bir \u00fclkede kim nas\u0131l yat\u0131r\u0131m yaps\u0131n. Maalesef T\u00fcrkiye ithalat yapmadan \u00fcretemiyor. Hammadde ithal edinip \u00fcretimin i\u00e7inde kullan\u0131l\u0131nca, kur art\u0131\u015f\u0131 t\u00fcm \u00fcretimin i\u00e7ine yay\u0131l\u0131yor. Sorunlar b\u00fct\u00fcnc\u00fcl yakla\u015f\u0131mla ele al\u0131n\u0131p yerli \u00fcretime a\u011f\u0131rl\u0131k verilebilirse \u00e7\u00f6z\u00fclebilir\u201d diye konu\u015ftu.<\/p>\n<p>&nbsp;<\/p>\n<p><strong>Gazeteci Vahap Munyar<\/strong>\u00a0da, h\u00fck\u00fcmetin \u00e7imento sekt\u00f6r\u00fc ba\u015fta olmak \u00fczere ekonomide dinamizmin \u00f6n\u00fcn\u00fc a\u00e7acak \u015fekilde ad\u0131mlar atmas\u0131 gerekti\u011fini d\u00fc\u015f\u00fcnd\u00fc\u011f\u00fcn\u00fc s\u00f6yledi. Munyar, \u201cHammadde ve ara mal ithalat\u0131yla birlikte enflasyon da ithal ediyoruz. Bu bizi de daha zorlar noktaya geliyor\u201d dedi.<\/p>\n","protected":false},"excerpt":{"rendered":"<p>T\u00dcRK\u00c7\u0130MENTO\u2019nun Gaziantep\u2019te d\u00fczenledi\u011fi Anadolu Bulu\u015fmalar\u0131\u2019nda konu\u015fan Y\u00f6netim Kurulu Ba\u015fkan\u0131 Fatih Y\u00fccelik, \u201c\u00c7imento sekt\u00f6r\u00fc olarak y\u00fcksek maliyet art\u0131\u015flar\u0131ndan kaynakl\u0131 b\u00fcy\u00fck fiyat bask\u0131lamas\u0131na maruz kald\u0131\u011f\u0131m\u0131z d\u00f6nemlerde dahi \u00fclkemize katma de\u011fer yaratacak \u00e7al\u0131\u015fmalara imza atmaktan geri durmad\u0131k. \u0130n\u015faat sekt\u00f6r\u00fc proje \u00fcretsin, biz T\u00fcrkiye\u2019ye yeteriz. Her yerde \u00e7imento fabrikalar\u0131m\u0131z var\u201d dedi. &nbsp; \u00c7imento sekt\u00f6r\u00fcn\u00fcn %94\u2019\u00fcn\u00fc temsil eden T\u00dcRK\u00c7\u0130MENTO\u2019nun geleneksel [&hellip;]<\/p>\n","protected":false},"author":1,"featured_media":36734,"comment_status":"open","ping_status":"open","sticky":false,"template":"","format":"standard","meta":{"ngg_post_thumbnail":0},"categories":[26],"tags":[15205],"_links":{"self":[{"href":"https:\/\/emlaktuel.com\/index.php?rest_route=\/wp\/v2\/posts\/36733"}],"collection":[{"href":"https:\/\/emlaktuel.com\/index.php?rest_route=\/wp\/v2\/posts"}],"about":[{"href":"https:\/\/emlaktuel.com\/index.php?rest_route=\/wp\/v2\/types\/post"}],"author":[{"embeddable":true,"href":"https:\/\/emlaktuel.com\/index.php?rest_route=\/wp\/v2\/users\/1"}],"replies":[{"embeddable":true,"href":"https:\/\/emlaktuel.com\/index.php?rest_route=%2Fwp%2Fv2%2Fcomments&post=36733"}],"version-history":[{"count":2,"href":"https:\/\/emlaktuel.com\/index.php?rest_route=\/wp\/v2\/posts\/36733\/revisions"}],"predecessor-version":[{"id":36738,"href":"https:\/\/emlaktuel.com\/index.php?rest_route=\/wp\/v2\/posts\/36733\/revisions\/36738"}],"wp:featuredmedia":[{"embeddable":true,"href":"https:\/\/emlaktuel.com\/index.php?rest_route=\/wp\/v2\/media\/36734"}],"wp:attachment":[{"href":"https:\/\/emlaktuel.com\/index.php?rest_route=%2Fwp%2Fv2%2Fmedia&parent=36733"}],"wp:term":[{"taxonomy":"category","embeddable":true,"href":"https:\/\/emlaktuel.com\/index.php?rest_route=%2Fwp%2Fv2%2Fcategories&post=36733"},{"taxonomy":"post_tag","embeddable":true,"href":"https:\/\/emlaktuel.com\/index.php?rest_route=%2Fwp%2Fv2%2Ftags&post=36733"}],"curies":[{"name":"wp","href":"https:\/\/api.w.org\/{rel}","templated":true}]}}