{"id":36730,"date":"2021-09-15T10:56:01","date_gmt":"2021-09-15T07:56:01","guid":{"rendered":"https:\/\/emlaktuel.com\/?p=36730"},"modified":"2021-09-15T10:56:01","modified_gmt":"2021-09-15T07:56:01","slug":"akfen-insaat-burhaniye-hasan-akin-anadolu-lisesini-tamamladi","status":"publish","type":"post","link":"https:\/\/emlaktuel.com\/?p=36730","title":{"rendered":"Akfen \u0130n\u015faat Burhaniye Hasan Ak\u0131n Anadolu Lisesi&#8217;ni Tamamlad\u0131"},"content":{"rendered":"<p><strong>\u2018Okullardan Yar\u0131nlara\u2019 program\u0131nda ba\u011f\u0131\u015f\u00e7\u0131 olan Akfen \u0130n\u015faat, Hasan Ak\u0131n Anadolu Lisesi\u2019ni tamamlayarak T\u00fcrk Milli E\u011fitimi\u2019nin hizmetine sundu<\/strong><\/p>\n<p>&nbsp;<\/p>\n<p><strong>Cumhurba\u015fkan\u0131 Recep Tayyip Erdo\u011fan&#8217;\u0131n himayesinde ba\u015flat\u0131lan &#8220;Okullardan Yar\u0131nlara&#8221; e\u011fitime destek program\u0131na ba\u011f\u0131\u015f\u00e7\u0131 olarak kat\u0131lan Akfen \u0130n\u015faat, Hasan Ak\u0131n Anadolu Lisesi\u2019ni tamamlayarak T\u00fcrk Milli E\u011fitimi\u2019nin hizmetine sundu.\u00a0<\/strong><\/p>\n<p><strong>\u00a0<\/strong><\/p>\n<p><strong>9 ayl\u0131k k\u0131sa s\u00fcrede tamamen y\u0131k\u0131l\u0131p yeniden in\u015fa edilen 650 \u00f6\u011frencinin bulunaca\u011f\u0131 16 derslikli okul, yeni e\u011fitim-\u00f6\u011fretim sezonuna yeti\u015ftirildi. Okul, Akfen Holding Y\u00f6netim Kurulu Ba\u015fkan\u0131 Hamdi Ak\u0131n\u2019\u0131n babas\u0131na ithafen Hasan Ak\u0131n Anadolu Lisesi ad\u0131n\u0131 ta\u015f\u0131yor.\u00a0<\/strong><\/p>\n<p><strong>\u00a0<\/strong><\/p>\n<p><strong>Cumhurba\u015fkan\u0131 Recep Tayyip Erdo\u011fan<\/strong>&#8216;\u0131n himayesinde ba\u015flat\u0131lan\u00a0<strong>&#8220;Okullardan Yar\u0131nlara&#8221;<\/strong>\u00a0e\u011fitime destek program\u0131na ba\u011f\u0131\u015f\u00e7\u0131 olarak kat\u0131lan\u00a0<strong>Akfen \u0130n\u015faat, Hasan Ak\u0131n Anadolu Lisesi\u2019ni\u00a0<\/strong>tamamlayarak T\u00fcrk Milli E\u011fitimi\u2019nin hizmetine sundu.<\/p>\n<p>9 ayl\u0131k k\u0131sa s\u00fcrede tamamen y\u0131k\u0131l\u0131p yeniden in\u015fa edilen 650 \u00f6\u011frencinin bulunaca\u011f\u0131 16 derslikli okul, yeni e\u011fitim-\u00f6\u011fretim sezonuna yeti\u015ftirildi. Okul,\u00a0<strong>Akfen Holding Y\u00f6netim Kurulu Ba\u015fkan\u0131 Hamdi Ak\u0131n<\/strong>\u2019\u0131n babas\u0131na ithafen Hasan Ak\u0131n Anadolu Lisesi ad\u0131n\u0131 ta\u015f\u0131yor. 2 bin 650 metrekarelik in\u015faat alan\u0131 bulunan okulda 16 derslik ve 1 laboratuvar yer al\u0131yor.<\/p>\n<p><strong>Akfen \u0130n\u015faat, Bal\u0131kesir Valili\u011fi ve Bal\u0131kesir \u0130l Milli E\u011fitim M\u00fcd\u00fcrl\u00fc\u011f\u00fc<\/strong>\u00a0ile\u00a0<strong>7 Ocak 2021<\/strong>\u00a0tarihinde imzalad\u0131\u011f\u0131 protokol kapsam\u0131nda Bal\u0131kesir\u2019in Burhaniye il\u00e7esinde deprem riski ta\u015f\u0131mas\u0131 nedeniyle 2020 e\u011fitim \u2013 \u00f6\u011fretim y\u0131l\u0131 ba\u015f\u0131nda bo\u015falt\u0131lan Burhaniye Anadolu Lisesi\u2019ni y\u0131k\u0131p yeniden hayata ge\u00e7irmeyi taahh\u00fct etmi\u015fti.<\/p>\n<p>Akfen, daha \u00f6nce\u00a0<strong>Ankara\u2019da \u00dclk\u00fc Ak\u0131n Ortaokulu<\/strong>\u00a0ve\u00a0<strong>D\u00fczce\u2019de Hikmet Ak\u0131n Ortaokulu<\/strong>\u00a0olmak \u00fczere 2 okulu daha tamamlayarak Milli E\u011fitim Bakanl\u0131\u011f\u0131\u2019n\u0131n hizmetine sunmu\u015ftu.<\/p>\n","protected":false},"excerpt":{"rendered":"<p>\u2018Okullardan Yar\u0131nlara\u2019 program\u0131nda ba\u011f\u0131\u015f\u00e7\u0131 olan Akfen \u0130n\u015faat, Hasan Ak\u0131n Anadolu Lisesi\u2019ni tamamlayarak T\u00fcrk Milli E\u011fitimi\u2019nin hizmetine sundu &nbsp; Cumhurba\u015fkan\u0131 Recep Tayyip Erdo\u011fan&#8217;\u0131n himayesinde ba\u015flat\u0131lan &#8220;Okullardan Yar\u0131nlara&#8221; e\u011fitime destek program\u0131na ba\u011f\u0131\u015f\u00e7\u0131 olarak kat\u0131lan Akfen \u0130n\u015faat, Hasan Ak\u0131n Anadolu Lisesi\u2019ni tamamlayarak T\u00fcrk Milli E\u011fitimi\u2019nin hizmetine sundu.\u00a0 \u00a0 9 ayl\u0131k k\u0131sa s\u00fcrede tamamen y\u0131k\u0131l\u0131p yeniden in\u015fa edilen 650 [&hellip;]<\/p>\n","protected":false},"author":1,"featured_media":36731,"comment_status":"open","ping_status":"open","sticky":false,"template":"","format":"standard","meta":{"ngg_post_thumbnail":0},"categories":[5388],"tags":[937],"_links":{"self":[{"href":"https:\/\/emlaktuel.com\/index.php?rest_route=\/wp\/v2\/posts\/36730"}],"collection":[{"href":"https:\/\/emlaktuel.com\/index.php?rest_route=\/wp\/v2\/posts"}],"about":[{"href":"https:\/\/emlaktuel.com\/index.php?rest_route=\/wp\/v2\/types\/post"}],"author":[{"embeddable":true,"href":"https:\/\/emlaktuel.com\/index.php?rest_route=\/wp\/v2\/users\/1"}],"replies":[{"embeddable":true,"href":"https:\/\/emlaktuel.com\/index.php?rest_route=%2Fwp%2Fv2%2Fcomments&post=36730"}],"version-history":[{"count":1,"href":"https:\/\/emlaktuel.com\/index.php?rest_route=\/wp\/v2\/posts\/36730\/revisions"}],"predecessor-version":[{"id":36732,"href":"https:\/\/emlaktuel.com\/index.php?rest_route=\/wp\/v2\/posts\/36730\/revisions\/36732"}],"wp:featuredmedia":[{"embeddable":true,"href":"https:\/\/emlaktuel.com\/index.php?rest_route=\/wp\/v2\/media\/36731"}],"wp:attachment":[{"href":"https:\/\/emlaktuel.com\/index.php?rest_route=%2Fwp%2Fv2%2Fmedia&parent=36730"}],"wp:term":[{"taxonomy":"category","embeddable":true,"href":"https:\/\/emlaktuel.com\/index.php?rest_route=%2Fwp%2Fv2%2Fcategories&post=36730"},{"taxonomy":"post_tag","embeddable":true,"href":"https:\/\/emlaktuel.com\/index.php?rest_route=%2Fwp%2Fv2%2Ftags&post=36730"}],"curies":[{"name":"wp","href":"https:\/\/api.w.org\/{rel}","templated":true}]}}