{"id":36653,"date":"2021-08-25T13:08:30","date_gmt":"2021-08-25T10:08:30","guid":{"rendered":"https:\/\/emlaktuel.com\/?p=36653"},"modified":"2021-08-25T13:08:30","modified_gmt":"2021-08-25T10:08:30","slug":"boss4-gayrimenkulun-yeni-projesi-esenyurtta-alya-4-mevsim-icin-on-talep-toplanmaya-baslandi","status":"publish","type":"post","link":"https:\/\/emlaktuel.com\/?p=36653","title":{"rendered":"BOSS4 Gayrimenkul\u2019\u00fcn yeni projesi Esenyurt\u2019ta &#8216;Alya 4 Mevsim&#8217; i\u00e7in \u00f6n talep toplanmaya ba\u015fland\u0131"},"content":{"rendered":"<p><strong><em>Modern \u015fehircilik \u00e7izgisinde, g\u00fcvenilir ve \u00f6rnek al\u0131nan \u015firket vizyonuyla \u00e7al\u0131\u015fmalar\u0131n\u0131 y\u00fcr\u00fcten BOSS4 Gayrimenkul\u2019\u00fcn yeni projesi \u2018Alya 4 Mevsim\u2019de \u00f6n talep toplama s\u00fcreci ba\u015flad\u0131. Eyl\u00fcl ay\u0131nda lansmana haz\u0131rlanan \u2018Alya 4 Mevsim\u2019, \u015firketin Esenyurt\u2019ta hayata ge\u00e7irdi\u011fi ilk proje olma \u00f6zelli\u011fi ta\u015f\u0131yor.<\/em><\/strong><\/p>\n<p>&nbsp;<\/p>\n<p>Gayrimenkul ve in\u015faat sekt\u00f6r\u00fcn\u00fcn yenilik\u00e7i markalar\u0131ndan Akku\u015f Gayrimenkul\u2019\u00fcn L\u00fcbnanl\u0131 orta\u011f\u0131yla kurdu\u011fu BOSS4 Gayrimenkul \u0130n\u015faat\u2019\u0131n hayata ge\u00e7irmeye haz\u0131rland\u0131\u011f\u0131 \u2018Alya 4 Mevsim\u2019de talep toplama s\u00fcreci ba\u015flad\u0131. \u015eirketin y\u0131l\u0131n son projesi olan ve lansman\u0131n\u0131n eyl\u00fcl ay\u0131nda yap\u0131lmas\u0131 planlanan \u2018Alya 4 Mevsim\u2019, 11 katl\u0131 d\u00f6rt blokta toplam 217 daire ve 6 d\u00fckkandan olu\u015fuyor. Projedeki daire tipleri ise; 1+1, 2+1 ve 3 +1 olarak planland\u0131.<\/p>\n<p>\u2018Alya 4 Mevsim\u2019 ile ilgili bilgi verenBOSS4 Gayrimenkul Y\u00f6netim Kurulu Ba\u015fkan\u0131 Abd\u00fclkadir Akku\u015f, in\u015faat \u00e7al\u0131\u015fmalar\u0131na ara vermeden devam ettiklerini, yeni projeleriyle Esenyurt b\u00f6lgesine de ad\u0131m atm\u0131\u015f olduklar\u0131n\u0131 kaydetti. Akku\u015f \u201cBug\u00fcne kadar genelde Beylikd\u00fcz\u00fc ve \u00e7evresinde yat\u0131r\u0131mlar yapt\u0131k. \u015eimdi farkl\u0131 alanlara da a\u00e7\u0131l\u0131yoruz. Levent\u2019te devam eden \u2018Alya Teras\u2019\u0131n d\u0131\u015f\u0131nda, Esenyurt\u2019ta da \u2018Alya 4 Mevsim\u2019i hayata ge\u00e7iriyoruz. \u00d6n talep s\u00fcrecini ba\u015flatt\u0131\u011f\u0131m\u0131z projenin lansman\u0131n\u0131 eyl\u00fcl ay\u0131 sonunda yapmay\u0131 hedefliyoruz. Lansmana kadar sat\u0131\u015f ofisimizi ve \u00f6rnek dairemizi de tamamlam\u0131\u015f olmay\u0131 planl\u0131yoruz. \u2018Alya 4 Mevsim\u2019 kaliteli ve elit bir ya\u015fam sunan bir proje, di\u011fer projelerden ayr\u0131lan \u00f6zelliklerini ise tasar\u0131m, malzeme kalitesi, konsepti, d\u0131\u015f cephe \u015feklinde s\u0131ralamak m\u00fcmk\u00fcn. \u2018Alya D\u00f6rt Mevsim\u2019 Esenyurt i\u00e7in iddial\u0131 bir proje olacak\u201d dedi.<\/p>\n<p>&nbsp;<\/p>\n<h2><strong>Geni\u015f peyzaj\u0131yla do\u011fayla i\u00e7i i\u00e7e bir ya\u015fam sunuyor<\/strong><\/h2>\n<p>BOSS Gayrimenkul\u2019\u00fcn Esenyurt\u2019ta hayata ge\u00e7irdi\u011fi ilk projesi olma \u00f6zelli\u011fi ta\u015f\u0131yan \u2018Alya 4 Mevsim\u2019, y\u00fcksek kalite ve l\u00fcks dairelerden olu\u015facak. Sosyal alanda; lobi, kapal\u0131 havuz, spor salonu, etkinlik-toplant\u0131 salonu, T\u00fcrk hamam\u0131, bay-bayan soyunma kabinleri, sauna ve buhar odas\u0131 mevcut. Projede ayr\u0131ca 157 ara\u00e7l\u0131k kapal\u0131 otopark alan\u0131 da yer al\u0131yor.<\/p>\n<p>\u2018Alya 4 Mevsim\u2019, Esenyurt\u2019un merkezinde yer alan konumu, konsepti ve geni\u015f peyzaj\u0131yla b\u00f6lgeye yeni bir ya\u015fam anlay\u0131\u015f\u0131 kazand\u0131rmaya haz\u0131rlan\u0131yor. \u015eehrin kalabal\u0131\u011f\u0131ndan uzak, ferah bir ya\u015fam alan\u0131 yaratan proje, merkezi konumunun verdi\u011fi avantaj\u0131n\u0131n yan\u0131 s\u0131ra sosyal donat\u0131 alanlar\u0131yla do\u011fan\u0131n i\u00e7inde, tam anlam\u0131yla bir sosyalle\u015fme ortam\u0131 yarat\u0131yor.<\/p>\n<p>&nbsp;<\/p>\n<p>&nbsp;<\/p>\n<p>&nbsp;<\/p>\n","protected":false},"excerpt":{"rendered":"<p>Modern \u015fehircilik \u00e7izgisinde, g\u00fcvenilir ve \u00f6rnek al\u0131nan \u015firket vizyonuyla \u00e7al\u0131\u015fmalar\u0131n\u0131 y\u00fcr\u00fcten BOSS4 Gayrimenkul\u2019\u00fcn yeni projesi \u2018Alya 4 Mevsim\u2019de \u00f6n talep toplama s\u00fcreci ba\u015flad\u0131. Eyl\u00fcl ay\u0131nda lansmana haz\u0131rlanan \u2018Alya 4 Mevsim\u2019, \u015firketin Esenyurt\u2019ta hayata ge\u00e7irdi\u011fi ilk proje olma \u00f6zelli\u011fi ta\u015f\u0131yor. &nbsp; Gayrimenkul ve in\u015faat sekt\u00f6r\u00fcn\u00fcn yenilik\u00e7i markalar\u0131ndan Akku\u015f Gayrimenkul\u2019\u00fcn L\u00fcbnanl\u0131 orta\u011f\u0131yla kurdu\u011fu BOSS4 Gayrimenkul \u0130n\u015faat\u2019\u0131n hayata [&hellip;]<\/p>\n","protected":false},"author":1,"featured_media":36654,"comment_status":"open","ping_status":"open","sticky":false,"template":"","format":"standard","meta":{"ngg_post_thumbnail":0},"categories":[5388],"tags":[15546,15548,15547],"_links":{"self":[{"href":"https:\/\/emlaktuel.com\/index.php?rest_route=\/wp\/v2\/posts\/36653"}],"collection":[{"href":"https:\/\/emlaktuel.com\/index.php?rest_route=\/wp\/v2\/posts"}],"about":[{"href":"https:\/\/emlaktuel.com\/index.php?rest_route=\/wp\/v2\/types\/post"}],"author":[{"embeddable":true,"href":"https:\/\/emlaktuel.com\/index.php?rest_route=\/wp\/v2\/users\/1"}],"replies":[{"embeddable":true,"href":"https:\/\/emlaktuel.com\/index.php?rest_route=%2Fwp%2Fv2%2Fcomments&post=36653"}],"version-history":[{"count":1,"href":"https:\/\/emlaktuel.com\/index.php?rest_route=\/wp\/v2\/posts\/36653\/revisions"}],"predecessor-version":[{"id":36655,"href":"https:\/\/emlaktuel.com\/index.php?rest_route=\/wp\/v2\/posts\/36653\/revisions\/36655"}],"wp:featuredmedia":[{"embeddable":true,"href":"https:\/\/emlaktuel.com\/index.php?rest_route=\/wp\/v2\/media\/36654"}],"wp:attachment":[{"href":"https:\/\/emlaktuel.com\/index.php?rest_route=%2Fwp%2Fv2%2Fmedia&parent=36653"}],"wp:term":[{"taxonomy":"category","embeddable":true,"href":"https:\/\/emlaktuel.com\/index.php?rest_route=%2Fwp%2Fv2%2Fcategories&post=36653"},{"taxonomy":"post_tag","embeddable":true,"href":"https:\/\/emlaktuel.com\/index.php?rest_route=%2Fwp%2Fv2%2Ftags&post=36653"}],"curies":[{"name":"wp","href":"https:\/\/api.w.org\/{rel}","templated":true}]}}