{"id":36578,"date":"2021-08-17T10:43:53","date_gmt":"2021-08-17T07:43:53","guid":{"rendered":"https:\/\/emlaktuel.com\/?p=36578"},"modified":"2021-08-17T10:43:53","modified_gmt":"2021-08-17T07:43:53","slug":"yatirimci-rotasini-ormana-komsu-ve-merkezi-projelere-cevirdi","status":"publish","type":"post","link":"https:\/\/emlaktuel.com\/?p=36578","title":{"rendered":"\u201cYat\u0131r\u0131mc\u0131, rotas\u0131n\u0131 ormana kom\u015fu ve merkezi projelere \u00e7evirdi\u201d"},"content":{"rendered":"<p>Do\u011fayla i\u00e7 i\u00e7e bir ya\u015fam sunan sekt\u00f6r\u00fcn yenilik\u00e7i markas\u0131 \u0130nsay Yap\u0131\u2019n\u0131n, Pendik\u2019te hayata ge\u00e7irdi\u011fi projesi &#8216;Ond\u00f6rt\u00fc\u00e7 Pendik&#8217;, ye\u015file ve do\u011faya yak\u0131n olmak isteyenlerin tercihi oldu. Dairelerin y\u00fczde 80\u2019inin sat\u0131ld\u0131\u011f\u0131 projenin ilgi oda\u011f\u0131 olmas\u0131nda ise geni\u015f balkon ve bah\u00e7e se\u00e7eneklerinin yan\u0131 s\u0131ra Aydos Orman\u0131\u2019na kom\u015fu konumda olmas\u0131 da \u00f6nemli rol oynuyor.<\/p>\n<p>Pandemi \u00f6ncesinin \u00e7ok katl\u0131 dev projelerinin yerini art\u0131k daha butik, geni\u015f ye\u015fil alana sahip, balkonlu, bah\u00e7eli ve do\u011fayla i\u00e7 i\u00e7e olan projeler almaya ba\u015flad\u0131.Aydos Orman\u0131\u2019na kom\u015fu, izole bir ya\u015fam vaat eden sekt\u00f6r\u00fcn yenilik\u00e7i markas\u0131 \u0130nsay Yap\u0131\u2019n\u0131n, Pendik\u2019te hayata ge\u00e7irdi\u011fi projesi &#8216;Ond\u00f6rt\u00fc\u00e7 Pendik&#8217;te do\u011fayla i\u00e7 i\u00e7e g\u00fcvenli bir ya\u015fam isteyenlerin tercihi oldu. Dairelerin y\u00fczde 80\u2019inin sat\u0131ld\u0131\u011f\u0131 projenin ilgi oda\u011f\u0131 olmas\u0131nda en \u00f6nemli etkenlerinaras\u0131nda ise geni\u015f balkon, bah\u00e7e se\u00e7eneklerive Aydos Orman\u0131\u2019na kom\u015fu konumu yer al\u0131yor.<\/p>\n<p>Biten projeler fiyat avantaj\u0131 sa\u011fl\u0131yor<br \/>\nKonut sat\u0131\u015flar\u0131nda ya\u015fanan hareketlilikte, izole ya\u015fam beklentisini kar\u015f\u0131layabilen projelerin s\u00f6z sahibi oldu\u011funu belirten \u0130nsay Yap\u0131 Y\u00f6netim Kurulu Ba\u015fkan\u0131 \u0130hsan \u00c7ulhal\u0131k, geni\u015f balkon, bah\u00e7e, y\u00fcr\u00fcy\u00fc\u015f yollar\u0131 ve peyzaj alanlar\u0131n\u0131n yan\u0131 s\u0131ra merkezi konumuyla da \u015fehrin i\u00e7inde do\u011faya yak\u0131n olma imk\u00e2n\u0131 sunan projelere e\u011filimin devam etti\u011fini s\u00f6yledi.<\/p>\n<p>Bu iki kritere sahip projelerin sat\u0131\u015flarda ilk s\u0131rada yer ald\u0131\u011f\u0131n\u0131 hat\u0131rlatan \u00c7ulhal\u0131k\u201cOnd\u00f6rt\u00fc\u00e7 Pendik\u2019tebalkon, bah\u00e7e ziyaret\u00e7ilerimizin b\u00fcy\u00fck bir k\u0131sm\u0131 i\u00e7in tercih sebebi olsa da g\u00f6r\u00fcyoruz ki; art\u0131k insanlar evlerinin yak\u0131n\u0131nda orman, koru, park gibi ye\u015fil alanlar\u0131n olmas\u0131na \u00f6zellikle dikkat ediyor. Sat\u0131\u015f ofisimizi ziyaret edenler yak\u0131nlarda park, koru veya orman gibi aileleriyle vakit ge\u00e7irebilecekleri a\u00e7\u0131k alanlar\u0131 daha \u00e7ok soruyor. Bu da demek oluyor ki, art\u0131k ye\u015file ve do\u011faya kom\u015fu projeler \u00f6ne \u00e7\u0131kmaya ba\u015flad\u0131.<\/p>\n<p>Aydos Orman\u0131\u2019na 10 dakika mesafedeki projemizdenev sahibi olmak isteyenler i\u00e7in ise f\u0131rsat hala devam ediyor. Yeni ruhsatland\u0131r\u0131lacak projelerde fiyatlar \u00e7ok y\u00fcksek olacak. \u015eu anda biten ya da bitmeye yak\u0131n projeler ise b\u00fcy\u00fck avantaj sa\u011fl\u0131yor\u201d diye konu\u015ftu.<\/p>\n<p>Her daireye \u00f6zel depo alan\u0131<br \/>\nYenilik\u00e7i bak\u0131\u015f a\u00e7\u0131s\u0131yla yola \u00e7\u0131karak \u2018Ond\u00f6rt\u00fc\u00e7 Pendik\u2019i en yeni teknolojileri bar\u0131nd\u0131ran, sadece ya\u015fam\u0131n de\u011fil i\u015f ve sosyal hayat\u0131n da i\u00e7erisine ta\u015f\u0131nabilece\u011fi kompleks bir yap\u0131ya d\u00f6n\u00fc\u015ft\u00fcrd\u00fcklerini belirten \u00c7ulhal\u0131k \u201cProjemiz 9 bin metrekarelik alan \u00fczerinde; 252 konut ve 15 ticari birimden olu\u015fuyor. Oturumun ba\u015flad\u0131\u011f\u0131, 1+1, 2+1 ve 3+1 dairelerin yer ald\u0131\u011f\u0131 projemizde 1+1 dairelerimiz 448 bin TL\u2019den sat\u0131\u015fa sunuluyor. Projede yer alan 1+1 dairelerin \u00e7o\u011funda da balkon yer al\u0131yor. Projenin y\u00fczde 85\u2019i balkonlu dairelerden olu\u015fuyor. \u015eehrin i\u00e7inde m\u00fcstakil bir ya\u015fam vaat eden projede yer alan 2+1 ve 3+1 dairelerin her birinde yemek yenilecek kadar geni\u015f balkonlar yer al\u0131yor. 1+1 dairelerin \u00e7o\u011funda da 1 balkon, 3+1 dairelerde ise 2 balkon bulunuyor.<\/p>\n<p>24 saat g\u00fcvenlik hizmetinin yer ald\u0131\u011f\u0131 &#8216;Ond\u00f6rt\u00fc\u00e7 Pendik&#8217;; y\u00fczme havuzu, y\u00fcr\u00fcy\u00fc\u015f yollar\u0131, \u00e7ocuk park\u0131, spor alanlar\u0131, dinlenme alanlar\u0131 imkan\u0131n\u0131n yan\u0131 s\u0131ra kapal\u0131 otopark ayr\u0131cal\u0131\u011f\u0131 da sunuyor. Profesyonel site y\u00f6netiminin bulundu\u011fu ve her daireye depo alan\u0131n\u0131n tahsis edildi\u011fi projedeki ma\u011faza ve restoranlar da ayr\u0131cal\u0131kl\u0131 ya\u015fam alan\u0131 konseptini tamaml\u0131yor\u201d dedi.<\/p>\n<p>Aydos Orman\u0131\u2019na10 dakika mesafede<br \/>\nPendik&#8217;in merkezinde yer alan &#8216;Ond\u00f6rt\u00fc\u00e7 Pendik&#8217; projesi, merkezi noktalara yak\u0131nl\u0131\u011f\u0131yla dikkat \u00e7ekiyor. Yap\u0131m\u0131 devam eden Pendik Tav\u015fantepe-Sabiha G\u00f6k\u00e7en Havaliman\u0131 aras\u0131ndaki metro hatt\u0131, projeye birka\u00e7 dakikal\u0131k y\u00fcr\u00fcme mesafesinde bulunuyor. Teknokent&#8217;e de kom\u015fu olan proje ayr\u0131ca, b\u00f6lgenin en b\u00fcy\u00fck al\u0131\u015fveri\u015f merkezi Viaport\u2019a da \u00e7ok k\u0131sa s\u00fcrede ve kolay bir \u015fekilde ula\u015fma imk\u00e2n\u0131 sunuyor.Proje, d\u00f6rt bir yan\u0131 sa\u011fl\u0131k kurulu\u015flar\u0131yla \u00e7evrili ve \u00f6zel hastanelerin yan\u0131 s\u0131ra Marmara \u00dcniversitesi Hastanesi&#8217;ne 3 dakikal\u0131k mesafede yer al\u0131yor. &#8216;Ond\u00f6rt\u00fc\u00e7 Pendik&#8217;, Sabiha G\u00f6k\u00e7en Havaliman\u0131, h\u0131zl\u0131 feribota15 dakika mesafede konumlan\u0131yor. \u00d6zellikle a\u00e7\u0131k havada vakit ge\u00e7irmek isteyenler i\u00e7in Aydos Orman\u0131\u2019na10 dakikada ula\u015f\u0131labiliyor.<\/p>\n","protected":false},"excerpt":{"rendered":"<p>Do\u011fayla i\u00e7 i\u00e7e bir ya\u015fam sunan sekt\u00f6r\u00fcn yenilik\u00e7i markas\u0131 \u0130nsay Yap\u0131\u2019n\u0131n, Pendik\u2019te hayata ge\u00e7irdi\u011fi projesi &#8216;Ond\u00f6rt\u00fc\u00e7 Pendik&#8217;, ye\u015file ve do\u011faya yak\u0131n olmak isteyenlerin tercihi oldu. Dairelerin y\u00fczde 80\u2019inin sat\u0131ld\u0131\u011f\u0131 projenin ilgi oda\u011f\u0131 olmas\u0131nda ise geni\u015f balkon ve bah\u00e7e se\u00e7eneklerinin yan\u0131 s\u0131ra Aydos Orman\u0131\u2019na kom\u015fu konumda olmas\u0131 da \u00f6nemli rol oynuyor. Pandemi \u00f6ncesinin \u00e7ok katl\u0131 dev [&hellip;]<\/p>\n","protected":false},"author":1,"featured_media":22480,"comment_status":"open","ping_status":"open","sticky":false,"template":"","format":"standard","meta":{"ngg_post_thumbnail":0},"categories":[5388],"tags":[4520,5651,5652],"_links":{"self":[{"href":"https:\/\/emlaktuel.com\/index.php?rest_route=\/wp\/v2\/posts\/36578"}],"collection":[{"href":"https:\/\/emlaktuel.com\/index.php?rest_route=\/wp\/v2\/posts"}],"about":[{"href":"https:\/\/emlaktuel.com\/index.php?rest_route=\/wp\/v2\/types\/post"}],"author":[{"embeddable":true,"href":"https:\/\/emlaktuel.com\/index.php?rest_route=\/wp\/v2\/users\/1"}],"replies":[{"embeddable":true,"href":"https:\/\/emlaktuel.com\/index.php?rest_route=%2Fwp%2Fv2%2Fcomments&post=36578"}],"version-history":[{"count":1,"href":"https:\/\/emlaktuel.com\/index.php?rest_route=\/wp\/v2\/posts\/36578\/revisions"}],"predecessor-version":[{"id":36579,"href":"https:\/\/emlaktuel.com\/index.php?rest_route=\/wp\/v2\/posts\/36578\/revisions\/36579"}],"wp:featuredmedia":[{"embeddable":true,"href":"https:\/\/emlaktuel.com\/index.php?rest_route=\/wp\/v2\/media\/22480"}],"wp:attachment":[{"href":"https:\/\/emlaktuel.com\/index.php?rest_route=%2Fwp%2Fv2%2Fmedia&parent=36578"}],"wp:term":[{"taxonomy":"category","embeddable":true,"href":"https:\/\/emlaktuel.com\/index.php?rest_route=%2Fwp%2Fv2%2Fcategories&post=36578"},{"taxonomy":"post_tag","embeddable":true,"href":"https:\/\/emlaktuel.com\/index.php?rest_route=%2Fwp%2Fv2%2Ftags&post=36578"}],"curies":[{"name":"wp","href":"https:\/\/api.w.org\/{rel}","templated":true}]}}