{"id":36560,"date":"2021-08-13T15:45:07","date_gmt":"2021-08-13T12:45:07","guid":{"rendered":"https:\/\/emlaktuel.com\/?p=36560"},"modified":"2021-08-13T15:45:07","modified_gmt":"2021-08-13T12:45:07","slug":"renault-mais-genel-muduru-berk-cagdas","status":"publish","type":"post","link":"https:\/\/emlaktuel.com\/?p=36560","title":{"rendered":"Renault MA\u0130S Genel M\u00fcd\u00fcr\u00fc Berk \u00c7A\u011eDA\u015e:"},"content":{"rendered":"<p>Y\u00fcksek bir dinamizme sahip otomotiv sekt\u00f6r\u00fcnde, s\u0131kl\u0131kla dile getirdi\u011fimiz gibi \u00d6TV matrahlar\u0131n\u0131n da artan maliyetler kapsam\u0131nda pazar ko\u015fullar\u0131na adapte edilmesi gerekiyor. Devletimiz hem piyasay\u0131 yak\u0131ndan takip ediyor hem de sekt\u00f6r temsilcilerini dinleyerek gerekli d\u00fczenlemelerle sekt\u00f6re destek oluyor. Bu anlamda Resmi Gazete&#8217;de yer alan Cumhurba\u015fkanl\u0131\u011f\u0131 Karar\u0131 ile yeniden d\u00fczenlen \u00d6TV matrah oranlar\u0131n\u0131 memnuniyetle kar\u015f\u0131larken, m\u00fcte\u015fekkir oldu\u011fumuzu da ifade etmeliyim. Bu karar\u0131n \u00fclkemiz ekonomisinin lokomotif sekt\u00f6rlerinden otomotivde, ekosistemin korunmas\u0131 ve s\u00fcrd\u00fcr\u00fclebilirli\u011fin sa\u011flanmas\u0131 a\u00e7\u0131s\u0131ndan \u00f6nemli oldu\u011funu d\u00fc\u015f\u00fcn\u00fcyoruz.<\/p>\n<p>Son d\u00f6nemde artan \u00fcretim maliyetleri, hem t\u00fcketiciler i\u00e7in eri\u015febilir modellerde bir daralma hem de fiyat enflasyonu yaratm\u0131\u015ft\u0131. Matrah g\u00fcncellemesi, ivmenin azalmaya ba\u015flad\u0131\u011f\u0131 sekt\u00f6re nefes ald\u0131r\u0131rken, y\u00fczde 45 ve 50&#8217;lik \u00d6TV diliminde daha fazla modelin yer almas\u0131yla t\u00fcketiciler i\u00e7in se\u00e7enekler artacak. Y\u0131l\u0131n son \u00e7eyre\u011fi \u00f6ncesinde yap\u0131lan bu revizyonun, esasen pazar dinamikleri a\u00e7\u0131s\u0131ndan zamanlamas\u0131n\u0131n da yerinde oldu\u011funu s\u00f6yleyebiliriz. Fiyatlar\u0131n bir miktar a\u015fa\u011f\u0131ya \u00e7ekilmesiyle birlikte daha sakin ge\u00e7en yaz aylar\u0131n\u0131n ard\u0131ndan pazarda pozitif bir r\u00fczg\u00e2r bekliyoruz. \u00d6te yandan \u00e7ip tedariki sorunlar\u0131na paralel olarak ara\u00e7 bulunabilirli\u011fi sekt\u00f6r\u00fcn bir di\u011fer \u00f6nemli g\u00fcndemi. Bu nedenle ihtiyatl\u0131 olmakta fayda var. MA\u0130S olarak \u00f6zellikle Clio ve Megane Sedan gibi yerli \u00fcretim Renault modellerimizi hem de Dacia modellerimizi bir alt \u00d6TV bareminde daha uygun fiyatla t\u00fcketicilerimizle bulu\u015fturabilecek olman\u0131n mutlulu\u011fu i\u00e7erisindeyiz. Yeni matrah d\u00fczenlemesinin baremler aras\u0131ndaki ge\u00e7i\u015flerde %5 &#8211; %17 oranlar\u0131nda indirim olarak yans\u0131yaca\u011f\u0131n\u0131 s\u00f6yleyebiliriz.<\/p>\n<p>Hibrit modellerindeki g\u00fcncellemenin de \u00f6zellikle \u00e7evreci ve yeni teknolojilere uyum sa\u011flamak a\u00e7\u0131s\u0131ndan \u00f6nemli oldu\u011funu d\u00fc\u015f\u00fcn\u00fcyoruz. Bu noktada motoru da dahil T\u00fcrkiye&#8217;de \u00fcretilen ve Avrupa&#8217;ya ihra\u00e7 edilen Clio Hibrit modelimizin i\u00e7 pazarda sat\u0131\u015fa sunulmas\u0131n\u0131 da ana hissedar\u0131m\u0131zla birlikte de\u011ferlendirece\u011fiz.<\/p>\n","protected":false},"excerpt":{"rendered":"<p>Y\u00fcksek bir dinamizme sahip otomotiv sekt\u00f6r\u00fcnde, s\u0131kl\u0131kla dile getirdi\u011fimiz gibi \u00d6TV matrahlar\u0131n\u0131n da artan maliyetler kapsam\u0131nda pazar ko\u015fullar\u0131na adapte edilmesi gerekiyor. Devletimiz hem piyasay\u0131 yak\u0131ndan takip ediyor hem de sekt\u00f6r temsilcilerini dinleyerek gerekli d\u00fczenlemelerle sekt\u00f6re destek oluyor. Bu anlamda Resmi Gazete&#8217;de yer alan Cumhurba\u015fkanl\u0131\u011f\u0131 Karar\u0131 ile yeniden d\u00fczenlen \u00d6TV matrah oranlar\u0131n\u0131 memnuniyetle kar\u015f\u0131larken, m\u00fcte\u015fekkir oldu\u011fumuzu [&hellip;]<\/p>\n","protected":false},"author":1,"featured_media":36561,"comment_status":"open","ping_status":"open","sticky":false,"template":"","format":"standard","meta":{"ngg_post_thumbnail":0},"categories":[5215,5388],"tags":[15527,15528,7530],"_links":{"self":[{"href":"https:\/\/emlaktuel.com\/index.php?rest_route=\/wp\/v2\/posts\/36560"}],"collection":[{"href":"https:\/\/emlaktuel.com\/index.php?rest_route=\/wp\/v2\/posts"}],"about":[{"href":"https:\/\/emlaktuel.com\/index.php?rest_route=\/wp\/v2\/types\/post"}],"author":[{"embeddable":true,"href":"https:\/\/emlaktuel.com\/index.php?rest_route=\/wp\/v2\/users\/1"}],"replies":[{"embeddable":true,"href":"https:\/\/emlaktuel.com\/index.php?rest_route=%2Fwp%2Fv2%2Fcomments&post=36560"}],"version-history":[{"count":1,"href":"https:\/\/emlaktuel.com\/index.php?rest_route=\/wp\/v2\/posts\/36560\/revisions"}],"predecessor-version":[{"id":36562,"href":"https:\/\/emlaktuel.com\/index.php?rest_route=\/wp\/v2\/posts\/36560\/revisions\/36562"}],"wp:featuredmedia":[{"embeddable":true,"href":"https:\/\/emlaktuel.com\/index.php?rest_route=\/wp\/v2\/media\/36561"}],"wp:attachment":[{"href":"https:\/\/emlaktuel.com\/index.php?rest_route=%2Fwp%2Fv2%2Fmedia&parent=36560"}],"wp:term":[{"taxonomy":"category","embeddable":true,"href":"https:\/\/emlaktuel.com\/index.php?rest_route=%2Fwp%2Fv2%2Fcategories&post=36560"},{"taxonomy":"post_tag","embeddable":true,"href":"https:\/\/emlaktuel.com\/index.php?rest_route=%2Fwp%2Fv2%2Ftags&post=36560"}],"curies":[{"name":"wp","href":"https:\/\/api.w.org\/{rel}","templated":true}]}}