{"id":36519,"date":"2021-08-06T12:16:19","date_gmt":"2021-08-06T09:16:19","guid":{"rendered":"https:\/\/emlaktuel.com\/?p=36519"},"modified":"2021-08-06T12:16:19","modified_gmt":"2021-08-06T09:16:19","slug":"eminevimden-yangin-bolgesine-yardim-tiri-ve-gonullu-ekip-destegi","status":"publish","type":"post","link":"https:\/\/emlaktuel.com\/?p=36519","title":{"rendered":"Eminevim&#8217;den yang\u0131n b\u00f6lgesine yard\u0131m t\u0131r\u0131 ve g\u00f6n\u00fcll\u00fc ekip deste\u011fi"},"content":{"rendered":"<p><strong>Antalya\u2019n\u0131n Manavgat il\u00e7esinde devam eden yang\u0131nlardan etkilenen vatanda\u015flar\u0131n yaralar\u0131n\u0131 sarmak i\u00e7in harekete ge\u00e7en Eminevim, ihtiya\u00e7 listesinden olu\u015fan yard\u0131m t\u0131r\u0131n\u0131 ve g\u00f6n\u00fcll\u00fc destek ekibini b\u00f6lgeye g\u00f6nderdi.<\/strong><\/p>\n<p>&nbsp;<\/p>\n<p>T\u00fcrkiye\u2019yi derinden \u00fczen orman yang\u0131nlar\u0131n\u0131n bir s\u00fcredir devam etti\u011fi Manavgat\u2019ta b\u00f6lge halk\u0131n\u0131n ihtiya\u00e7lar\u0131n\u0131 kar\u015f\u0131lamaya y\u00f6nelik yard\u0131m \u00e7al\u0131\u015fmas\u0131 ba\u015flatan Eminevim, g\u0131da ve giyim malzemelerinden olu\u015fan yard\u0131m t\u0131r\u0131n\u0131, ihtiya\u00e7 sahiplerine ula\u015ft\u0131rmak \u00fczere il\u00e7eye sevk etti. \u0130\u00e7i\u015fleri Bakanl\u0131\u011f\u0131 Afet ve Acil Durum Y\u00f6netim Ba\u015fkanl\u0131\u011f\u0131 (AFAD) koordinasyonuyla Manavgat\u2019a ula\u015fan yard\u0131m t\u0131r\u0131ndaki koliler, AFAD yetkililerinin y\u00f6nlendirmesi do\u011frultusunda belirlenen ihtiya\u00e7 noktalar\u0131na ula\u015ft\u0131r\u0131lacak. Yang\u0131nlar\u0131n kontrol alt\u0131na al\u0131nmaya \u00e7al\u0131\u015f\u0131ld\u0131\u011f\u0131 b\u00f6lgede Eminevim g\u00f6n\u00fcll\u00fcleri, sahada ihtiya\u00e7 duyulan ekip deste\u011fini de verecek. Vatanda\u015flar\u0131n acil ihtiya\u00e7lar\u0131n\u0131n giderilmesine y\u00f6nelik yard\u0131m faaliyetleri ve da\u011f\u0131t\u0131m \u00e7al\u0131\u015fmalar\u0131 i\u00e7in g\u00f6n\u00fcll\u00fc olarak b\u00f6lgeye giden yard\u0131m ekibi, b\u00f6lge halk\u0131n\u0131n yaralar\u0131n\u0131 sarmas\u0131na destek olacak.<\/p>\n<p>&nbsp;<\/p>\n<p>Yard\u0131mlar ve g\u00f6n\u00fcll\u00fc ekiple il\u00e7edeki acil ihtiya\u00e7lar\u0131n kar\u015f\u0131lanmas\u0131na destek olunmas\u0131 ama\u00e7lan\u0131yor.<\/p>\n<p>&nbsp;<\/p>\n<p>&nbsp;<\/p>\n","protected":false},"excerpt":{"rendered":"<p>Antalya\u2019n\u0131n Manavgat il\u00e7esinde devam eden yang\u0131nlardan etkilenen vatanda\u015flar\u0131n yaralar\u0131n\u0131 sarmak i\u00e7in harekete ge\u00e7en Eminevim, ihtiya\u00e7 listesinden olu\u015fan yard\u0131m t\u0131r\u0131n\u0131 ve g\u00f6n\u00fcll\u00fc destek ekibini b\u00f6lgeye g\u00f6nderdi. &nbsp; T\u00fcrkiye\u2019yi derinden \u00fczen orman yang\u0131nlar\u0131n\u0131n bir s\u00fcredir devam etti\u011fi Manavgat\u2019ta b\u00f6lge halk\u0131n\u0131n ihtiya\u00e7lar\u0131n\u0131 kar\u015f\u0131lamaya y\u00f6nelik yard\u0131m \u00e7al\u0131\u015fmas\u0131 ba\u015flatan Eminevim, g\u0131da ve giyim malzemelerinden olu\u015fan yard\u0131m t\u0131r\u0131n\u0131, ihtiya\u00e7 sahiplerine ula\u015ft\u0131rmak [&hellip;]<\/p>\n","protected":false},"author":1,"featured_media":36520,"comment_status":"open","ping_status":"open","sticky":false,"template":"","format":"standard","meta":{"ngg_post_thumbnail":0},"categories":[5388],"tags":[6658],"_links":{"self":[{"href":"https:\/\/emlaktuel.com\/index.php?rest_route=\/wp\/v2\/posts\/36519"}],"collection":[{"href":"https:\/\/emlaktuel.com\/index.php?rest_route=\/wp\/v2\/posts"}],"about":[{"href":"https:\/\/emlaktuel.com\/index.php?rest_route=\/wp\/v2\/types\/post"}],"author":[{"embeddable":true,"href":"https:\/\/emlaktuel.com\/index.php?rest_route=\/wp\/v2\/users\/1"}],"replies":[{"embeddable":true,"href":"https:\/\/emlaktuel.com\/index.php?rest_route=%2Fwp%2Fv2%2Fcomments&post=36519"}],"version-history":[{"count":1,"href":"https:\/\/emlaktuel.com\/index.php?rest_route=\/wp\/v2\/posts\/36519\/revisions"}],"predecessor-version":[{"id":36521,"href":"https:\/\/emlaktuel.com\/index.php?rest_route=\/wp\/v2\/posts\/36519\/revisions\/36521"}],"wp:featuredmedia":[{"embeddable":true,"href":"https:\/\/emlaktuel.com\/index.php?rest_route=\/wp\/v2\/media\/36520"}],"wp:attachment":[{"href":"https:\/\/emlaktuel.com\/index.php?rest_route=%2Fwp%2Fv2%2Fmedia&parent=36519"}],"wp:term":[{"taxonomy":"category","embeddable":true,"href":"https:\/\/emlaktuel.com\/index.php?rest_route=%2Fwp%2Fv2%2Fcategories&post=36519"},{"taxonomy":"post_tag","embeddable":true,"href":"https:\/\/emlaktuel.com\/index.php?rest_route=%2Fwp%2Fv2%2Ftags&post=36519"}],"curies":[{"name":"wp","href":"https:\/\/api.w.org\/{rel}","templated":true}]}}