{"id":36498,"date":"2021-08-02T11:27:35","date_gmt":"2021-08-02T08:27:35","guid":{"rendered":"https:\/\/emlaktuel.com\/?p=36498"},"modified":"2021-08-02T11:27:35","modified_gmt":"2021-08-02T08:27:35","slug":"evinizin-emlak-vergisi-yukselmis-olabilir","status":"publish","type":"post","link":"https:\/\/emlaktuel.com\/?p=36498","title":{"rendered":"Evinizin emlak vergisi y\u00fckselmi\u015f olabilir!"},"content":{"rendered":"<p>Her d\u00f6rt senede bir m\u00fclk sahiplerini yak\u0131ndan ilgilendiren emlak vergi de\u011ferleri yeniden hesaplan\u0131yor. Haus \u0130stanbul Gayrimenkul Kurucusu Sercan G\u00f6ller, de\u011ferleme d\u00f6nemlerinde dikkat edilmesi gereken konu ba\u015fl\u0131klar\u0131n\u0131, m\u00fclk sahibi haklar\u0131n\u0131 ve de\u011ferlemenin nas\u0131l yap\u0131ld\u0131\u011f\u0131 ile ilgili \u00f6nemli bilgileri aktard\u0131.<br \/>\nL\u00fcks Konut Uzman\u0131 Sercan G\u00f6ller; emlak vergisi art\u0131\u015flar\u0131 ile ilgili haz\u0131rl\u0131kl\u0131 olmak i\u00e7in m\u00fclk sahiplerinin muhtarl\u0131kla ileti\u015fime ge\u00e7erek evlerinin emlak de\u011ferini \u00f6\u011frenmelerinin \u00f6nemini vurgulad\u0131. G\u00f6ller, konuyla ilgili \u015funlar\u0131 s\u00f6yledi:<br \/>\n\u201cT\u00fcm m\u00fclklerin emlak vergisi de\u011feri, arsa metrekare birim de\u011ferinin ve in\u015faat maliyetinin metrekare birim fiyat\u0131n\u0131n toplam\u0131ndan olu\u015fuyor. Bu emlak vergisi de\u011ferleri, baz\u0131 b\u00f6lgelerde 10 kat\u0131na kadar art\u0131\u015f g\u00f6sterebiliyor. Haziran ay\u0131 ba\u015f\u0131ndan itibaren muhtarl\u0131klarda m\u00fclklerin yeni arsa de\u011ferleri ask\u0131ya \u00e7\u0131kt\u0131. Ba\u011fl\u0131 bulundu\u011funuz muhtarl\u0131k ile ileti\u015fime ge\u00e7erek mutlaka evinizin emlak de\u011ferini \u00f6\u011frenmelisiniz. \u00d6\u011frendi\u011finiz bu de\u011ferin \u00e7ok olmas\u0131 durumunda itiraz edebilirsiniz. 31 Temmuz\u2019da dolan itiraz s\u00fcreleri, adli tatilden dolay\u0131 7 Eyl\u00fcl\u2019e kadar uzat\u0131ld\u0131. Bu sayede vergi mahkemelerinde dava a\u00e7abilirsiniz. Evinizin de\u011feri fahi\u015f oranda artm\u0131\u015fsa ve itiraz etmezseniz \u00f6n\u00fcm\u00fczdeki d\u00f6rt sene i\u00e7in bu bedeli \u00f6demeyi kabul etmi\u015f say\u0131l\u0131rs\u0131n\u0131z.\u201d<br \/>\n\u201cArsa ve arazi de\u011ferlemelerinde b\u00f6lgedeki kamu hizmet alanlar\u0131 \u00f6nemli\u201d<br \/>\nG\u00f6ller, arsa ve araziler i\u00e7in belirlenen emlak vergisi de\u011ferlemeleriyle ilgili \u015funlar\u0131 ekledi:<br \/>\n\u201cArsa ve arazi i\u00e7in emlak vergisi de\u011ferlerini belirleyen komisyonlar; de\u011fer takdiri ger\u00e7ekle\u015ftirirken arsa veya arazinizin bulundu\u011fu b\u00f6lgedeki yol yap\u0131m\u0131, toplu ta\u015f\u0131ma imkanlar\u0131 gibi kamu hizmetlerinin, o b\u00f6lgenin gayrimenkul de\u011ferlerine olumlu yans\u0131yacak alanlar\u0131n\u0131 da g\u00f6z \u00f6n\u00fcnde bulundurarak de\u011ferleme yap\u0131yorlar. Konut ve sanayi b\u00f6lgelerinde \u00f6nemi artan yerlerin de bu y\u00fckselen de\u011ferlerini dikkate al\u0131yorlar.\u201d<br \/>\nL\u00fcks Konut Uzman\u0131 Sercan G\u00f6ller, ayr\u0131ca emlak vergisi de\u011ferinin m\u00fclk sat\u0131\u015flar\u0131nda devlete \u00f6denecek tapu harc\u0131 hesaplamalar\u0131nda da \u00f6nemli oldu\u011funa dikkat \u00e7ekti.<\/p>\n","protected":false},"excerpt":{"rendered":"<p>Her d\u00f6rt senede bir m\u00fclk sahiplerini yak\u0131ndan ilgilendiren emlak vergi de\u011ferleri yeniden hesaplan\u0131yor. Haus \u0130stanbul Gayrimenkul Kurucusu Sercan G\u00f6ller, de\u011ferleme d\u00f6nemlerinde dikkat edilmesi gereken konu ba\u015fl\u0131klar\u0131n\u0131, m\u00fclk sahibi haklar\u0131n\u0131 ve de\u011ferlemenin nas\u0131l yap\u0131ld\u0131\u011f\u0131 ile ilgili \u00f6nemli bilgileri aktard\u0131. L\u00fcks Konut Uzman\u0131 Sercan G\u00f6ller; emlak vergisi art\u0131\u015flar\u0131 ile ilgili haz\u0131rl\u0131kl\u0131 olmak i\u00e7in m\u00fclk sahiplerinin muhtarl\u0131kla ileti\u015fime [&hellip;]<\/p>\n","protected":false},"author":1,"featured_media":36499,"comment_status":"open","ping_status":"open","sticky":false,"template":"","format":"standard","meta":{"ngg_post_thumbnail":0},"categories":[5388],"tags":[216],"_links":{"self":[{"href":"https:\/\/emlaktuel.com\/index.php?rest_route=\/wp\/v2\/posts\/36498"}],"collection":[{"href":"https:\/\/emlaktuel.com\/index.php?rest_route=\/wp\/v2\/posts"}],"about":[{"href":"https:\/\/emlaktuel.com\/index.php?rest_route=\/wp\/v2\/types\/post"}],"author":[{"embeddable":true,"href":"https:\/\/emlaktuel.com\/index.php?rest_route=\/wp\/v2\/users\/1"}],"replies":[{"embeddable":true,"href":"https:\/\/emlaktuel.com\/index.php?rest_route=%2Fwp%2Fv2%2Fcomments&post=36498"}],"version-history":[{"count":1,"href":"https:\/\/emlaktuel.com\/index.php?rest_route=\/wp\/v2\/posts\/36498\/revisions"}],"predecessor-version":[{"id":36500,"href":"https:\/\/emlaktuel.com\/index.php?rest_route=\/wp\/v2\/posts\/36498\/revisions\/36500"}],"wp:featuredmedia":[{"embeddable":true,"href":"https:\/\/emlaktuel.com\/index.php?rest_route=\/wp\/v2\/media\/36499"}],"wp:attachment":[{"href":"https:\/\/emlaktuel.com\/index.php?rest_route=%2Fwp%2Fv2%2Fmedia&parent=36498"}],"wp:term":[{"taxonomy":"category","embeddable":true,"href":"https:\/\/emlaktuel.com\/index.php?rest_route=%2Fwp%2Fv2%2Fcategories&post=36498"},{"taxonomy":"post_tag","embeddable":true,"href":"https:\/\/emlaktuel.com\/index.php?rest_route=%2Fwp%2Fv2%2Ftags&post=36498"}],"curies":[{"name":"wp","href":"https:\/\/api.w.org\/{rel}","templated":true}]}}