{"id":36432,"date":"2021-07-26T14:00:06","date_gmt":"2021-07-26T11:00:06","guid":{"rendered":"https:\/\/emlaktuel.com\/?p=36432"},"modified":"2021-07-26T14:00:06","modified_gmt":"2021-07-26T11:00:06","slug":"bilesik-endeks-haziranda-hizli-bir-artis-gosterirken-uretim-ve-ihracat-endeksleri-zirve-yapti","status":"publish","type":"post","link":"https:\/\/emlaktuel.com\/?p=36432","title":{"rendered":"Bile\u015fik Endeks haziranda h\u0131zl\u0131 bir art\u0131\u015f g\u00f6sterirken \u00dcretim ve \u0130hracat Endeksleri zirve yapt\u0131"},"content":{"rendered":"<p><strong>Bile\u015fik Endeks haziranda h\u0131zl\u0131 bir art\u0131\u015f g\u00f6sterirken<\/strong><\/p>\n<p><strong>\u00dcretim ve \u0130hracat Endeksleri zirve yapt\u0131<\/strong><\/p>\n<p><strong>\u00a0<\/strong><\/p>\n<p><strong>T\u00fcrkiye \u0130MSAD \u0130n\u015faat Malzemeleri Sanayi Bile\u015fik Endeksi haziran ay\u0131 sonu\u00e7lar\u0131na g\u00f6re, Bile\u015fik Endeks art\u0131\u015f\u0131na devam ederken a\u00e7\u0131lmalar\u0131n etkisi ile faaliyetlerde s\u0131\u00e7rama ya\u015fand\u0131. Haziran ay\u0131nda \u00dcretim Endeksi, endeksin \u00f6l\u00e7\u00fclmeye ba\u015fland\u0131\u011f\u0131 2013 y\u0131l\u0131 a\u011fustos ay\u0131ndan bu yana en y\u00fcksek seviyesine ula\u015ft\u0131.\u00a0<\/strong><\/p>\n<p><strong><br \/>\nT\u00fcrkiye \u0130n\u015faat Malzemesi Sanayicileri Derne\u011fi (T\u00fcrkiye \u0130MSAD)<\/strong>\u00a0taraf\u0131ndan her ay d\u00fczenli olarak yay\u0131nlanan\u00a0<strong>\u0130n\u015faat Malzemeleri Sanayi Bile\u015fik Endeksi<\/strong>\u2019nin<strong>\u00a0Haziran 2021\u00a0<\/strong>sonu\u00e7lar\u0131 a\u00e7\u0131kland\u0131.\u00a0Haziran ay\u0131nda h\u0131zl\u0131 bir art\u0131\u015f g\u00f6sterdi\u011fi belirtilen Bile\u015fik Endeks\u2019te \u015fu bilgiler yer ald\u0131:\u00a0Bile\u015fik Endeks, haziran ay\u0131ndaki a\u00e7\u0131lmalardan iki y\u00f6nl\u00fc olumlu etkilendi. Faaliyetler taraf\u0131nda s\u0131\u00e7rama ya\u015fand\u0131. Kademeli a\u00e7\u0131lma takvimine ge\u00e7ilmesi de g\u00fcven ve beklentilerde iyile\u015fme sa\u011flad\u0131. Faaliyet, g\u00fcven ve beklentiler birlikte art\u0131\u015f g\u00f6sterdi. Haziran ay\u0131nda bir \u00f6nceki aya g\u00f6re\u00a0<strong>1,73<\/strong>\u00a0puan art\u0131\u015f g\u00f6steren \u0130n\u015faat Malzemeleri Sanayi Bile\u015fik Endeksi\u00a0<strong>79,04\u00a0<\/strong>puana y\u00fckseldi. Bile\u015fik Endeks\u2019te kademeli art\u0131\u015f s\u00fcr\u00fcyor.<\/p>\n<h2><strong>Faaliyet Endeksi haziranda 4,9 puan artt\u0131<\/strong><\/h2>\n<p>\u0130n\u015faat malzemeleri sanayi faaliyetlerinde haziran ay\u0131nda s\u0131\u00e7rama ya\u015fand\u0131. May\u0131s ay\u0131ndaki tam kapatma uygulamalar\u0131 ve bayram tatili ile dura\u011fanla\u015fan faaliyetler, haziran ay\u0131nda a\u00e7\u0131lma ile \u00f6nemli \u00f6l\u00e7\u00fcde geni\u015fleme g\u00f6sterdi. Faaliyet Endeksi haziran ay\u0131nda bir \u00f6nceki aya g\u00f6re\u00a0<strong>4,9<\/strong>\u00a0puan artt\u0131. T\u00fcm faaliyet gruplar\u0131nda \u00f6nemli art\u0131\u015flar ger\u00e7ekle\u015fen Faaliyet Endeksi, 2017 y\u0131l\u0131 a\u011fustos ay\u0131ndan sonraki en y\u00fcksek seviyesine y\u00fckseldi. \u00dcretimde haziran ay\u0131nda y\u00fcksek bir b\u00fcy\u00fcme ger\u00e7ekle\u015fti. \u00dcretim Endeksi, endeksin \u00f6l\u00e7\u00fclmeye ba\u015fland\u0131\u011f\u0131 2013 y\u0131l\u0131 a\u011fustos ay\u0131ndan bu yana en y\u00fcksek seviyesine ula\u015ft\u0131. Cirolar haziran ay\u0131nda i\u00e7 sat\u0131\u015flar ve ihracattaki y\u00fcksek art\u0131\u015flar ile s\u0131\u00e7rama g\u00f6sterdi.<\/p>\n<p>\u0130n\u015faat sekt\u00f6r\u00fcnde mevcut i\u015fler ve yenileme i\u015fleri in\u015faat malzemeleri sanayisinde de belirleyici olmaya devam etti. Haziran ay\u0131 ba\u015f\u0131ndan itibaren faaliyetlerin h\u0131zl\u0131 bir b\u00fcy\u00fcme e\u011filimi i\u00e7ine girdi\u011fi g\u00f6r\u00fcld\u00fc.<\/p>\n<p><strong>G\u00fcven Endeksi\u2019nde s\u0131n\u0131rl\u0131 art\u0131\u015f<\/strong><\/p>\n<p>G\u00fcven Endeksi haziran ay\u0131nda temkinli ve yava\u015f art\u0131\u015f\u0131n\u0131 s\u00fcrd\u00fcrd\u00fc. Kapatma \u00f6nlemlerinin olumlu sonu\u00e7lar vermesi ve haziran ay\u0131 ba\u015f\u0131ndan itibaren kademeli a\u00e7\u0131lmaya ge\u00e7ilmesi g\u00fcveni destekledi. Faaliyetlerdeki s\u0131\u00e7rama ise G\u00fcven Endeksi\u2019ndeki art\u0131\u015fa s\u0131n\u0131rl\u0131 bir katk\u0131 sa\u011flad\u0131. G\u00fcven seviyesi haziran ay\u0131nda bir \u00f6nceki aya g\u00f6re\u00a0<strong>0,46\u00a0<\/strong>puan artt\u0131. May\u0131s ay\u0131nda yeniden art\u0131\u015fa ge\u00e7en G\u00fcven Endeksi, i\u00e7 ve d\u0131\u015f pazarlara olan g\u00fcven art\u0131\u015f\u0131 ile temkinli b\u00fcy\u00fcmesini haziran ay\u0131nda da s\u00fcrd\u00fcrd\u00fc.<\/p>\n<p>T\u00fcrkiye ekonomisine ili\u015fkin g\u00fcven seviyesi artt\u0131. \u0130n\u015faat sekt\u00f6r\u00fcnde ve in\u015faat malzemeleri sanayisinde g\u00fcven s\u0131n\u0131rl\u0131 \u00f6l\u00e7\u00fcde art\u0131\u015f g\u00f6sterdi. Yurti\u00e7i pazarlarda g\u00fcven haziran ay\u0131nda y\u00fckseldi. \u0130hracat pazarlar\u0131na olan g\u00fcvende yine h\u0131zl\u0131 bir art\u0131\u015f ger\u00e7ekle\u015fti. G\u00fcven Endeksi haziran ay\u0131ndaki a\u00e7\u0131lmalar ve y\u00fcksek mevsime giri\u015fin etkileri ile desteklendi. Sekt\u00f6re olan g\u00fcven art\u0131\u015f\u0131n\u0131n da olumlu oldu\u011fu ancak G\u00fcven Endeksi\u2019nin halen temkinli bir iyile\u015fme g\u00f6sterdi\u011fi ve k\u0131r\u0131lgan oldu\u011fu g\u00f6r\u00fcld\u00fc.<\/p>\n<h2><strong>Beklenti Endeksi, 2021\u2019deki kesintisiz art\u0131\u015f\u0131na devam etti<\/strong><\/h2>\n<p>Beklenti Endeksi haziran ay\u0131nda art\u0131\u015f\u0131na devam etti. Kademeli a\u00e7\u0131lmaya ge\u00e7ilmesi beklentilerde iyile\u015fme sa\u011flad\u0131. Faaliyetlerdeki s\u0131\u00e7raman\u0131n beklentiler \u00fczerindeki etkisi ise s\u0131n\u0131rl\u0131 oldu. T\u00fcm alt g\u00f6stergelerinde art\u0131\u015f ger\u00e7ekle\u015fen Beklenti Endeksi, haziran ay\u0131nda bir \u00f6nceki aya g\u00f6re\u00a0<strong>0,9\u00a0<\/strong>puan y\u00fckseldi. B\u00f6ylece Beklenti Endeksi yeni y\u0131ldaki art\u0131\u015f\u0131n\u0131 kesintisiz s\u00fcrd\u00fcrd\u00fc.<\/p>\n<p>T\u00fcrkiye ekonomisine ili\u015fkin beklentilerde s\u0131n\u0131rl\u0131 art\u0131\u015f oldu. Haziran ay\u0131nda, \u00f6n\u00fcm\u00fczdeki \u00fc\u00e7 aya ili\u015fkin al\u0131nan yurti\u00e7i sipari\u015fleri ve ihracat sipari\u015flerinde art\u0131\u015f ya\u015fand\u0131. \u00d6n\u00fcm\u00fczdeki \u00fc\u00e7 ay\u0131n \u00fcretim beklentisi haziran ay\u0131nda kuvvetli bir art\u0131\u015f g\u00f6sterdi. \u00d6zellikle al\u0131nan yurtd\u0131\u015f\u0131 sipari\u015flerindeki art\u0131\u015fa ba\u011fl\u0131 olarak \u00fcretim beklentileri kuvvetlendi.<\/p>\n<p>Beklentilerde temel belirleyiciler a\u015f\u0131lama ve salg\u0131ndaki geli\u015fmeler olmaya devam ediyor. Sekt\u00f6r\u00fcn y\u00fcksek sezona girdi\u011fi bir s\u00fcre\u00e7te kademeli a\u00e7\u0131lmalar beklentilerde iyile\u015fmeyi destekliyor. Y\u00fcksek sezonda faaliyetlerin de ivme kazanmas\u0131 iyile\u015fmeye katk\u0131 sa\u011fl\u0131yor. Kademeli a\u00e7\u0131lman\u0131n s\u00fcrmesi ve i\u015flerde y\u00fcksek mevsime girilmesi ile yaz aylar\u0131nda Bile\u015fik Endeks\u2019in art\u0131\u015f\u0131n\u0131 s\u00fcrd\u00fcrmesi bekleniyor. Ancak salg\u0131nda yeni bir dalgan\u0131n bu art\u0131\u015f\u0131 durdurabilece\u011fi \u00f6ng\u00f6r\u00fcl\u00fcyor.<\/p>\n","protected":false},"excerpt":{"rendered":"<p>Bile\u015fik Endeks haziranda h\u0131zl\u0131 bir art\u0131\u015f g\u00f6sterirken \u00dcretim ve \u0130hracat Endeksleri zirve yapt\u0131 \u00a0 T\u00fcrkiye \u0130MSAD \u0130n\u015faat Malzemeleri Sanayi Bile\u015fik Endeksi haziran ay\u0131 sonu\u00e7lar\u0131na g\u00f6re, Bile\u015fik Endeks art\u0131\u015f\u0131na devam ederken a\u00e7\u0131lmalar\u0131n etkisi ile faaliyetlerde s\u0131\u00e7rama ya\u015fand\u0131. Haziran ay\u0131nda \u00dcretim Endeksi, endeksin \u00f6l\u00e7\u00fclmeye ba\u015fland\u0131\u011f\u0131 2013 y\u0131l\u0131 a\u011fustos ay\u0131ndan bu yana en y\u00fcksek seviyesine ula\u015ft\u0131.\u00a0 T\u00fcrkiye \u0130n\u015faat [&hellip;]<\/p>\n","protected":false},"author":1,"featured_media":35633,"comment_status":"open","ping_status":"open","sticky":false,"template":"","format":"standard","meta":{"ngg_post_thumbnail":0},"categories":[5388],"tags":[8735],"_links":{"self":[{"href":"https:\/\/emlaktuel.com\/index.php?rest_route=\/wp\/v2\/posts\/36432"}],"collection":[{"href":"https:\/\/emlaktuel.com\/index.php?rest_route=\/wp\/v2\/posts"}],"about":[{"href":"https:\/\/emlaktuel.com\/index.php?rest_route=\/wp\/v2\/types\/post"}],"author":[{"embeddable":true,"href":"https:\/\/emlaktuel.com\/index.php?rest_route=\/wp\/v2\/users\/1"}],"replies":[{"embeddable":true,"href":"https:\/\/emlaktuel.com\/index.php?rest_route=%2Fwp%2Fv2%2Fcomments&post=36432"}],"version-history":[{"count":1,"href":"https:\/\/emlaktuel.com\/index.php?rest_route=\/wp\/v2\/posts\/36432\/revisions"}],"predecessor-version":[{"id":36433,"href":"https:\/\/emlaktuel.com\/index.php?rest_route=\/wp\/v2\/posts\/36432\/revisions\/36433"}],"wp:featuredmedia":[{"embeddable":true,"href":"https:\/\/emlaktuel.com\/index.php?rest_route=\/wp\/v2\/media\/35633"}],"wp:attachment":[{"href":"https:\/\/emlaktuel.com\/index.php?rest_route=%2Fwp%2Fv2%2Fmedia&parent=36432"}],"wp:term":[{"taxonomy":"category","embeddable":true,"href":"https:\/\/emlaktuel.com\/index.php?rest_route=%2Fwp%2Fv2%2Fcategories&post=36432"},{"taxonomy":"post_tag","embeddable":true,"href":"https:\/\/emlaktuel.com\/index.php?rest_route=%2Fwp%2Fv2%2Ftags&post=36432"}],"curies":[{"name":"wp","href":"https:\/\/api.w.org\/{rel}","templated":true}]}}