{"id":36418,"date":"2021-07-19T11:07:52","date_gmt":"2021-07-19T08:07:52","guid":{"rendered":"https:\/\/emlaktuel.com\/?p=36418"},"modified":"2021-07-19T11:07:52","modified_gmt":"2021-07-19T08:07:52","slug":"bien-amerikada-yeni-urunlerini-tanitti","status":"publish","type":"post","link":"https:\/\/emlaktuel.com\/?p=36418","title":{"rendered":"Bien Amerika\u2019da yeni \u00fcr\u00fcnlerini tan\u0131tt\u0131"},"content":{"rendered":"<p><strong><em>Seramik sekt\u00f6r\u00fcn\u00fcn en \u00f6nemli platformlar\u0131ndan biri olan Coverings 2021\u2019e kat\u0131lan Bien, Amerika pazar\u0131na y\u00f6nelik \u00fcr\u00fcnleriyle fuarda b\u00fcy\u00fck ilgi g\u00f6rd\u00fc.<\/em><\/strong><\/p>\n<p>&nbsp;<\/p>\n<p>Bien, en b\u00fcy\u00fck hedef pazarlar\u0131ndan biri olarak g\u00f6rd\u00fc\u011f\u00fc Amerika\u2019daki konumunu g\u00fc\u00e7lendirmek amac\u0131yla her sene oldu\u011fu gibi bu sene de Coverings Fuar\u0131 2021\u2019e kat\u0131ld\u0131. Amerika\u2019da 30 y\u0131ldan fazla bir s\u00fcredir d\u00fczenlenen ve seramik sekt\u00f6r\u00fcn\u00fcn en \u00f6nemli platformlar\u0131ndan biri olan Coverings Fuar\u0131; bu y\u0131l 7-9 Temmuz \u00a0tarihleri aras\u0131nda Florida Orlando\u2019da ger\u00e7ekle\u015fti.<\/p>\n<p>&nbsp;<\/p>\n<p><strong>En yeni koleksiyonlar\u0131n\u0131 tan\u0131tt\u0131<\/strong><\/p>\n<p>Bien, karo seramik alan\u0131nda \u00f6nemi her ge\u00e7en y\u0131l artan Coverings 2021\u2019de b\u00fcy\u00fck ebatl\u0131 \u00fcr\u00fcnleri ve ABD pazar\u0131na y\u00f6nelik koleksiyonlar\u0131 ile b\u00fcy\u00fck ilgi g\u00f6rd\u00fc.<\/p>\n<p>&nbsp;<\/p>\n<p>Farkl\u0131 \u00fclkelerden bir\u00e7ok kat\u0131l\u0131mc\u0131n\u0131n yer ald\u0131\u011f\u0131 fuarda, seramik ve karolardaki en son trendler, renkler ve ebatlar tan\u0131t\u0131ld\u0131. Bien de bu vesileyle fuarda \u00f6zel koleksiyonlardan olu\u015fan inovatif \u00fcr\u00fcnlerini \u00f6n plana \u00e7\u0131kartt\u0131.<\/p>\n<p>&nbsp;<\/p>\n<p>B\u00fcy\u00fck ilgi g\u00f6ren stand\u0131nda \u00fcr\u00fcnlerini tan\u0131tan Bien; 120x180cm Oversize olarak adland\u0131rd\u0131\u011f\u0131 seramiklerini ve ayn\u0131 zamanda bu y\u0131la damgas\u0131n\u0131 vuran bookmatch tasar\u0131mlardan olu\u015fan b\u00fcy\u00fck seramiklerini tan\u0131tt\u0131. 60x120cm ebatl\u0131 koleksiyonlardan Hypnos ve Joja ise olduk\u00e7a b\u00fcy\u00fck ilgi g\u00f6rd\u00fc. Duvar karolar\u0131nda ise 40\u00d7120cm ve 30x90cm ebad\u0131ndaki serileri \u00f6n plana \u00e7\u0131kt\u0131. B\u00fcy\u00fck ebatlar\u0131n yan\u0131 s\u0131ra pazarda \u00e7ok tercih edilen farkl\u0131 ebatlar ve tasar\u0131mlar da, sekt\u00f6r profesyonelleri ve nihai t\u00fcketicinin be\u011fenisine sunuldu. \u00d6zellikle ah\u015fap g\u00f6r\u00fcn\u00fcml\u00fc seramiklere olan ilgi ise b\u00fcy\u00fckt\u00fc.<\/p>\n<p>&nbsp;<\/p>\n<p>Pandemi \u015fartlar\u0131nda bir \u00f6nceki y\u0131llara g\u00f6re daha k\u0131sa s\u00fcreli bir fuar olmas\u0131na ra\u011fmen fuara olan ilgi b\u00fcy\u00fckt\u00fc.<\/p>\n<p>&nbsp;<\/p>\n<p>&nbsp;<\/p>\n<p>&nbsp;<\/p>\n<p>&nbsp;<\/p>\n","protected":false},"excerpt":{"rendered":"<p>Seramik sekt\u00f6r\u00fcn\u00fcn en \u00f6nemli platformlar\u0131ndan biri olan Coverings 2021\u2019e kat\u0131lan Bien, Amerika pazar\u0131na y\u00f6nelik \u00fcr\u00fcnleriyle fuarda b\u00fcy\u00fck ilgi g\u00f6rd\u00fc. &nbsp; Bien, en b\u00fcy\u00fck hedef pazarlar\u0131ndan biri olarak g\u00f6rd\u00fc\u011f\u00fc Amerika\u2019daki konumunu g\u00fc\u00e7lendirmek amac\u0131yla her sene oldu\u011fu gibi bu sene de Coverings Fuar\u0131 2021\u2019e kat\u0131ld\u0131. Amerika\u2019da 30 y\u0131ldan fazla bir s\u00fcredir d\u00fczenlenen ve seramik sekt\u00f6r\u00fcn\u00fcn en \u00f6nemli [&hellip;]<\/p>\n","protected":false},"author":1,"featured_media":36419,"comment_status":"open","ping_status":"open","sticky":false,"template":"","format":"standard","meta":{"ngg_post_thumbnail":0},"categories":[26],"tags":[15497],"_links":{"self":[{"href":"https:\/\/emlaktuel.com\/index.php?rest_route=\/wp\/v2\/posts\/36418"}],"collection":[{"href":"https:\/\/emlaktuel.com\/index.php?rest_route=\/wp\/v2\/posts"}],"about":[{"href":"https:\/\/emlaktuel.com\/index.php?rest_route=\/wp\/v2\/types\/post"}],"author":[{"embeddable":true,"href":"https:\/\/emlaktuel.com\/index.php?rest_route=\/wp\/v2\/users\/1"}],"replies":[{"embeddable":true,"href":"https:\/\/emlaktuel.com\/index.php?rest_route=%2Fwp%2Fv2%2Fcomments&post=36418"}],"version-history":[{"count":1,"href":"https:\/\/emlaktuel.com\/index.php?rest_route=\/wp\/v2\/posts\/36418\/revisions"}],"predecessor-version":[{"id":36420,"href":"https:\/\/emlaktuel.com\/index.php?rest_route=\/wp\/v2\/posts\/36418\/revisions\/36420"}],"wp:featuredmedia":[{"embeddable":true,"href":"https:\/\/emlaktuel.com\/index.php?rest_route=\/wp\/v2\/media\/36419"}],"wp:attachment":[{"href":"https:\/\/emlaktuel.com\/index.php?rest_route=%2Fwp%2Fv2%2Fmedia&parent=36418"}],"wp:term":[{"taxonomy":"category","embeddable":true,"href":"https:\/\/emlaktuel.com\/index.php?rest_route=%2Fwp%2Fv2%2Fcategories&post=36418"},{"taxonomy":"post_tag","embeddable":true,"href":"https:\/\/emlaktuel.com\/index.php?rest_route=%2Fwp%2Fv2%2Ftags&post=36418"}],"curies":[{"name":"wp","href":"https:\/\/api.w.org\/{rel}","templated":true}]}}