{"id":36411,"date":"2021-07-17T11:22:28","date_gmt":"2021-07-17T08:22:28","guid":{"rendered":"https:\/\/emlaktuel.com\/?p=36411"},"modified":"2021-07-17T11:22:28","modified_gmt":"2021-07-17T08:22:28","slug":"dap-yapinin-nisantasi-koru-projesi-hasilat-sampiyonu-oldu","status":"publish","type":"post","link":"https:\/\/emlaktuel.com\/?p=36411","title":{"rendered":"DAP Yap\u0131\u2019n\u0131n Ni\u015fanta\u015f\u0131 Koru projesi has\u0131lat \u015fampiyonu oldu"},"content":{"rendered":"<p>Emlak Konut\u2019un kamuoyu ile payla\u015ft\u0131\u011f\u0131 verilere g\u00f6re; DAP Yap\u0131 vizyonuyla hayata ge\u00e7irilen DAP Ni\u015fanta\u015f\u0131 Koru projesi, bu y\u0131l\u0131n ilk 6 ayl\u0131k d\u00f6neminde 14 bin 454 metrekarelik sat\u0131\u015f ve 817 milyon TL\u2019lik has\u0131latla ciro \u015fampiyonu oldu.<\/p>\n<p>Markal\u0131 konut sekt\u00f6r\u00fc a\u00e7\u0131s\u0131ndan 2021\u2019in ilk yar\u0131s\u0131 pandemi etkilerinin hissedilmeye devam etti\u011fi bir d\u00f6nem olurken, Emlak Konut GYO da 2021\u2019in ilk yar\u0131s\u0131 itibar\u0131yla has\u0131lat rakamlar\u0131n\u0131 kamuoyu ile payla\u015ft\u0131.<\/p>\n<p>A\u00e7\u0131klanan verilere g\u00f6re; DAP Yap\u0131 vizyonuyla hayata ge\u00e7irilen DAP Ni\u015fanta\u015f\u0131 Koru projesi, bu y\u0131l\u0131n ilk 6 ayl\u0131k d\u00f6neminde 14 bin 454 metrekarelik sat\u0131\u015f ve 817 milyon TL\u2019lik has\u0131latla ciro \u015fampiyonu oldu. Ayn\u0131 d\u00f6nemde, Emlak Konut Vadi Evleri 600.8 milyon TL\u2019lik has\u0131latla ikinci, B\u00fcy\u00fckyal\u0131 projesi ise 360 milyon TL\u2019lik sat\u0131\u015fla \u00fc\u00e7\u00fcnc\u00fc s\u0131rada yer ald\u0131.<\/p>\n<p>DAP Yap\u0131\u2019n\u0131n has\u0131lat \u015fampiyonu projesi, Ni\u015fanta\u015f\u0131 Koru, \u2018sa\u011fl\u0131kl\u0131 ev konsepti\u2019ni l\u00fcks\u00fcn merkezi Ni\u015fanta\u015f\u0131 ile bulu\u015fturuyor. Proje, lokasyon olarak Amerikan Hastanesi ile Ihlamur Kasr\u0131 aras\u0131nda yer al\u0131yor.<\/p>\n<p><img loading=\"lazy\" class=\"aligncenter size-large wp-image-36413\" src=\"https:\/\/emlaktuel.com\/wp-content\/uploads\/2021\/07\/IMG_20210717_111750-750x500.jpg\" alt=\"\" width=\"600\" height=\"400\" \/><\/p>\n<p>Uluslararas\u0131 gayrimenkul firmas\u0131 Cushman&amp;Wakefield\u2019in 65 \u00fclkenin 330 al\u0131\u015fveri\u015f caddesini s\u0131ralad\u0131\u011f\u0131 ara\u015ft\u0131rmada ilk 10\u2019da yer alan Ni\u015fanta\u015f\u0131 Abdi \u0130pek\u00e7i Caddesi, San Francisco&#8217;daki Union Square ve New York\u2019taki 5. Cadde\u2019yle ayn\u0131 kategoride yer al\u0131yor. L\u00fcks markalar\u0131n T\u00fcrkiye\u2019deki bir numaral\u0131 adresi olan Abdi \u0130pek\u00e7i Caddesi\u2019ne 650 metre; yani yakla\u015f\u0131k 5 dakika y\u00fcr\u00fcme mesafesinde bulunan DAP Yap\u0131 Ni\u015fanta\u015f\u0131 Koru projesi, City\u2019s Al\u0131\u015fveri\u015f Merkezi\u2019ne de 300 metre yak\u0131nl\u0131kta&#8230; Bu anlamda Hermes, Louis Vuitton, Prada ve Gucci gibi l\u00fcks\u00fcn zirvesindeki markalara da deyim yerindeyse \u201ckap\u0131 kom\u015fusu\u2019 konumunda\u2026<\/p>\n<p>4 ila 8 metre aras\u0131nda de\u011fi\u015fen tavan y\u00fcksekli\u011fi olan evlerde daire b\u00fcy\u00fckl\u00fc\u011f\u00fcnde geni\u015f teraslarda isteyenler havuzuna girebiliyor, dileyenler ise \u015f\u00f6mine ate\u015fi e\u015fli\u011finde e\u015fsiz Bo\u011faz, koru ve Ni\u015fanta\u015f\u0131 manzaras\u0131n\u0131n tad\u0131n\u0131 \u00e7\u0131karabiliyor.<\/p>\n<p>Ni\u015fanta\u015f\u0131 b\u00f6lgesinde Bah\u00e7e Villa ile Teras Villa konseptlerinin de bir ilk olarak tasarland\u0131\u011f\u0131 ve her detay\u0131n titizlikle d\u00fc\u015f\u00fcn\u00fcld\u00fc\u011f\u00fc proje, Ni\u015fanta\u015f\u0131\u2019nda \u2018Gelece\u011fin L\u00fcks\u00fcn\u00fc\u2019 yeniden tan\u0131ml\u0131yor. DAP Yap\u0131\u2019n\u0131n yenilik\u00e7i vizyonuyla Emlak Konut g\u00fcvencesinin birle\u015fimi olan bu proje; iki k\u0131tay\u0131 birbirine ba\u011flayan d\u00fcnya ba\u015fkenti \u0130stanbul\u2019umuzun g\u00f6zbebe\u011fi Ni\u015fanta\u015f\u0131\u2019nda, 50 y\u0131l sonra bile de\u011ferine de\u011fer katacak bir eser olacak.<\/p>\n<h2>Ni\u015fanta\u015f\u0131&#8217;n\u0131n en b\u00fcy\u00fck ye\u015fil alan\u0131<\/h2>\n<p>Ni\u015fanta\u015f\u0131\u2019n\u0131n toplam ye\u015fil alan\u0131ndan daha b\u00fcy\u00fck olan ve sa\u011fl\u0131k kurulunun \u00f6nerilerini esas alarak tasarlanan projedeki 60 bin metrekarelik koru alan\u0131, kentin kalbinde olsa da ye\u015fillikler i\u00e7inde bamba\u015fka bir atmosfer olu\u015fturuyor. \u0130\u00e7inde gezilebilen bah\u00e7eleri ve 100 bin metrekare g\u00f6z temas\u0131 kurulabilecek do\u011fa manzaras\u0131yla tam bir koru ya\u015fam\u0131 sunuyor. Konut ve ya\u015fam alan\u0131 anlam\u0131nda Ni\u015fanta\u015f\u0131\u2019nda, olmayan bir l\u00fcks\u00fc getiren Dap Yap\u0131, bah\u00e7e villa konseptini de Ni\u015fanta\u015f\u0131\u2019nda bir ilk olarak sunuyor<\/p>\n<h2>L\u00fcks tekne mant\u0131\u011f\u0131yla ki\u015fiye \u00f6zel \u00e7\u00f6z\u00fcmler<\/h2>\n<p>Ni\u015fanta\u015f\u0131 projesindeki \u00fcniteler, tamamen l\u00fcks tekne mant\u0131\u011f\u0131yla malzemelerin birbiriyle uyumlu oldu\u011fu, ya\u015fam alanlar\u0131n\u0131n en verimli \u015fekilde kullan\u0131ld\u0131\u011f\u0131, kalitenin ve konforun maksimumda oldu\u011fu \u015fekilde dizayn edildi. Projede ba\u011f\u0131ms\u0131z b\u00f6l\u00fcm say\u0131s\u0131 da az tutuldu. Kat y\u00fcksekli\u011fi 5 ila 10 kat aras\u0131nda s\u0131n\u0131rland\u0131r\u0131ld\u0131. Konutlardaki tavan y\u00fcksekli\u011fi ise minimum 4 metre olarak planland\u0131. Bu sayede y\u00fcksek tavanl\u0131, ferah ve insan\u0131n i\u00e7ini a\u00e7an ya\u015fam alanlar\u0131 tasarland\u0131.<\/p>\n<h2>\u00d6zel bir sa\u011fl\u0131k kurulu olu\u015fturuldu<\/h2>\n<p>Covid-19 pandemisi \u00f6ncesinde \u2018Sa\u011fl\u0131kl\u0131 Ev\u2019 kriterleri i\u00e7in haz\u0131rl\u0131klara ba\u015flayan DAP Yap\u0131, yakla\u015f\u0131k 100 bin ki\u015finin fikrini al\u0131p \u00f6zel bir sa\u011fl\u0131k kurulu olu\u015fturdu. Bu kurulun \u00f6nerileri etraf\u0131nda d\u00fcnyada bir ilk olarak Sa\u011fl\u0131kl\u0131 Evler konseptini geli\u015ftirdi. DAP Yap\u0131 Sa\u011fl\u0131k Kurulu\u2019nun 5 ana ba\u015fl\u0131kta \u00f6zetledi\u011fi Sa\u011fl\u0131kl\u0131 Ev Kriterleri, \u015fu \u015fekilde s\u0131ralan\u0131yor:<\/p>\n<p>1- Birincisi y\u00fcksek katl\u0131 olmayacak. \u0130htiya\u00e7 duyuldu\u011fu anda y\u00fcr\u00fcyecek \u00e7\u0131k\u0131labilecek y\u00fckseklikteki evlere sa\u011fl\u0131kl\u0131 ev diyoruz.<br \/>\n2- \u0130kincisi balkon, teras ve bah\u00e7e\u2026 Sa\u011fl\u0131kl\u0131 evler bah\u00e7e yoksa teras, teras da veremiyorsan\u0131z kesinlikle geni\u015f balkona sahip olmal\u0131. Ni\u015fanta\u015f\u0131 projemizi, tamamen bir \u2018villa bah\u00e7e\u2019 ve ki\u015fiye \u00f6zel detaylar\u0131n d\u00fc\u015f\u00fcn\u00fcld\u00fc\u011f\u00fc \u2018l\u00fcks tekne\u2019 mant\u0131\u011f\u0131yla tasarlad\u0131k.<br \/>\n3- \u00dc\u00e7\u00fcnc\u00fcs\u00fc ise orman, koru ve ye\u015fil alan \u2026 Yap\u0131lan \u00e7al\u0131\u015fmalar g\u00f6steriyor ye\u015fillikler i\u00e7inde yap\u0131lan spor aktiviteleri kronik hastal\u0131klara da iyi geliyor. Biz bu anlamda tamamen \u2018orman i\u00e7i\u2019 mant\u0131\u011f\u0131yla Ni\u015fanta\u015f\u0131\u2019n\u0131n en ye\u015fil projesini hayata ge\u00e7iriyoruz.<br \/>\n4- D\u00f6rd\u00fcnc\u00fcs\u00fc ise havaland\u0131rma sistemi\u2026 Bu a\u00e7\u0131dan bak\u0131ld\u0131\u011f\u0131nda \u2018Sa\u011fl\u0131kl\u0131 Ev\u2019 dedi\u011finizde, her dairenin havaland\u0131rma sisteminin korona s\u00fcrecindeki sa\u011fl\u0131k kriterlerine uygun olarak tasarlanmas\u0131 ve kesinlikle birbirinden \u2018ba\u011f\u0131ms\u0131z\u2019 olmas\u0131 ve do\u011fal havaland\u0131rma olmas\u0131 gerekiyor.<br \/>\n5- Be\u015finci ve son kriter ise en son deprem y\u00f6netmeli\u011fine g\u00f6re in\u015fa ediliyor olmas\u0131\u2026<\/p>\n","protected":false},"excerpt":{"rendered":"<p>Emlak Konut\u2019un kamuoyu ile payla\u015ft\u0131\u011f\u0131 verilere g\u00f6re; DAP Yap\u0131 vizyonuyla hayata ge\u00e7irilen DAP Ni\u015fanta\u015f\u0131 Koru projesi, bu y\u0131l\u0131n ilk 6 ayl\u0131k d\u00f6neminde 14 bin 454 metrekarelik sat\u0131\u015f ve 817 milyon TL\u2019lik has\u0131latla ciro \u015fampiyonu oldu. Markal\u0131 konut sekt\u00f6r\u00fc a\u00e7\u0131s\u0131ndan 2021\u2019in ilk yar\u0131s\u0131 pandemi etkilerinin hissedilmeye devam etti\u011fi bir d\u00f6nem olurken, Emlak Konut GYO da 2021\u2019in [&hellip;]<\/p>\n","protected":false},"author":1,"featured_media":36412,"comment_status":"open","ping_status":"open","sticky":false,"template":"","format":"standard","meta":{"ngg_post_thumbnail":0},"categories":[5388],"tags":[15496],"_links":{"self":[{"href":"https:\/\/emlaktuel.com\/index.php?rest_route=\/wp\/v2\/posts\/36411"}],"collection":[{"href":"https:\/\/emlaktuel.com\/index.php?rest_route=\/wp\/v2\/posts"}],"about":[{"href":"https:\/\/emlaktuel.com\/index.php?rest_route=\/wp\/v2\/types\/post"}],"author":[{"embeddable":true,"href":"https:\/\/emlaktuel.com\/index.php?rest_route=\/wp\/v2\/users\/1"}],"replies":[{"embeddable":true,"href":"https:\/\/emlaktuel.com\/index.php?rest_route=%2Fwp%2Fv2%2Fcomments&post=36411"}],"version-history":[{"count":1,"href":"https:\/\/emlaktuel.com\/index.php?rest_route=\/wp\/v2\/posts\/36411\/revisions"}],"predecessor-version":[{"id":36414,"href":"https:\/\/emlaktuel.com\/index.php?rest_route=\/wp\/v2\/posts\/36411\/revisions\/36414"}],"wp:featuredmedia":[{"embeddable":true,"href":"https:\/\/emlaktuel.com\/index.php?rest_route=\/wp\/v2\/media\/36412"}],"wp:attachment":[{"href":"https:\/\/emlaktuel.com\/index.php?rest_route=%2Fwp%2Fv2%2Fmedia&parent=36411"}],"wp:term":[{"taxonomy":"category","embeddable":true,"href":"https:\/\/emlaktuel.com\/index.php?rest_route=%2Fwp%2Fv2%2Fcategories&post=36411"},{"taxonomy":"post_tag","embeddable":true,"href":"https:\/\/emlaktuel.com\/index.php?rest_route=%2Fwp%2Fv2%2Ftags&post=36411"}],"curies":[{"name":"wp","href":"https:\/\/api.w.org\/{rel}","templated":true}]}}