{"id":36353,"date":"2021-07-12T13:37:52","date_gmt":"2021-07-12T10:37:52","guid":{"rendered":"https:\/\/emlaktuel.com\/?p=36353"},"modified":"2021-07-12T13:37:52","modified_gmt":"2021-07-12T10:37:52","slug":"ihsan-culhalik-yabancinin-yatirim-butcesi-yuzde-20-artti","status":"publish","type":"post","link":"https:\/\/emlaktuel.com\/?p=36353","title":{"rendered":"\u0130hsan \u00c7ulhal\u0131k: Yabanc\u0131n\u0131n yat\u0131r\u0131m b\u00fct\u00e7esi y\u00fczde 20 artt\u0131"},"content":{"rendered":"<p style=\"font-weight: 400;\"><em>T\u00dc\u0130K Haziran 2021 sat\u0131\u015f\u00a0istatistiklerini a\u00e7\u0131klad\u0131. Buna g\u00f6re;<\/em><\/p>\n<p style=\"font-weight: 400;\">&#8211; T\u00fcrkiye genelinde konut sat\u0131\u015flar\u0131 haziran ay\u0131nda bir \u00f6nceki y\u0131l\u0131n ayn\u0131 ay\u0131na g\u00f6re\u00a0<em>%29,1 azalarak 134 bin 731<\/em>\u00a0oldu.<\/p>\n<p style=\"font-weight: 400;\">&#8211;\u00a0T\u00fcrkiye genelinde haziran ay\u0131nda ipotekli konut sat\u0131\u015flar\u0131 bir \u00f6nceki y\u0131l\u0131n ayn\u0131 ay\u0131na g\u00f6re\u00a0<em>%71,5 azal\u0131\u015f<\/em>\u00a0g\u00f6stererek 28 bin 878 oldu.<\/p>\n<p style=\"font-weight: 400;\">&#8211; Yabanc\u0131lara yap\u0131lan konut sat\u0131\u015flar\u0131 ise,\u00a0 bir \u00f6nceki y\u0131l\u0131n ayn\u0131 ay\u0131na g\u00f6re\u00a0<em>%185,3 artarak 4 bin 748<\/em>\u00a0oldu.<\/p>\n<p style=\"font-weight: 400;\">\n<p style=\"font-weight: 400;\">T\u00dc\u0130K Haziran 2021 konut sat\u0131\u015f istatistik sonu\u00e7lar\u0131ndan yola \u00e7\u0131kan in\u015faat sekt\u00f6r\u00fc temsilcilerinden \u0130nsay Yap\u0131 Y\u00f6netim Kurulu Ba\u015fkan\u0131\u00a0\u0130hsan \u00c7ulhal\u0131k \u015f\u00f6yle de\u011ferlendirme yapt\u0131:<\/p>\n<p>Yabanc\u0131n\u0131n yat\u0131r\u0131m b\u00fct\u00e7esi y\u00fczde 20 artt\u0131.<\/p>\n<p>Tam kapanman\u0131n etkilerinin sona ermeye ba\u015flad\u0131\u011f\u0131 bir d\u00f6neme girdik, bundan sonras\u0131 i\u00e7in olumsuz bir tablo beklemiyoruz. Gelen rakamlar her ne kadar d\u00fc\u015f\u00fc\u015f bazl\u0131 olsa da \u00f6n\u00fcm\u00fczdeki d\u00f6nemde bu rakamlar\u0131n y\u00fckseli\u015fe ge\u00e7ece\u011finin sinyallerini al\u0131yoruz. Pandemiyle birlikte ev alma tercihlerinde ya\u015fanan de\u011fi\u015fim, yabanc\u0131 yat\u0131r\u0131mc\u0131 ve gurbet\u00e7ileri de etkisi alt\u0131na ald\u0131. Yabanc\u0131 yat\u0131r\u0131mc\u0131lar, pandemi sonras\u0131nda eve kapanmalar\u0131n ve do\u011faya \u00f6zlemin etkisiyle geni\u015f balkonu olan ve \u00f6zellikle de bah\u00e7eli konutlar\u0131 tercih etmeye ba\u015flad\u0131. Bu tarz evlere talep art\u0131\u015f\u0131, beraberinde yat\u0131r\u0131m b\u00fct\u00e7elerinin de yukar\u0131 \u00e7ekilmesine neden oldu. Bize konut almak \u00fczere gelen yat\u0131r\u0131mc\u0131lar\u0131n y\u00fczde 10\u2019u yabanc\u0131 ve gurbet\u00e7ilerden olu\u015fuyor. Yabanc\u0131n\u0131n konut almak i\u00e7in ay\u0131rd\u0131\u011f\u0131 yat\u0131r\u0131m b\u00fct\u00e7esi de pandemi \u00f6ncesine g\u00f6re y\u00fczde 20 civar\u0131nda art\u0131\u015f g\u00f6sterdi.<\/p>\n","protected":false},"excerpt":{"rendered":"<p>T\u00dc\u0130K Haziran 2021 sat\u0131\u015f\u00a0istatistiklerini a\u00e7\u0131klad\u0131. Buna g\u00f6re; &#8211; T\u00fcrkiye genelinde konut sat\u0131\u015flar\u0131 haziran ay\u0131nda bir \u00f6nceki y\u0131l\u0131n ayn\u0131 ay\u0131na g\u00f6re\u00a0%29,1 azalarak 134 bin 731\u00a0oldu. &#8211;\u00a0T\u00fcrkiye genelinde haziran ay\u0131nda ipotekli konut sat\u0131\u015flar\u0131 bir \u00f6nceki y\u0131l\u0131n ayn\u0131 ay\u0131na g\u00f6re\u00a0%71,5 azal\u0131\u015f\u00a0g\u00f6stererek 28 bin 878 oldu. &#8211; Yabanc\u0131lara yap\u0131lan konut sat\u0131\u015flar\u0131 ise,\u00a0 bir \u00f6nceki y\u0131l\u0131n ayn\u0131 ay\u0131na g\u00f6re\u00a0%185,3 artarak [&hellip;]<\/p>\n","protected":false},"author":1,"featured_media":16644,"comment_status":"open","ping_status":"open","sticky":false,"template":"","format":"standard","meta":{"ngg_post_thumbnail":0},"categories":[5388],"tags":[8801,1258],"_links":{"self":[{"href":"https:\/\/emlaktuel.com\/index.php?rest_route=\/wp\/v2\/posts\/36353"}],"collection":[{"href":"https:\/\/emlaktuel.com\/index.php?rest_route=\/wp\/v2\/posts"}],"about":[{"href":"https:\/\/emlaktuel.com\/index.php?rest_route=\/wp\/v2\/types\/post"}],"author":[{"embeddable":true,"href":"https:\/\/emlaktuel.com\/index.php?rest_route=\/wp\/v2\/users\/1"}],"replies":[{"embeddable":true,"href":"https:\/\/emlaktuel.com\/index.php?rest_route=%2Fwp%2Fv2%2Fcomments&post=36353"}],"version-history":[{"count":1,"href":"https:\/\/emlaktuel.com\/index.php?rest_route=\/wp\/v2\/posts\/36353\/revisions"}],"predecessor-version":[{"id":36354,"href":"https:\/\/emlaktuel.com\/index.php?rest_route=\/wp\/v2\/posts\/36353\/revisions\/36354"}],"wp:featuredmedia":[{"embeddable":true,"href":"https:\/\/emlaktuel.com\/index.php?rest_route=\/wp\/v2\/media\/16644"}],"wp:attachment":[{"href":"https:\/\/emlaktuel.com\/index.php?rest_route=%2Fwp%2Fv2%2Fmedia&parent=36353"}],"wp:term":[{"taxonomy":"category","embeddable":true,"href":"https:\/\/emlaktuel.com\/index.php?rest_route=%2Fwp%2Fv2%2Fcategories&post=36353"},{"taxonomy":"post_tag","embeddable":true,"href":"https:\/\/emlaktuel.com\/index.php?rest_route=%2Fwp%2Fv2%2Ftags&post=36353"}],"curies":[{"name":"wp","href":"https:\/\/api.w.org\/{rel}","templated":true}]}}