{"id":36339,"date":"2021-07-11T08:57:25","date_gmt":"2021-07-11T05:57:25","guid":{"rendered":"https:\/\/emlaktuel.com\/?p=36339"},"modified":"2021-07-11T08:57:25","modified_gmt":"2021-07-11T05:57:25","slug":"folkarttan-izmire-4-milyar-tllik-yatirim","status":"publish","type":"post","link":"https:\/\/emlaktuel.com\/?p=36339","title":{"rendered":"Folkart&#8217;tan \u0130zmir&#8217;e 4 milyar TL&#8217;lik yat\u0131r\u0131m"},"content":{"rendered":"<p>Kentin merkezinde son y\u0131llar\u0131n en b\u00fcy\u00fck gayrimenkul ad\u0131m\u0131 hayata ge\u00e7iyor. Folkart Yap\u0131\u2019n\u0131n, R\u00f6nesans ve Tekfen Holding ortakl\u0131\u011f\u0131ndaki Florya Gayrimenkul\u2019\u00fc, 50 milyon 500 bin dolar bedelle sat\u0131n alma s\u00fcreci tamamland\u0131. Rekabet Kurulu sat\u0131\u015f\u0131 onaylad\u0131.<\/p>\n<p>Folkart Y\u00f6netim Kurulu Ba\u015fkan\u0131 Mesut Sancak, yeni ald\u0131klar\u0131 \u015firketin \u0130zmir merkezindeki 44 d\u00f6n\u00fcml\u00fck arsas\u0131nda \u00e7ok i\u015flevli bir gayrimenkul projesini hayata ge\u00e7ireceklerini vurgulad\u0131.<\/p>\n<p>K\u00d6RFEZ MANZARALI<br \/>\nFolkart\u2019\u0131n R\u00f6nesans Holding ile Tekfen Holding\u2019in, y\u00fczde 50\u2019\u015fer payla ortak oldu\u011fu Florya Gayrimenkul\u2019\u00fcn, tamam\u0131n\u0131 sat\u0131n almak \u00fczere ba\u015flatt\u0131\u011f\u0131 s\u00fcre\u00e7 sonu\u00e7land\u0131. Rekabet Kurulu Folkart\u2019\u0131n 50 milyon 500 bin dolarl\u0131k sat\u0131n alma giri\u015fimini onaylad\u0131.<br \/>\nRekabet Kurulu onay\u0131 sonras\u0131 gerekli \u00f6demeler ve hisse devirleri yap\u0131ld\u0131.<br \/>\nBug\u00fcne kadar \u0130zmir\u2019de in\u015fa etti\u011fi yenilik\u00e7i, estetik, modern, teknolojik ve \u00e7evreci ya\u015fam alanlar\u0131 ile sekt\u00f6r\u00fcn \u00f6nc\u00fc ve lider firmas\u0131 Folkart, \u0130zmir\u2019in merkezinde K\u00f6rfez manzaral\u0131 tam 4 milyar lira yat\u0131r\u0131m de\u011ferine sahip yeni, iddial\u0131 karma bir proje haz\u0131rl\u0131\u011f\u0131na ba\u015flad\u0131.<\/p>\n<h2>\u0130ki bin ki\u015fiye istihdam<\/h2>\n<p>Folkart Y\u00f6netim Kurulu Ba\u015fkan\u0131 Mesut Sancak, yeni sat\u0131n ald\u0131klar\u0131 \u015firketin \u0130zmir\u2019in tam merkezindeki 44.500 d\u00f6n\u00fcml\u00fck arazisinde \u0130zmir\u2019in bug\u00fcne dek yap\u0131lm\u0131\u015f en b\u00fcy\u00fck gayrimenkul yat\u0131r\u0131m\u0131n\u0131 ger\u00e7ekle\u015ftireceklerini a\u00e7\u0131klad\u0131. Sancak, \u201cYapt\u0131\u011f\u0131m\u0131z yeni sat\u0131n alma nedeniyle mutluyuz. \u00c7\u00fcnk\u00fc biz her ortamda yat\u0131r\u0131m yapmay\u0131 s\u00fcrd\u00fcrerek, \u0130zmir\u2019e ve ya\u015fad\u0131\u011f\u0131m\u0131z topluma katk\u0131 sa\u011flamaya, sorumlulu\u011fumuzu yerine getirmeye \u00e7al\u0131\u015f\u0131yoruz. Tam iki bin ki\u015fiye istihdam sa\u011flayacak bu proje, 4 milyar liral\u0131k yat\u0131r\u0131m de\u011feri ta\u015f\u0131yacak.\u201d dedi.<\/p>\n<h2><img loading=\"lazy\" class=\"aligncenter size-large wp-image-36341\" src=\"https:\/\/emlaktuel.com\/wp-content\/uploads\/2021\/07\/IMG_20210711_085446-750x500.jpg\" alt=\"\" width=\"600\" height=\"400\" \/><\/h2>\n<h2>&#8216;\u0130zmir&#8217;in en b\u00fcy\u00fck gayrimenkul yat\u0131r\u0131m\u0131 olacak&#8217;<\/h2>\n<p>Folkart Y\u00f6netim Kurulu Ba\u015fkan\u0131 Mesut Sancak, Folkart\u2019\u0131 \u2018Hayat buna de\u011fer\u2019 diyerek, 15 y\u0131l \u00f6nce, T\u00fcrkiye\u2019de sekt\u00f6r\u00fcn liderli\u011fini \u00fcstlenme hedefini kapsayan, \u00f6nemli bir iddia ile kurduklar\u0131n\u0131; her yeni projede daha iyisine, daha g\u00fczeline, estetik a\u00e7\u0131dan en ileri olana y\u00f6neldiklerini vurgulad\u0131. Mesut Sancak, \u0130zmir\u2019in en b\u00fcy\u00fck gayrimenkul yat\u0131r\u0131m\u0131n\u0131 ger\u00e7ekle\u015ftirirken, kentin merkezindeki K\u00f6rfez manzaral\u0131 bu \u00f6zel alanda, \u2018karma, \u00e7ok y\u00f6nl\u00fc, \u00e7ok i\u015flevli, ye\u015fil alanlar\u0131n \u00f6ne \u00e7\u0131kt\u0131\u011f\u0131, peyzaj y\u00f6n\u00fcyle T\u00fcrkiye\u2019ye \u00f6rnek olacak, yenilik\u00e7i, mimari a\u00e7\u0131dan ustal\u0131\u011f\u0131n zirveye ta\u015f\u0131naca\u011f\u0131\u2019 \u00f6zel bir proje \u00fcreteceklerini bildirdi.<\/p>\n<h2>\u00dclke ve d\u00fcnyadan mimarl\u0131k ofisleri<\/h2>\n<p>Mesut Sancak, T\u00fcrkiye\u2019den ve d\u00fcnyadan farkl\u0131, deneyimli, en ba\u015far\u0131l\u0131 mimarl\u0131k ofislerini se\u00e7ip; onlara proje \u00e7al\u0131\u015fmalar\u0131n\u0131 ba\u015flatt\u0131klar\u0131n\u0131, olu\u015fturduklar\u0131 uzman kurulun deste\u011fiyle, haz\u0131rlanan projeler aras\u0131ndan en ideal olan\u0131 se\u00e7erek hayata ge\u00e7ireceklerini kaydetti.<br \/>\nFolkart Y\u00f6netim Kurulu Mesut Sancak, Folkart\u2019\u0131n \u2018i\u015f geli\u015ftirme ve proje \u00fcretme\u2019ye y\u00f6nelik t\u00fcm ad\u0131mlar\u0131nda; rekabet\u00e7i, yenilik\u00e7i, uzmanl\u0131\u011fa sayg\u0131y\u0131 \u00f6ne \u00e7\u0131karan, ustal\u0131kl\u0131 bir anlay\u0131\u015fla; mimari s\u00fcre\u00e7lerde T\u00fcrkiye\u2019ye \u00f6rnek oldu\u011funu belirtti. Sancak, \u201c\u0130zmir\u2019in Konak \u0130l\u00e7esi Yeni Kent Merkezi\u2019nde sat\u0131n ald\u0131\u011f\u0131m\u0131z yeni arsam\u0131zda, T\u00fcrkiye\u2019ye \u00f6rnek olu\u015fturacak, \u0130zmir ve \u0130zmirliler\u2019in g\u00fczelli\u011fine lay\u0131k, \u00e7ok \u00f6zel bir proje ger\u00e7ekle\u015ftirece\u011fiz.\u201d diye konu\u015ftu.<\/p>\n","protected":false},"excerpt":{"rendered":"<p>Kentin merkezinde son y\u0131llar\u0131n en b\u00fcy\u00fck gayrimenkul ad\u0131m\u0131 hayata ge\u00e7iyor. Folkart Yap\u0131\u2019n\u0131n, R\u00f6nesans ve Tekfen Holding ortakl\u0131\u011f\u0131ndaki Florya Gayrimenkul\u2019\u00fc, 50 milyon 500 bin dolar bedelle sat\u0131n alma s\u00fcreci tamamland\u0131. Rekabet Kurulu sat\u0131\u015f\u0131 onaylad\u0131. Folkart Y\u00f6netim Kurulu Ba\u015fkan\u0131 Mesut Sancak, yeni ald\u0131klar\u0131 \u015firketin \u0130zmir merkezindeki 44 d\u00f6n\u00fcml\u00fck arsas\u0131nda \u00e7ok i\u015flevli bir gayrimenkul projesini hayata ge\u00e7ireceklerini vurgulad\u0131. [&hellip;]<\/p>\n","protected":false},"author":1,"featured_media":36340,"comment_status":"open","ping_status":"open","sticky":false,"template":"","format":"standard","meta":{"ngg_post_thumbnail":0},"categories":[5388],"tags":[719],"_links":{"self":[{"href":"https:\/\/emlaktuel.com\/index.php?rest_route=\/wp\/v2\/posts\/36339"}],"collection":[{"href":"https:\/\/emlaktuel.com\/index.php?rest_route=\/wp\/v2\/posts"}],"about":[{"href":"https:\/\/emlaktuel.com\/index.php?rest_route=\/wp\/v2\/types\/post"}],"author":[{"embeddable":true,"href":"https:\/\/emlaktuel.com\/index.php?rest_route=\/wp\/v2\/users\/1"}],"replies":[{"embeddable":true,"href":"https:\/\/emlaktuel.com\/index.php?rest_route=%2Fwp%2Fv2%2Fcomments&post=36339"}],"version-history":[{"count":1,"href":"https:\/\/emlaktuel.com\/index.php?rest_route=\/wp\/v2\/posts\/36339\/revisions"}],"predecessor-version":[{"id":36342,"href":"https:\/\/emlaktuel.com\/index.php?rest_route=\/wp\/v2\/posts\/36339\/revisions\/36342"}],"wp:featuredmedia":[{"embeddable":true,"href":"https:\/\/emlaktuel.com\/index.php?rest_route=\/wp\/v2\/media\/36340"}],"wp:attachment":[{"href":"https:\/\/emlaktuel.com\/index.php?rest_route=%2Fwp%2Fv2%2Fmedia&parent=36339"}],"wp:term":[{"taxonomy":"category","embeddable":true,"href":"https:\/\/emlaktuel.com\/index.php?rest_route=%2Fwp%2Fv2%2Fcategories&post=36339"},{"taxonomy":"post_tag","embeddable":true,"href":"https:\/\/emlaktuel.com\/index.php?rest_route=%2Fwp%2Fv2%2Ftags&post=36339"}],"curies":[{"name":"wp","href":"https:\/\/api.w.org\/{rel}","templated":true}]}}