{"id":36331,"date":"2021-07-10T11:51:13","date_gmt":"2021-07-10T08:51:13","guid":{"rendered":"https:\/\/emlaktuel.com\/?p=36331"},"modified":"2021-07-10T11:51:13","modified_gmt":"2021-07-10T08:51:13","slug":"v-mall-istanbulun-yonetimi-ece-turkiyede","status":"publish","type":"post","link":"https:\/\/emlaktuel.com\/?p=36331","title":{"rendered":"V MALL \u0130stanbul&#8217;un y\u00f6netimi ECE T\u00fcrkiye&#8217;de"},"content":{"rendered":"<p>Gayrimenkul geli\u015ftirme, taahh\u00fct \u2013 in\u015faat ve enerji ba\u015fta olmak \u00fczere bir\u00e7ok sekt\u00f6rde faaliyet g\u00f6steren \u0130sra Holding, Ba\u015fak\u015fehir\u2019de hayata ge\u00e7irece\u011fi V Mall \u0130stanbul projesinin uzun d\u00f6nemli y\u00f6netimi i\u00e7in ECE T\u00fcrkiye ile el s\u0131k\u0131\u015ft\u0131.<\/p>\n<p>\u0130stanbul\u2019un yeni i\u015f ve \u00e7ekim merkezi olarak konumlanan il\u00e7esi Ba\u015fak\u015fehir\u2019de y\u00fckselecek V Mall \u0130stanbul Al\u0131\u015fveri\u015f Merkezinin kiralamas\u0131, konsept planlamas\u0131 ve y\u00f6netimi ECE T\u00fcrkiye taraf\u0131ndan yap\u0131lacak.<\/p>\n<p>\u0130sra Holding ile ECE T\u00fcrkiye, \u0130sra Holding taraf\u0131ndan \u0130stanbul &#8211; Ba\u015fak\u015fehir\u2019de hayata ge\u00e7irilen \u201cV Mall \u0130stanbul\u201d Al\u0131\u015fveri\u015f Merkezinin y\u00f6netimi i\u00e7in anla\u015fmaya vard\u0131. \u0130stanbul\u2019da ger\u00e7ekle\u015ftirilen imza t\u00f6renine \u0130sra Holding Y\u00f6netim Kurulu Ba\u015fkan\u0131 Abdurrahim Tavl\u0131, ECE T\u00fcrkiye E\u015f Genel M\u00fcd\u00fcr\u00fc ve CFO\u2019su Nuri \u015eapkac\u0131, ECE T\u00fcrkiye E\u015f Genel M\u00fcd\u00fcr\u00fc ve COO\u2019su Semet Yola\u00e7 Canl\u0131el ile di\u011fer kurum yetkilileri kat\u0131ld\u0131.<\/p>\n<p>Ba\u015fak\u015fehir &#8211; Kaya\u015fehir \u015fehir meydan\u0131n\u0131n merkezinde yeni nesil dijital AVM konseptinde geli\u015ftiren 1,2 milyar TL yat\u0131r\u0131m hacmine sahip V Mall \u0130stanbul\u2019da hafriyat \u00e7al\u0131\u015fmalar\u0131 h\u0131zla devam ederken, 40 bin metrekare kiralanabilir alanda faaliyet g\u00f6sterecek olan projenin 2023 y\u0131l\u0131n\u0131n son \u00e7eyre\u011finde a\u00e7\u0131lmas\u0131 planlan\u0131yor.<\/p>\n<p>B\u00f6lgede, al\u0131\u015fveri\u015f merkezinin yak\u0131n \u00e7evresinde ya\u015fayan 600 bin ki\u015filik n\u00fcfusun yan\u0131 s\u0131ra kamu ve \u00f6zel sekt\u00f6r taraf\u0131ndan geli\u015ftirilen projelerin faaliyete ge\u00e7mesi ile birlikte insan sirk\u00fclasyonunun bir milyon ki\u015fiye ula\u015faca\u011f\u0131 tahmin ediliyor. H\u0131zla geli\u015fen bu b\u00f6lgenin odak noktas\u0131nda yer alan V Mall \u0130stanbul, yak\u0131n\u0131ndan ge\u00e7en M3 Ba\u015fak\u015fehir-Kaya\u015fehir metro hatt\u0131 ve Kuzey Marmara Otoyolu\u2019na ba\u011flant\u0131lar\u0131 ile g\u00fc\u00e7l\u00fc bir ula\u015f\u0131m a\u011f\u0131na sahip. Proje, Ba\u015fak\u015fehir \u00c7am ve Sakura \u015eehir Hastanesi, kamu kurulu\u015flar\u0131, millet bah\u00e7esi, konut, ofis ve e\u011fitim kompleksleri ile \u0130stanbul Havaliman\u0131\u2019na yak\u0131n mesafede yer al\u0131yor.<\/p>\n<h2>TAVLI \u201cBA\u015eAK\u015eEH\u0130R\u2019\u0130N YEN\u0130 NES\u0130L D\u0130J\u0130TAL ALI\u015eVER\u0130\u015e MERKEZ\u0130N\u0130 HAYATA GE\u00c7\u0130RECE\u011e\u0130Z\u201d<\/h2>\n<p>\u0130mza t\u00f6reninde konu\u015fan \u0130SRA Holding Y\u00f6netim Kurulu Ba\u015fkan\u0131 Abd\u00fcrrahim Tavl\u0131, \u201cBa\u015fak\u015fehir\u2019de yeni bir kent meydan\u0131 haline gelecek V Mall \u0130stanbul Al\u0131\u015fveri\u015f Merkezi projemizi ECE T\u00fcrkiye\u2019ye emanet ediyoruz. Alan\u0131nda Avrupa\u2019da sekt\u00f6r lideri olan ECE\u2019nin projemizin kiralamas\u0131, konsept planlamas\u0131 ve uzun d\u00f6nemli y\u00f6netiminde tecr\u00fcbesi, y\u00fcksek kaliteli hizmet anlay\u0131\u015f\u0131, trendleri belirleyen yenilik\u00e7i yap\u0131s\u0131yla \u00f6nemli bir katma de\u011fer olu\u015fturaca\u011f\u0131na g\u00fcvenimiz sonsuz. Potansiyeline y\u00fcrekten inand\u0131\u011f\u0131m\u0131z projenin yat\u0131r\u0131m\u0131na karar verirken en iyi gruplarla \u00e7al\u0131\u015f\u0131p bulundu\u011fumuz b\u00f6lgeye de de\u011fer katmay\u0131 hedefledik. ECE T\u00fcrkiye ile birlikte ad\u0131m att\u0131\u011f\u0131m\u0131z bu yolda bulundu\u011fumuz b\u00f6lgenin yeni nesil dijital al\u0131\u015fveri\u015f merkezini hayata ge\u00e7irece\u011fiz. En g\u00fcncel dijital teknolojilerle donat\u0131lacak olan V Mall \u0130stanbul\u2019da ziyaret\u00e7ilerimize online ve offline\u2019\u0131n entegre oldu\u011fu bir yap\u0131da hizmet sunaca\u011f\u0131z. Al\u0131\u015fveri\u015f merkezimizin faaliyete ge\u00e7mesi ile birlikte yakla\u015f\u0131k 2 bin ki\u015fiye istihdam sa\u011flanacak\u201d dedi.<\/p>\n<p>\u201cPERAKENDE SEKT\u00d6R\u00dcNE G\u00dcVEN\u0130YORUZ\u201d<\/p>\n<p>V Mall \u0130stanbul ile Ba\u015fak\u015fehir\u2019in h\u0131zla geli\u015fen dinamik yap\u0131s\u0131na entegre olacak yeni nesil bir kent merkezi olu\u015fturmay\u0131 hedeflediklerini belirten ECE T\u00fcrkiye E\u015f Genel M\u00fcd\u00fcr\u00fc ve CFO\u2019su Nuri \u015eapkac\u0131, \u015funlar\u0131 s\u00f6yledi: \u201cM\u00fckemmel bir konuma sahip bu \u00f6nemli projenin yat\u0131r\u0131m\u0131n\u0131 yapan \u0130SRA Holding\u2019e grubumuza olan g\u00fcveni i\u00e7in te\u015fekk\u00fcr ediyoruz. AVM sekt\u00f6r\u00fcn\u00fc de g\u00fc\u00e7l\u00fc \u015fekilde etkileyen bu zor zamanlarda imzas\u0131 at\u0131lan i\u015f birli\u011fi, asl\u0131nda her iki grubun da perakende sekt\u00f6r\u00fcne olan g\u00fcveninin bir g\u00f6stergesi. V Mall \u0130stanbul, T\u00fcrkiye\u2019nin en \u00e7ok yat\u0131r\u0131m alan ve en fazla de\u011fer kazanan b\u00f6lgelerinin ba\u015f\u0131nda gelen Ba\u015fak\u015fehir\u2019de perakende, yeme-i\u00e7me, e\u011flence ve misafirperverli\u011fi benzersiz \u015fekilde bir araya getirecek.<\/p>\n<p>\u201c\u0130STANBUL\u2019UN KALP ATI\u015eLARI V MALL\u2019DA DUYULACAK\u201d<\/p>\n<p>ECE T\u00fcrkiye E\u015f Genel M\u00fcd\u00fcr\u00fc ve COO\u2019su Semet Yola\u00e7 Canl\u0131el ise \u015f\u00f6yle konu\u015ftu: \u201cECE Grubu olarak t\u00fcm bilgi birikimimizi bu projeye aktaracak ve gerek kiralama a\u015famas\u0131nda gerekse y\u00f6netimde en yeni ve modern konseptlere yer verece\u011fiz. \u00c7ok kanall\u0131 perakendecili\u011fin git gide daha fazla \u00f6nem kazand\u0131\u011f\u0131 g\u00fcn\u00fcm\u00fczde, V Mall \u0130stanbul Al\u0131\u015fveri\u015f Merkezi\u2018nde mimari konsept ba\u015fta olmak \u00fczere teknolojinin sundu\u011fu t\u00fcm imkanlardan ve g\u00f6rsellikten faydalan\u0131lacak. Yat\u0131r\u0131mc\u0131m\u0131z \u0130SRA Holding\u2019in ve ECE T\u00fcrkiye\u2019nin ortak vizyonu ile V Mall \u0130stanbul, dijital d\u00fcnya ve gelecekle b\u00fct\u00fcnle\u015fecek. Buray\u0131 yeni \u0130stanbul\u2019un kalp at\u0131\u015flar\u0131n\u0131n duyulaca\u011f\u0131, ilham verici ve ya\u015fayan bir kompleks olarak konumland\u0131r\u0131yoruz.\u201d<\/p>\n<p>\u0130sra Holding Hakk\u0131nda:<br \/>\n2002 y\u0131l\u0131ndan bu yana gayrimenkul geli\u015ftirme, taahh\u00fct \u2013 in\u015faat ve enerji ba\u015fta olmak \u00fczere turizm proje tasar\u0131m\u0131, \u015fehir planlama, ithalat ve ihracat gibi sekt\u00f6rlerde faaliyet g\u00f6steren \u0130sra Holding, t\u00fcm bu alanlarda i\u015f anlay\u0131\u015f\u0131n\u0131n temelini olu\u015fturan ilkeler ile hareket etmektedir. \u0130n\u015faat ve gayrimenkul noktas\u0131nda \u0130stanbul-Kad\u0131k\u00f6y\u2019de tamamlad\u0131\u011f\u0131 projesi \u201cV Akat\u201d\u0131n ard\u0131ndan \u201cV\u201d markal\u0131 proje yat\u0131r\u0131mlar\u0131n\u0131 s\u00fcrd\u00fcren \u0130sra Holding, \u0130stanbul-Ba\u015fak\u015fehir\u2019de \u201cV Mall \u0130stanbul\u201d, Bolu-Mudurnu\u2019da \u201cV Orman Resort\u201d projelerini geli\u015ftirdi. \u0130sra Holding ayr\u0131ca \u201cV Kamp\u00fcs\u201d, \u201cV \u015eehir\u201d gibi \u201cV\u201d markal\u0131 projelerini de yat\u0131r\u0131m planlamas\u0131na ald\u0131. Ticaretin esaslar\u0131na uygun ve belirlenen kurallar \u00e7er\u00e7evesinde hayata ge\u00e7irilen her projeye kalite ve prestij katma ilkesi ile \u00e7al\u0131\u015fan \u0130sra Holding, kazand\u0131k\u00e7a kazand\u0131ran, b\u00fcy\u00fcd\u00fck\u00e7e geli\u015ftiren bir sinerji ile m\u00fc\u015fterileri ve \u00e7\u00f6z\u00fcm ortaklar\u0131 i\u00e7in katk\u0131 sa\u011flamay\u0131 hedeflemektedir. Firma, bu kurumsal duru\u015fu ile g\u00fcven ve \u015feffafl\u0131k esasl\u0131 ili\u015fkileri sayesinde faaliyet g\u00f6sterdi\u011fi her sekt\u00f6rde en g\u00fcvenilir \u015firketler aras\u0131nda yer almaktad\u0131r. \u0130sra Holding, s\u00fcrd\u00fcr\u00fclebilir kaliteye odaklanan misyonu ile T\u00fcrkiye\u2019nin \u00f6nde gelen holdinglerinden biri olarak d\u00fcnyan\u0131n d\u00f6rt bir yan\u0131na ula\u015fmaktad\u0131r.<\/p>\n<p>ECE T\u00fcrkiye Hakk\u0131nda :<br \/>\nEkim 2000\u2019de \u0130stanbul\u2019da kurulmu\u015f olan ECE T\u00fcrkiye, aktif oldu\u011fu 13 \u00fclkede y\u00f6netmekte oldu\u011fu yakla\u015f\u0131k 200 al\u0131\u015fveri\u015f merkezi ile Avrupa sekt\u00f6r lideri olan ECE\u2019nin T\u00fcrkiye i\u015ftirakidir. Y\u00f6netmekte oldu\u011fu varl\u0131klar\u0131n toplam de\u011feri 32,3 milyar Avro\u2019ya ula\u015fan ECE\u2019nin portf\u00f6y\u00fcnde yer alan t\u00fcm al\u0131\u015fveri\u015f merkezlerinde, 7 milyon metrekare kiralanabilir alanda faaliyet g\u00f6steren 20.000\u2019e yak\u0131n perakendeci i\u015f orta\u011f\u0131n\u0131n y\u0131ll\u0131k cirolar\u0131 toplam\u0131 yakla\u015f\u0131k 22,7 milyar Avro\u2019dur. Her g\u00fcn yakla\u015f\u0131k 4 milyon ki\u015fi ECE al\u0131\u015fveri\u015f merkezlerini ziyaret etmektedir<br \/>\nBir yat\u0131r\u0131m ve hizmet firmas\u0131 olan ECE T\u00fcrkiye, al\u0131\u015fveri\u015f merkezlerinin geli\u015ftirilmesi ile ilgili olarak mimari ve konsept planlama, proje y\u00f6netimi, kiralama, al\u0131\u015fveri\u015f merkez y\u00f6netimi, b\u00fct\u00e7eleme hizmetleri ile finansal ve hukuki hizmetlerin t\u00fcm\u00fcn\u00fc ayn\u0131 \u00e7at\u0131 alt\u0131nda toplamaktad\u0131r. Bununla birlikte, ECE T\u00fcrkiye, al\u0131\u015fveri\u015f merkezlerini bir platform olarak g\u00f6rmekte ve ortak \u00e7al\u0131\u015fma alanlar\u0131, sa\u011fl\u0131k ve k\u00fclt\u00fcr merkezleri, yeme-i\u00e7me ve e\u011flence alanlar\u0131 veya marka showroom\u2019lar\u0131 gibi al\u0131\u015fveri\u015f harici bran\u015f ve fonksiyonlar\u0131 da entegre ederek bu kompleks yap\u0131lar\u0131n \u00e7ekim g\u00fcc\u00fcn\u00fc art\u0131rmaktad\u0131r. T\u00fcrkiye\u2019nin en prestijli al\u0131\u015fveri\u015f merkezlerinden olan \u0130stanbul\u2019daki MIPIM \u00d6d\u00fcl\u00fc sahibi Marmara Park, Aqua Florya, Axis \u0130stanbul ve Beylikd\u00fcz\u00fc Migros Al\u0131\u015fveri\u015f Merkezi, Ankara\u2019da ANKAmall, Eski\u015fehir\u2019de Espark, Afyonkarahisar\u2019daki Park Afyon, Bursa\u2019daki Sur Yap\u0131 Marka ile Antalya\u2019daki TerraCity ve Antalya Migros Al\u0131\u015fveri\u015f Merkezi, ECE T\u00fcrkiye taraf\u0131ndan ba\u015far\u0131yla y\u00f6netilmektedir. T\u00fcrkiye\u2019de 20, Avrupa\u2019da ise 55 y\u0131ll\u0131k tecr\u00fcbesi ile ECE, projeye \u00f6zel sundu\u011fu hizmetler, yenilik\u00e7i konseptler, g\u00fc\u00e7l\u00fc ma\u011faza ve marka karmas\u0131, profesyonel yakla\u015f\u0131m ve uzmanl\u0131\u011f\u0131, m\u00fc\u015fteri odakl\u0131 stratejisi ve y\u00fcksek performans bilinirli\u011fi ile perakende sekt\u00f6r\u00fcn\u00fcn gelece\u011fine yat\u0131r\u0131m yapmaktad\u0131r.<\/p>\n","protected":false},"excerpt":{"rendered":"<p>Gayrimenkul geli\u015ftirme, taahh\u00fct \u2013 in\u015faat ve enerji ba\u015fta olmak \u00fczere bir\u00e7ok sekt\u00f6rde faaliyet g\u00f6steren \u0130sra Holding, Ba\u015fak\u015fehir\u2019de hayata ge\u00e7irece\u011fi V Mall \u0130stanbul projesinin uzun d\u00f6nemli y\u00f6netimi i\u00e7in ECE T\u00fcrkiye ile el s\u0131k\u0131\u015ft\u0131. \u0130stanbul\u2019un yeni i\u015f ve \u00e7ekim merkezi olarak konumlanan il\u00e7esi Ba\u015fak\u015fehir\u2019de y\u00fckselecek V Mall \u0130stanbul Al\u0131\u015fveri\u015f Merkezinin kiralamas\u0131, konsept planlamas\u0131 ve y\u00f6netimi ECE T\u00fcrkiye [&hellip;]<\/p>\n","protected":false},"author":1,"featured_media":36332,"comment_status":"open","ping_status":"open","sticky":false,"template":"","format":"standard","meta":{"ngg_post_thumbnail":0},"categories":[5388],"tags":[15482],"_links":{"self":[{"href":"https:\/\/emlaktuel.com\/index.php?rest_route=\/wp\/v2\/posts\/36331"}],"collection":[{"href":"https:\/\/emlaktuel.com\/index.php?rest_route=\/wp\/v2\/posts"}],"about":[{"href":"https:\/\/emlaktuel.com\/index.php?rest_route=\/wp\/v2\/types\/post"}],"author":[{"embeddable":true,"href":"https:\/\/emlaktuel.com\/index.php?rest_route=\/wp\/v2\/users\/1"}],"replies":[{"embeddable":true,"href":"https:\/\/emlaktuel.com\/index.php?rest_route=%2Fwp%2Fv2%2Fcomments&post=36331"}],"version-history":[{"count":1,"href":"https:\/\/emlaktuel.com\/index.php?rest_route=\/wp\/v2\/posts\/36331\/revisions"}],"predecessor-version":[{"id":36333,"href":"https:\/\/emlaktuel.com\/index.php?rest_route=\/wp\/v2\/posts\/36331\/revisions\/36333"}],"wp:featuredmedia":[{"embeddable":true,"href":"https:\/\/emlaktuel.com\/index.php?rest_route=\/wp\/v2\/media\/36332"}],"wp:attachment":[{"href":"https:\/\/emlaktuel.com\/index.php?rest_route=%2Fwp%2Fv2%2Fmedia&parent=36331"}],"wp:term":[{"taxonomy":"category","embeddable":true,"href":"https:\/\/emlaktuel.com\/index.php?rest_route=%2Fwp%2Fv2%2Fcategories&post=36331"},{"taxonomy":"post_tag","embeddable":true,"href":"https:\/\/emlaktuel.com\/index.php?rest_route=%2Fwp%2Fv2%2Ftags&post=36331"}],"curies":[{"name":"wp","href":"https:\/\/api.w.org\/{rel}","templated":true}]}}