{"id":36299,"date":"2021-07-07T12:50:39","date_gmt":"2021-07-07T09:50:39","guid":{"rendered":"https:\/\/emlaktuel.com\/?p=36299"},"modified":"2021-07-07T13:24:15","modified_gmt":"2021-07-07T10:24:15","slug":"ceisin-duzenledigi-yapi-tasarim-yarismasi-2021de-oduller-sahiplerini-buldu","status":"publish","type":"post","link":"https:\/\/emlaktuel.com\/?p=36299","title":{"rendered":"\u00a0 \u00a0\u00c7E\u0130S\u2019in D\u00fczenledi\u011fi Yap\u0131 Tasar\u0131m Yar\u0131\u015fmas\u0131 2021\u2019de  \u00d6d\u00fcller Sahiplerini Buldu!"},"content":{"rendered":"<p><strong>Sekt\u00f6r\u00fcn \u00e7at\u0131 kurulu\u015flar\u0131ndan \u00c7imento End\u00fcstrisi \u0130\u015fverenleri Sendikas\u0131\u2019n\u0131n (\u00c7E\u0130S), \u00e7imentonun estetik ve yenilik\u00e7i kullan\u0131m \u00f6rneklerini art\u0131rmak amac\u0131yla d\u00fczenledi\u011fi Yap\u0131 Tasar\u0131m Yar\u0131\u015fmas\u0131\u2019nda ikinci d\u00f6nem sona erdi. Bu y\u0131l, \u201c<\/strong><strong>Kentsel Alanda Yenilik\u00e7i Yakla\u015f\u0131mlar\u201d temas\u0131 alt\u0131nda at\u0131l alanlar\u0131 i\u015flevlendirmeyi hedefleyen yar\u0131\u015fmaya, \u00f6\u011frenci ve profesyonel kategorilerinde toplam 96 proje ba\u015fvurdu. J\u00fcri \u00fcyelerinin de\u011ferlendirmeleri sonucunda 14 proje \u00f6d\u00fcle lay\u0131k g\u00f6r\u00fcl\u00fcrken, projeler toplamda 295 bin TL ile \u00f6d\u00fcllendirildi.<\/strong><\/p>\n<p>&nbsp;<\/p>\n<p>\u0130kinci d\u00f6neminde\u00a0<strong>&#8220;Kentsel Alanda Yenilik\u00e7i Yakla\u015f\u0131mlar&#8221;\u00a0<\/strong>temas\u0131n\u0131 merkeze alan<strong>\u00a0<\/strong><strong>Yap\u0131 Tasar\u0131m Yar\u0131\u015fmas\u0131<\/strong>\u2019nda; kent i\u00e7inde at\u0131l kalm\u0131\u015f veya kullan\u0131m karakteri olu\u015fmam\u0131\u015f yap\u0131lar, bulunduklar\u0131 yerin mek\u00e2nsal kalitesini art\u0131racak ve kentsel \u00e7evre i\u00e7inde kimlik kazand\u0131racak \u015fekilde yeniden tasarland\u0131. De\u011ferlendirme \u00f6l\u00e7\u00fctlerinde, \u00e7evre dostu yakla\u015f\u0131m ve tasar\u0131mlar\u0131n ya\u015fam d\u00f6ng\u00fcs\u00fc i\u00e7inde ihtiyaca g\u00f6re d\u00f6n\u00fc\u015febilme potansiyeli de yer ald\u0131.<\/p>\n<p>&nbsp;<\/p>\n<h2><strong>\u0130ki Kategoride Projeler \u00d6d\u00fcllendirildi<\/strong><\/h2>\n<p><strong>Profesyonel\u00a0<\/strong>kategoride<strong>\u00a041, \u00f6\u011frenci\u00a0<\/strong>kategorisinde<strong>\u00a055\u00a0<\/strong>olmak \u00fczere, 96 ba\u015fvurunun incelendi\u011fi yar\u0131\u015fman\u0131n kazananlar\u0131 a\u00e7\u0131kland\u0131.\u00a0Toplam\u00a0<strong>205 bin TL<\/strong>\u2019lik \u00f6d\u00fcl\u00fcn sahiplerini buldu\u011fu profesyonel kategoride, birincilik ipini Dilara Demiralp ve U\u011fur \u0130mamo\u011flu ikilisinin, deniz k\u0131y\u0131s\u0131nda konumlanan tekil str\u00fckt\u00fcrlerin yerle ve birbiriyle kurdu\u011fu ili\u015fkiyle \u00f6ne \u00e7\u0131kan\u00a0<strong>Ekoton<\/strong>projesi g\u00f6\u011f\u00fcsledi. \u0130kincilik \u00f6d\u00fcl\u00fc, Asl\u0131 Erdem, Merve Nur Ba\u015fer ve Fatma Zeyneb \u00d6nsiper\u2019in, farkl\u0131 organizmalar i\u00e7in ya\u015fam alanlar\u0131 sa\u011flama ve do\u011fay\u0131 i\u00e7inde bulundurabilme potansiyeli ta\u015f\u0131yan\u00a0<strong>Concrete Jungle<\/strong>\u00a0projesine gitti. Kategorinin \u00fc\u00e7\u00fcnc\u00fcl\u00fck \u00f6d\u00fcl\u00fc, Efecan Kuyusuz, Volkan Kaya, Metin Ali Liman, Mustafa Tayyip Kaynar ve Bayram Alt\u0131nda\u011f\u2019\u0131n, at\u0131l durumda kalan su kulelerinin yeniden i\u015flevlendirilmesine odaklanan\u00a0<strong>Temas<\/strong>\u00a0projesinin oldu.\u00a0<strong>Kentsel Aray\u00fcz DAM<\/strong>,\u00a0<strong>Katmek\u00e2n<\/strong>,\u00a0<strong>Cubetopia<\/strong>\u00a0ve\u00a0<strong>Duyusal Beton<\/strong>\u00a0projeleri ise kategorinin E\u015fde\u011fer Mansiyon \u00f6d\u00fcllerini almaya hak kazand\u0131.<\/p>\n<p>&nbsp;<\/p>\n<p>Toplam<strong>\u00a090 bin TL\u00a0<\/strong>tutar\u0131nda \u00f6d\u00fcl\u00fcn da\u011f\u0131t\u0131ld\u0131\u011f\u0131<strong>\u00a0\u00f6\u011frenci kategorisinde<\/strong>\u00a0ise, Melis Beril Yemi\u015f\u00e7i, Melis P\u0131narel ve Dil\u015fad Kurdak\u2019\u0131n, e\u011flenceli ve dinamik tasar\u0131m fikri ile rakiplerinden s\u0131yr\u0131lan<strong>Beton Motus<\/strong>\u00a0projesi birincilik \u00f6d\u00fcl\u00fcne lay\u0131k g\u00f6r\u00fcld\u00fc. \u0130kincilik koltu\u011funa, bitkileri tasar\u0131ma dahil ederek getirdi\u011fi \u00e7\u00f6z\u00fcmle fark yaratan\u00a0<strong>Ningen\u00a0<\/strong>projesiyle Yeliz Kaya, Furkan Berke \u00c7ilesizo\u011flu, \u0130layda \u00d6mer ve Kurtulu\u015f Atasever oturdu. Kategorinin \u00fc\u00e7\u00fcnc\u00fcl\u00fck \u00f6d\u00fcl\u00fc,\u00a0Mertcan Demirhan, Umut Can Korkmaz, Emil Aliyev ve Yusuf \u00c7o\u015fan\u2019\u0131n, su sorununa, betonun \u00f6ne \u00e7\u0131kt\u0131\u011f\u0131 tasar\u0131m\u0131yla fark\u0131ndal\u0131k yaratma \u00e7abas\u0131yla takdir g\u00f6ren\u00a0<strong>Sarn\u0131\u00e7<\/strong>\u00a0isimli projesine gitti. \u00d6te yandan,\u00a0<strong>K\u00fcf-Beton, Paraboloid Kenet Kavu\u015fma, D\u00f6ng\u00fc<\/strong>\u00a0ve\u00a0<strong>PAR-KUR<\/strong>\u00a0projeleri E\u015fde\u011fer Mansiyon \u00f6d\u00fcllerinin sahibi oldu.<\/p>\n<p>&nbsp;<\/p>\n<h2>\u00a0<strong>\u201cKazanan Projelerin Uygulanmas\u0131na Destek Olaca\u011f\u0131z\u201d<\/strong><\/h2>\n<p>Sekt\u00f6r\u00fcn yarat\u0131c\u0131 y\u00f6n\u00fcn\u00fcn g\u00f6r\u00fcn\u00fcrl\u00fc\u011f\u00fcne sa\u011flad\u0131klar\u0131 katk\u0131dan duyduklar\u0131 memnuniyeti ifade eden\u00a0<strong>\u00c7E\u0130S Y\u00f6netim Kurulu Ba\u015fkan\u0131 Suat \u00c7ALBIYIK<\/strong>;\u00a0<em>\u201cSekt\u00f6r\u00fcm\u00fcz i\u00e7in gurur kayna\u011f\u0131 olan bir an\u0131 daha ya\u015f\u0131yoruz. Arkas\u0131nda b\u00fcy\u00fck emek ve \u00e7ok k\u0131ymetli \u00e7al\u0131\u015fmalar olan Yap\u0131 Tasar\u0131m Yar\u0131\u015fmam\u0131z\u0131n ikinci d\u00f6nemini \u2018<strong>Kentsel Alanda Yenilik\u00e7i Yakla\u015f\u0131mlar\u2019<\/strong>\u00a0temas\u0131 alt\u0131nda tamamlam\u0131\u015f bulunuyoruz. 2019 y\u0131l\u0131nda, bu yar\u0131\u015fmaya ba\u015flarken en b\u00fcy\u00fck gayemiz \u00fclkemizin yarat\u0131c\u0131 potansiyelini ortaya \u00e7\u0131karmak ve \u00e7imentonun yenilik\u00e7i kullan\u0131mlar\u0131n\u0131n artmas\u0131n\u0131 sa\u011flamakt\u0131. Bu ba\u011flamda \u00f6\u011frencileri, profesyonelleri ve sekt\u00f6r\u00fcm\u00fcz\u00fc bir ama\u00e7 etraf\u0131nda toplad\u0131k. Bu y\u0131l, \u2018<strong>K<\/strong><\/em><strong><em>entlerdeki At\u0131l Alanlar\u0131m\u0131z\u0131 Beraber \u0130\u015flevlendirelim\u2019\u00a0<\/em><\/strong><em>slogan\u0131 ile yola \u00e7\u0131kt\u0131k.\u00a0<\/em><em>Birbirinden k\u0131ymetli ve yo\u011fun emekle haz\u0131rlanm\u0131\u015f 96 proje yar\u0131\u015fmam\u0131za ba\u015fvurdu; j\u00fcrimiz titiz de\u011ferlendirmeleri sonras\u0131nda 14 projeyi \u00f6d\u00fcle lay\u0131k g\u00f6rd\u00fc. Bu vesileyle ba\u015fta \u00f6d\u00fcl kazananlar olmak \u00fczere t\u00fcm ba\u015fvuru yapan ekiplere ve Yap\u0131 Tasar\u0131m Yar\u0131\u015fmam\u0131za eme\u011fi ile tecr\u00fcbesini aktaran herkese te\u015fekk\u00fcr ediyorum\u201d\u00a0<\/em>dedi.<\/p>\n<p>&nbsp;<\/p>\n<p>\u00d6d\u00fcle lay\u0131k g\u00f6r\u00fclen projelerin hayata ge\u00e7irilmesi konusunda da sorumluluk alacaklar\u0131n\u0131n alt\u0131n\u0131 \u00e7izen\u00a0<strong>\u00c7ALBIYIK;<\/strong>\u00a0<strong><em>\u201c<\/em><\/strong><em>Yeni g\u00f6revimiz, dereceye giren ve \u00f6d\u00fcl kazanan projelerin hayata ge\u00e7irilmesini sa\u011flayabilmek. Bu konuda \u00f6nemli bir tecr\u00fcbemiz ve y\u00f6ntem bilgimiz bulunuyor. \u2018<\/em><em>Kamusal Alanda Yenilik\u00e7i Ad\u0131mlar\u2019 temas\u0131yla 2019 y\u0131l\u0131nda d\u00fczenledi\u011fimiz ilk yar\u0131\u015fmada, profesyonel kategoride \u00fc\u00e7\u00fcnc\u00fcl\u00fck \u00f6d\u00fcl\u00fcn\u00fc alan Ye\u015fil Beton projesi, Sendikam\u0131z\u0131n Genel Merkezinde ve Mardin Ye\u015filli Belediyesi s\u0131n\u0131rlar\u0131 i\u00e7erisinde yer alan Gen\u00e7lik Merkezi\u2019nde hayata ge\u00e7ti. Farkl\u0131 projelerin uygulanabilmesi ad\u0131na, Belediyelerimizin yenilik\u00e7i \u00e7al\u0131\u015fmalar\u0131 kent payda\u015flar\u0131 ile bulu\u015fturmaya duydu\u011fu isteklere destek veriyoruz. Bu y\u0131l\u0131n kazanan projelerini de k<\/em><em>amu kurumlar\u0131 ile i\u015f birli\u011fi yaparak, kentlerimizin uygun b\u00f6lgelerinde vatanda\u015flar\u0131m\u0131zla bulu\u015fturmak i\u00e7in sab\u0131rs\u0131zlan\u0131yoruz. Uygulama s\u00fcrecinde \u00c7E\u0130S olarak \u00fczerimize d\u00fc\u015feni yapmaya haz\u0131r\u0131z\u201d<\/em>\u00a0diyerek s\u00f6zlerini sonland\u0131rd\u0131.<\/p>\n<p>&nbsp;<\/p>\n<p>Yap\u0131 Tasar\u0131m Yar\u0131\u015fmas\u0131 ve \u00f6d\u00fcl alan projelerle ile ilgili ayr\u0131nt\u0131l\u0131 bilgiye \u00a0http:\/\/www.<wbr \/>yapitasarimyarismasi.com\/\u00a0 \u00a0adresinden ula\u015f\u0131labiliyor<\/p>\n","protected":false},"excerpt":{"rendered":"<p>Sekt\u00f6r\u00fcn \u00e7at\u0131 kurulu\u015flar\u0131ndan \u00c7imento End\u00fcstrisi \u0130\u015fverenleri Sendikas\u0131\u2019n\u0131n (\u00c7E\u0130S), \u00e7imentonun estetik ve yenilik\u00e7i kullan\u0131m \u00f6rneklerini art\u0131rmak amac\u0131yla d\u00fczenledi\u011fi Yap\u0131 Tasar\u0131m Yar\u0131\u015fmas\u0131\u2019nda ikinci d\u00f6nem sona erdi. Bu y\u0131l, \u201cKentsel Alanda Yenilik\u00e7i Yakla\u015f\u0131mlar\u201d temas\u0131 alt\u0131nda at\u0131l alanlar\u0131 i\u015flevlendirmeyi hedefleyen yar\u0131\u015fmaya, \u00f6\u011frenci ve profesyonel kategorilerinde toplam 96 proje ba\u015fvurdu. J\u00fcri \u00fcyelerinin de\u011ferlendirmeleri sonucunda 14 proje \u00f6d\u00fcle lay\u0131k g\u00f6r\u00fcl\u00fcrken, projeler [&hellip;]<\/p>\n","protected":false},"author":1,"featured_media":36300,"comment_status":"open","ping_status":"open","sticky":false,"template":"","format":"standard","meta":{"ngg_post_thumbnail":0},"categories":[5388],"tags":[13949,15477],"_links":{"self":[{"href":"https:\/\/emlaktuel.com\/index.php?rest_route=\/wp\/v2\/posts\/36299"}],"collection":[{"href":"https:\/\/emlaktuel.com\/index.php?rest_route=\/wp\/v2\/posts"}],"about":[{"href":"https:\/\/emlaktuel.com\/index.php?rest_route=\/wp\/v2\/types\/post"}],"author":[{"embeddable":true,"href":"https:\/\/emlaktuel.com\/index.php?rest_route=\/wp\/v2\/users\/1"}],"replies":[{"embeddable":true,"href":"https:\/\/emlaktuel.com\/index.php?rest_route=%2Fwp%2Fv2%2Fcomments&post=36299"}],"version-history":[{"count":1,"href":"https:\/\/emlaktuel.com\/index.php?rest_route=\/wp\/v2\/posts\/36299\/revisions"}],"predecessor-version":[{"id":36301,"href":"https:\/\/emlaktuel.com\/index.php?rest_route=\/wp\/v2\/posts\/36299\/revisions\/36301"}],"wp:featuredmedia":[{"embeddable":true,"href":"https:\/\/emlaktuel.com\/index.php?rest_route=\/wp\/v2\/media\/36300"}],"wp:attachment":[{"href":"https:\/\/emlaktuel.com\/index.php?rest_route=%2Fwp%2Fv2%2Fmedia&parent=36299"}],"wp:term":[{"taxonomy":"category","embeddable":true,"href":"https:\/\/emlaktuel.com\/index.php?rest_route=%2Fwp%2Fv2%2Fcategories&post=36299"},{"taxonomy":"post_tag","embeddable":true,"href":"https:\/\/emlaktuel.com\/index.php?rest_route=%2Fwp%2Fv2%2Ftags&post=36299"}],"curies":[{"name":"wp","href":"https:\/\/api.w.org\/{rel}","templated":true}]}}