{"id":36282,"date":"2021-07-06T12:40:59","date_gmt":"2021-07-06T09:40:59","guid":{"rendered":"https:\/\/emlaktuel.com\/?p=36282"},"modified":"2021-07-06T12:40:59","modified_gmt":"2021-07-06T09:40:59","slug":"ispartanin-24-yillik-hayali-itkm-tmsf-yonetiminde-hizmete-acildi","status":"publish","type":"post","link":"https:\/\/emlaktuel.com\/?p=36282","title":{"rendered":"Isparta\u2019n\u0131n 24 y\u0131ll\u0131k hayali ITKM\u00a0TMSF y\u00f6netiminde hizmete a\u00e7\u0131ld\u0131"},"content":{"rendered":"<p><strong><u>TMSF Ba\u015fkan\u0131 Muhiddin G\u00fclal: \u201cElimizdeki imk\u00e2nlar\u0131 halk\u0131m\u0131z\u0131n emrine sunuyoruz\u201d.\u00a0<\/u><\/strong><strong>Tasarruf Mevduat\u0131 Sigorta Fonu (TMSF) 24 y\u0131ld\u0131r in\u015faat\u0131 bitirilemeyen Isparta Ticaret ve K\u00fclt\u00fcr Merkezi\u2019ni (ITKM) hizmete a\u00e7t\u0131. K\u00fclt\u00fcr merkezi olarak faaliyet g\u00f6sterecek birinci fazda 2 b\u00fcy\u00fck konferans salonu, 2 nik\u00e2h salonu, k\u00fct\u00fcphane olarak da kullan\u0131labilecek sergi salonu ve 4 sinema salonu yer alacak. Isparta Meydan AVM ad\u0131yla hizmet sunacak olan projenin ikinci faz\u0131n\u0131n ise eyl\u00fcl ay\u0131nda tamamlanmas\u0131 hedefleniyor.<\/strong><\/p>\n<p><strong>ITKM\u2019nin a\u00e7\u0131l\u0131\u015f t\u00f6renininde konu\u015fan TMSF Ba\u015fkan\u0131 Muhiddin G\u00fclal, \u201cIsparta\u2019n\u0131n 24 y\u0131ll\u0131k hayalini ger\u00e7e\u011fe d\u00f6n\u00fc\u015ft\u00fcr\u00fcyoruz. Sadece Ispartal\u0131lar de\u011fil, g\u00f6n\u00fclden inan\u0131yorum ki, \u00e7evre illerden de insanlar\u0131m\u0131z bu g\u00fczel tesisi g\u00f6rmeye, al\u0131\u015fveri\u015f yapmaya gelecek ve Ispartam\u0131z\u0131n g\u00fcl kokulu, lavanta kokulu \u00fcr\u00fcnlerinden sat\u0131n alacak. B\u00f6ylece \u015fehrimizin ekonomisine de \u00e7ok \u00f6nemli katk\u0131 sa\u011flayacak\u201d dedi.<\/strong><\/p>\n<p>Tasarruf Mevduat\u0131 Sigorta Fonu (TMSF) kayy\u0131m olarak g\u00f6rev ald\u0131ktan sonra Isparta\u2019n\u0131n 24 y\u0131ll\u0131k hayali olan Isparta Ticaret ve K\u00fclt\u00fcr Merkezi\u2019ni (ITKM) hizmete a\u00e7t\u0131. K\u00fclt\u00fcr merkezi olarak faaliyette bulunacak ve 7 bin 800 metrekare b\u00fcy\u00fckl\u00fckteki ilk fazda 2 b\u00fcy\u00fck konferans salonu, 2 nik\u00e2h salonu, k\u00fct\u00fcphane olarak da kullan\u0131labilecek sergi salonu ve 4 sinema salonu yer alacak. Eyl\u00fcl ay\u0131nda tamamlanmas\u0131 \u00f6ng\u00f6r\u00fclen ikinci faz ile birlikte de 60 bin 254 metrekare kiralanabilir alandan olu\u015fan 180 ma\u011faza bulunacak.<\/p>\n<p><img loading=\"lazy\" class=\"aligncenter size-large wp-image-36284\" src=\"https:\/\/emlaktuel.com\/wp-content\/uploads\/2021\/07\/1625558280_Isparta_Ticaret_ve_K__lt__r_Merkezi-750x500.jpeg\" alt=\"\" width=\"600\" height=\"400\" \/><\/p>\n<p>Isparta Ticaret ve K\u00fclt\u00fcr Merkezi\u2019nin a\u00e7\u0131l\u0131\u015f t\u00f6renine TBMM Ba\u015fkanvekili Isparta Milletvekili S\u00fcreyya Sadi Bilgi\u00e7, Isparta Milletvekili Recep \u00d6zel, Isparta Milletvekili Mehmet U\u011fur G\u00f6kg\u00f6z, Isparta Valisi \u00d6mer Seymeno\u011flu, Burdur Valisi Ali Arslanta\u015f, Isparta Belediye Ba\u015fkan\u0131 \u015e\u00fckr\u00fc Ba\u015fde\u011firmen, TMSF Ba\u015fkan\u0131 Muhiddin G\u00fclal, TMSF yetkilileri ve \u00e7ok say\u0131da davetli kat\u0131ld\u0131.<\/p>\n<p><strong>\u00a0<\/strong><\/p>\n<h2><strong>Isparta\u2019n\u0131n 50 y\u0131l\u0131na damga vuracak teknolojiye sahip<\/strong><\/h2>\n<p>ITKM\u2019nin a\u00e7\u0131l\u0131\u015f t\u00f6reninde konu\u015fan Isparta Belediye Ba\u015fkan\u0131 \u015e\u00fckr\u00fc Ba\u015fde\u011firmen, ITKM\u2019nin bug\u00fcne kadar \u2018Bitmeyen bir hayal\u2019 olarak nitelendirildi\u011fini aktard\u0131. Bug\u00fcn bu yolun sonuna gelindi\u011fini ifade eden Ba\u015fde\u011firmen, \u201cTMSF Ba\u015fkan\u0131m\u0131z 800\u2019e yak\u0131n \u015firkete ba\u015fkanl\u0131k yap\u0131yor. Buraya be\u015finci kez geldi. TMSF olarak bu projenin bitirilmesi i\u00e7in \u00e7ok \u00e7al\u0131\u015ft\u0131. Buras\u0131 1997 y\u0131l\u0131nda belki de T\u00fcrkiye\u2019nin ilk kentsel d\u00f6n\u00fc\u015f\u00fcm\u00fcn\u00fcn yap\u0131ld\u0131\u011f\u0131 alan olarak ba\u015flayan bir in\u015faatt\u0131. Aradan ge\u00e7en zamanda bir\u00e7ok kayb\u0131m\u0131z oldu. Burada 450 tane i\u015fyeri bizim olacakt\u0131. Buradaki esnaf da ge\u00e7ici olarak kald\u0131\u011f\u0131 yerden 4 y\u0131l i\u00e7inde kendi yerine d\u00f6necekti. Ancak o esnaflar\u0131m\u0131z\u0131n y\u00fczde 80\u2019i aradan ge\u00e7en s\u00fcrede i\u015flerini kapatmak zorunda kald\u0131. Isparta\u2019da yeni projeler konu\u015fulsun istiyorduk ama olmad\u0131. \u015eimdi bu projeyi bitirmek bize nasip oldu. Buray\u0131 devrald\u0131\u011f\u0131m\u0131zda projeyi ne zaman bitirebiliriz diye bakt\u0131k. Projenin bitirilmesinden \u00f6te hukuki s\u00fcre\u00e7ler kar\u015f\u0131m\u0131za \u00e7\u0131kt\u0131. Bu s\u00fcre\u00e7leri bitirmek i\u00e7in TMSF ile hep anla\u015ft\u0131k. Ondan sonra in\u015faata ba\u015flad\u0131k. Bodrum kat\u0131ndan 700 ton su \u00e7ektik. Rutubeti 1 y\u0131lda kurudu. Yer d\u00f6\u015femelerinin tamam\u0131 k\u0131r\u0131ld\u0131. 1700 kamyon buradan hafriyat att\u0131k. Tesisatlar\u0131 en ba\u015ftan yapt\u0131k. Isparta\u2019n\u0131n en az 50 y\u0131l\u0131na damga vuracak kalitede teknolojiyi arkada\u015flar\u0131m\u0131z buraya monte ettiler\u201d dedi.<\/p>\n<p><strong>\u00a0<\/strong><\/p>\n<h2><strong>\u20182020 y\u0131l\u0131n\u0131n ba\u015f\u0131nda \u00e7al\u0131\u015fmalara yeniden ba\u015flad\u0131k\u2019<\/strong><\/h2>\n<p>T\u00f6rende konu\u015fan TMSF Ba\u015fkan\u0131 Muhiddin G\u00fclal, \u201cIsparta\u2019n\u0131n 24 y\u0131ll\u0131k hayalini ger\u00e7e\u011fe d\u00f6n\u00fc\u015ft\u00fcr\u00fcyoruz. T\u00fcrk halk\u0131n\u0131n tasarruflar\u0131n\u0131n sigortas\u0131 olan TMSF, milletin emanetine her zaman ve her yerde oldu\u011fu gibi ayn\u0131 \u015fekilde sahip \u00e7\u0131kmaya devam ediyor. Elimizdeki imk\u00e2nlar\u0131 T\u00fcrkiye\u2019nin d\u00f6rt bir yan\u0131nda halk\u0131m\u0131z\u0131n emrine sunuyoruz. Sadece Ispartal\u0131lar de\u011fil, g\u00f6n\u00fclden inan\u0131yorum ki, \u00e7evre illerden de insanlar\u0131m\u0131z bu g\u00fczel tesisi g\u00f6rmeye, al\u0131\u015fveri\u015f yapmaya gelecek ve Ispartam\u0131z\u0131n g\u00fcl kokulu, lavanta kokulu \u00fcr\u00fcnlerinden sat\u0131n alacak. B\u00f6ylece \u015fehrimizin ekonomisine de \u00e7ok \u00f6nemli katk\u0131 sa\u011flayacak\u201d dedi.<\/p>\n<p>Cumhurba\u015fkan\u0131 Recep Tayyip Erdo\u011fan\u2019\u0131n \u201cIsparta K\u00fclt\u00fcr ve Ticaret Merkezi\u2019ni tamamlay\u0131n\u201d talimat\u0131n\u0131n ard\u0131ndan, \u00e7\u00fcr\u00fcmeye terk edilmi\u015f olan projenin durumunu Isparta Belediye Ba\u015fkan\u0131 \u015e\u00fckr\u00fc Ba\u015fde\u011firmen ile masaya yat\u0131rd\u0131klar\u0131n\u0131 anlatan TMSF Ba\u015fkan\u0131 G\u00fclal, \u201cHi\u00e7 vakit kaybetmeden \u00e7al\u0131\u015fmalara ba\u015flayarak otopark k\u0131sm\u0131n\u0131 tamamlad\u0131k ve ard\u0131ndan da Pazar Camii\u2019ni 2019 y\u0131l\u0131nda m\u00fcbarek Kadir Gecesi\u2019nde halk\u0131m\u0131z\u0131n hizmetine sunduk. Hem Isparta Belediyemiz hem de ba\u011f\u0131ms\u0131z b\u00f6l\u00fcm malikleriyle yap\u0131lan yeni protokol ve anla\u015fmalarla in\u015faat\u0131n mali ve hukuki sorunlar\u0131 \u00e7\u00f6z\u00fclerek 2020 y\u0131l\u0131n\u0131n ba\u015f\u0131nda 150 bin metrekarelik in\u015faat alan\u0131na sahip olan projenin kalan b\u00f6l\u00fcmlerinin \u00e7al\u0131\u015fmalar\u0131na yeniden ba\u015fland\u0131\u201d diye konu\u015ftu.<\/p>\n<p>&nbsp;<\/p>\n<h2><strong>\u015eehrin cazibe merkezi haline gelecek<\/strong><\/h2>\n<p>D\u00fcnyay\u0131 etkisi alt\u0131na alan Kovid-19 salg\u0131n\u0131n\u0131n a\u011f\u0131r y\u00fck\u00fcne ra\u011fmen b\u00fcy\u00fck bir \u00f6zveriyle \u00e7al\u0131\u015fmalara devam ettiklerini dile getiren TMSF Ba\u015fkan\u0131 G\u00fclal, Isparta Meydan AVM ismiyle hizmet verecek projenin k\u00fclt\u00fcr merkezi olarak faaliyet g\u00f6sterecek ilk faz\u0131n\u0131n a\u00e7\u0131l\u0131\u015f\u0131n\u0131 ger\u00e7ekle\u015ftirdiklerini ifade etti. \u0130lk faz\u0131n 7 bin 800 metrekare b\u00fcy\u00fckl\u00fc\u011fe sahip oldu\u011funu s\u00f6yleyen G\u00fclal, \u015f\u00f6yle devam etti: \u201cK\u00fclt\u00fcr merkezimizde 2 b\u00fcy\u00fck konferans salonu, 2 nik\u00e2h salonu, k\u00fct\u00fcphane olarak da kullan\u0131labilecek sergi salonu ve 4 sinema salonu yer alacakt\u0131r. K\u00fclt\u00fcr merkezinin Isparta\u2019n\u0131n sosyal hayat\u0131na \u00e7ok b\u00fcy\u00fck katk\u0131lar sa\u011flayaca\u011f\u0131na inan\u0131yorum. Eyl\u00fcl ay\u0131nda 2. faz\u0131n\u0131n tamamlanmas\u0131n\u0131 hedefledi\u011fimiz Isparta Meydan AVM, ulusal ve uluslararas\u0131 bir\u00e7ok etkinli\u011fe ev sahipli\u011fi yaparak sadece Isparta\u2019n\u0131n de\u011fil hem \u00e7evre illerin hem de \u00fclkemizin \u00f6nemli bir de\u011feri olacakt\u0131r. Say\u0131n Cumhurba\u015fkan\u0131m\u0131z\u0131n \u00e7ok yak\u0131ndan takip etti\u011fi projemiz tamamland\u0131\u011f\u0131nda, i\u00e7erisinde 60 bin 254 metrekare kiralanabilir alandan olu\u015fan 180 ma\u011faza bulunacak. K\u00fclt\u00fcr, e\u011flence ve ticaret alanlar\u0131n\u0131n tamam\u0131 493 ba\u011f\u0131ms\u0131z b\u00f6l\u00fcmden olu\u015facakt\u0131r. D\u00fcnyan\u0131n en \u00f6nemli markalar\u0131n\u0131 b\u00fcnyesinde bar\u0131nd\u0131racak olan al\u0131\u015fveri\u015f merkezimiz, 3 bin metrekarelik devasa bir e\u011flence merkezi, 600 \u00f6\u011frenci kapasiteli bir e\u011fitim kompleksi, mobilyac\u0131lar \u00e7ar\u015f\u0131s\u0131, 5 bin metrekarelik etkinlik alan\u0131, daimi halk pazar\u0131 ve d\u00fc\u011f\u00fcn-ni\u015fan al\u0131\u015fveri\u015flerinin ilk adresi olacak evlilik \u00e7ar\u015f\u0131s\u0131yla \u015fehrimizin cazibe merkezi haline gelecektir. Yakla\u015f\u0131k 2 bin ki\u015fiye istihdam imk\u00e2n\u0131 sa\u011flayacak olan Isparta Meydan AVM yat\u0131r\u0131mc\u0131s\u0131ndan perakendecisine, kirac\u0131s\u0131ndan m\u00fc\u015fterisine kadar herkesi mutlu edecektir.\u201d<\/p>\n<p>&nbsp;<\/p>\n<h2><strong>\u2018Tek kuru\u015f vergi \u00f6demeyen \u015firketler TMSF y\u00f6netiminde rekortmen oldu\u2019<\/strong><\/h2>\n<p>TMSF\u2019nin bug\u00fcn itibariyle T\u00fcrkiye\u2019nin 37 ilinde toplam 783 \u015firkette kayy\u0131ml\u0131k g\u00f6revine devam etti\u011fini kaydeden G\u00fclal, kayy\u0131m olarak y\u00f6netilen \u015firketlerde toplam 44 bin 415 ki\u015fiye istihdam imk\u00e2n\u0131 sa\u011flad\u0131klar\u0131n\u0131 ifade etti. Devrald\u0131klar\u0131ndan bu yana \u015firketlerde hem istihdam\u0131 art\u0131rd\u0131klar\u0131n\u0131, hem de yeni yat\u0131r\u0131mlara imza att\u0131klar\u0131n\u0131 belirten TMSF Ba\u015fkan\u0131 G\u00fclal, \u201cHain ter\u00f6r \u00f6rg\u00fct\u00fcn\u00fcn kontrol\u00fcndeyken devlete tek kuru\u015f vergi \u00f6demeyen Erciyes Anadolu Holding, Koza Holding ve Ayd\u0131nl\u0131 Haz\u0131r Giyim \u015firketleri Kurumlar Vergisi rekortmenleri listesinde \u00fcst s\u0131ralarda yer almaya ba\u015flad\u0131. \u00a0 Bahsi ge\u00e7en bu \u015firketler TMSF y\u00f6netimine ge\u00e7tikten sonra yakla\u015f\u0131k 7 milyar TL vergi \u00f6demesi ger\u00e7ekle\u015ftirdi. Basiretli t\u00fcccar anlay\u0131\u015f\u0131yla bu m\u00fcesseseleri y\u00f6netme g\u00f6revimizi lay\u0131k\u0131yla yerine getirerek y\u00fcz\u00fcm\u00fcz\u00fc kara \u00e7\u0131karmayan \u00e7al\u0131\u015fma arkada\u015flar\u0131ma da bu vesileyle huzurlar\u0131n\u0131zda te\u015fekk\u00fcr ediyorum. Y\u00f6netimimizdeki \u015firketlerin, 2021 y\u0131l\u0131 ilk \u00e7eyre\u011fi itibariyle aktiflerinin toplam\u0131 70.3 Milyar TL, \u00f6z kaynaklar\u0131 ise 29.7 milyar TL\u2019dir. Bu \u015firketlerin TMSF\u2019ye devredildiklerinden bug\u00fcne kadar aktif b\u00fcy\u00fckl\u00fckleri y\u00fczde 65, \u00f6z kaynaklar\u0131 ise y\u00fczde 61 oran\u0131nda artm\u0131\u015ft\u0131r. TMSF kontrol\u00fcndeki \u015firketler, 2021\u2019in ilk \u00e7eyre\u011finde cirolar\u0131n\u0131 10.3 milyar TL\u2019ye, d\u00f6nem k\u00e2rlar\u0131n\u0131 ise 1.4 milyar TL\u2019ye \u00e7\u0131karmay\u0131 ba\u015farm\u0131\u015ft\u0131r. Allah\u2019a Hamd olsun ki, milletimizin emaneti olarak g\u00f6rd\u00fc\u011f\u00fcm\u00fcz \u015firketleri, y\u00f6netimini devrald\u0131\u011f\u0131m\u0131z noktan\u0131n \u00e7ok ilerisine ta\u015f\u0131d\u0131k. Bu sebeple mutluyuz ve gururluyuz. Ge\u00e7mi\u015fte ter\u00f6re aktar\u0131lan kaynaklar; bug\u00fcn milletimizin hizmetine aktar\u0131l\u0131yor\u201d \u015feklinde konu\u015ftu.<\/p>\n<p>A\u00e7\u0131l\u0131\u015f konu\u015fmalar\u0131n\u0131n ard\u0131ndan ITKM\u2019de ilk nikah t\u00f6reni ger\u00e7ekle\u015ftirildi.<\/p>\n","protected":false},"excerpt":{"rendered":"<p>TMSF Ba\u015fkan\u0131 Muhiddin G\u00fclal: \u201cElimizdeki imk\u00e2nlar\u0131 halk\u0131m\u0131z\u0131n emrine sunuyoruz\u201d.\u00a0Tasarruf Mevduat\u0131 Sigorta Fonu (TMSF) 24 y\u0131ld\u0131r in\u015faat\u0131 bitirilemeyen Isparta Ticaret ve K\u00fclt\u00fcr Merkezi\u2019ni (ITKM) hizmete a\u00e7t\u0131. K\u00fclt\u00fcr merkezi olarak faaliyet g\u00f6sterecek birinci fazda 2 b\u00fcy\u00fck konferans salonu, 2 nik\u00e2h salonu, k\u00fct\u00fcphane olarak da kullan\u0131labilecek sergi salonu ve 4 sinema salonu yer alacak. Isparta Meydan AVM ad\u0131yla [&hellip;]<\/p>\n","protected":false},"author":1,"featured_media":36283,"comment_status":"open","ping_status":"open","sticky":false,"template":"","format":"standard","meta":{"ngg_post_thumbnail":0},"categories":[5388],"tags":[15474,11203,3965],"_links":{"self":[{"href":"https:\/\/emlaktuel.com\/index.php?rest_route=\/wp\/v2\/posts\/36282"}],"collection":[{"href":"https:\/\/emlaktuel.com\/index.php?rest_route=\/wp\/v2\/posts"}],"about":[{"href":"https:\/\/emlaktuel.com\/index.php?rest_route=\/wp\/v2\/types\/post"}],"author":[{"embeddable":true,"href":"https:\/\/emlaktuel.com\/index.php?rest_route=\/wp\/v2\/users\/1"}],"replies":[{"embeddable":true,"href":"https:\/\/emlaktuel.com\/index.php?rest_route=%2Fwp%2Fv2%2Fcomments&post=36282"}],"version-history":[{"count":1,"href":"https:\/\/emlaktuel.com\/index.php?rest_route=\/wp\/v2\/posts\/36282\/revisions"}],"predecessor-version":[{"id":36285,"href":"https:\/\/emlaktuel.com\/index.php?rest_route=\/wp\/v2\/posts\/36282\/revisions\/36285"}],"wp:featuredmedia":[{"embeddable":true,"href":"https:\/\/emlaktuel.com\/index.php?rest_route=\/wp\/v2\/media\/36283"}],"wp:attachment":[{"href":"https:\/\/emlaktuel.com\/index.php?rest_route=%2Fwp%2Fv2%2Fmedia&parent=36282"}],"wp:term":[{"taxonomy":"category","embeddable":true,"href":"https:\/\/emlaktuel.com\/index.php?rest_route=%2Fwp%2Fv2%2Fcategories&post=36282"},{"taxonomy":"post_tag","embeddable":true,"href":"https:\/\/emlaktuel.com\/index.php?rest_route=%2Fwp%2Fv2%2Ftags&post=36282"}],"curies":[{"name":"wp","href":"https:\/\/api.w.org\/{rel}","templated":true}]}}