{"id":36238,"date":"2021-07-04T12:01:27","date_gmt":"2021-07-04T09:01:27","guid":{"rendered":"https:\/\/emlaktuel.com\/?p=36238"},"modified":"2021-07-04T13:33:18","modified_gmt":"2021-07-04T10:33:18","slug":"pasifik-insaattan-istanbula-ilk-proje-ortakoyde-olacak","status":"publish","type":"post","link":"https:\/\/emlaktuel.com\/?p=36238","title":{"rendered":"Pasifik \u0130n\u015faat&#8217;tan \u0130stanbul&#8217;a ilk proje Ortak\u00f6y&#8217;de olacak"},"content":{"rendered":"<p><strong>Pasifik \u0130n\u015faat, Ankara\u2019da Next Level ve Merkez Ankara projesi gibi \u00f6nemli projelere imza att\u0131 ve \u0130stanbul\u2019da ilk gayrimenkul projesini Emlak Konut GYO\u2019nun \u0130stanbul Be\u015fikta\u015f Ortak\u00f6y\u2019de yer alan arsas\u0131 \u00fczerinde hayata ge\u00e7irmek i\u00e7in haz\u0131rlan\u0131yor.<\/strong><\/p>\n<p>Emlak Konut\u2019un \u0130stanbul Etiler giri\u015finde sahip oldu\u011fu eski Jandarma Lojmanlar\u0131n\u0131n oldu\u011fu 19 bin 872 metrekarelik arsan\u0131n 2021 mart ay\u0131nda yap\u0131lan ihalesini 2 milyar 650 milyon lira toplam has\u0131lat teklifi ile Pasifik \u0130n\u015faat kazanm\u0131\u015ft\u0131 ve bu arsada toplam 80 bin metrekarelik in\u015faat alan\u0131 \u00fczerinde 15 katl\u0131 bloklar \u015feklinde konutlar, m\u00fcstakil ofisler ve perakende al\u0131\u015fveri\u015f ma\u011fazalar\u0131 in\u015faa edecek.<\/p>\n<h2><strong>\u201c\u0130stanbul\u2019da yeni bir proje yapmay\u0131 \u00e7ok istedik\u201d<\/strong><\/h2>\n<p><strong>Pasifik \u0130n\u015faat Y\u00f6netim Kurulu Ba\u015fkan\u0131 Fatih Erdo\u011fan,\u00a0<\/strong>in\u015faat sekt\u00f6r\u00fcne girdikleri ilk y\u0131llardan bu yana \u0130stanbul\u2019un merkezinde, \u015fehrin mimari dokusuna de\u011fer katacak bir proje ger\u00e7ekle\u015ftirmeyi \u00e7ok istediklerini dile getirdi, Say\u0131n\u00a0<strong>Erdo\u011fan<\/strong>, T\u00fcrkiye&#8217;nin mega kentindeki projelerinin kendileri i\u00e7in \u00e7ok \u00f6nemli oldu\u011funu s\u00f6yleyerek bu projelerinin konsepti ve mimari tasar\u0131m\u0131 i\u00e7in Tabanl\u0131o\u011flu Mimarl\u0131k ile anla\u015ft\u0131klar\u0131n\u0131 belirtti.<\/p>\n<p>Gayrimenkul Geli\u015ftirme \u015firketi olan Servotel taraf\u0131ndan s\u00f6z konusu arsa \u00fczerinde en verimli projenin nas\u0131l olmas\u0131 gerekti\u011fine dair detayl\u0131 bir rapor haz\u0131rlad\u0131\u011f\u0131n\u0131 ve bu rapora g\u00f6re Tabanl\u0131o\u011flu\u2019nun da tasar\u0131m \u00e7al\u0131\u015fmalar\u0131na ba\u015flad\u0131\u011f\u0131n\u0131 dile getiren Erdo\u011fan,\u00a0<em>\u201cDi\u011fer projelerimizde oldu\u011fu gibi \u0130stanbul projemizde de her bir detay\u0131 ince ince i\u015fliyoruz. Bu a\u015famada \u015funu s\u00f6yleyebilirim ki projemizin y\u00fczde 85\u2019i konut, y\u00fczde 15\u2019i ise m\u00fcstakil ofis ve perakendeden olu\u015facak. Daha ferah ya\u015fam ve \u00e7al\u0131\u015fma alanlar\u0131 yaratmak amac\u0131yla tavan y\u00fcksekli\u011finin d\u00f6rt metreden y\u00fcksek olmas\u0131n\u0131 planlad\u0131\u011f\u0131m\u0131z projemizde, hem konutlar\u0131m\u0131z hem de ofislerimiz terasl\u0131 ya da balkonlu olacak. K\u0131sacas\u0131 \u0130stanbul\u2019un kalbinde yemye\u015fil, \u0130stanbul manzaral\u0131 teraslar\u0131 ve balkonlar\u0131 olan konut ve ofislere imza atmaya haz\u0131rlan\u0131yoruz.\u201d<\/em>\u00a0\u015feklinde konu\u015ftu.<\/p>\n<h2><strong>2020 y\u0131l\u0131n\u0131\u00a0<\/strong><strong>Pasifik \u0130n\u015faat,\u00a0<\/strong><strong>Emlak Konut projelerinin aras\u0131nda \u015fampiyon olarak kapatt\u0131<\/strong><\/h2>\n<p>2020&#8217;ge ge\u00e7en\u00a0zorlu pandemi ko\u015fullar\u0131na ra\u011fmen y\u0131l\u0131 b\u00fcy\u00fck bir ba\u015far\u0131 ile kapatmay\u0131 ba\u015fard\u0131klar\u0131n\u0131 dile getiren Fatih Erdo\u011fan, Merkez Ankara Projesiyle Emlak Konut GYO\u2019nun T\u00fcrkiye genelindeki t\u00fcm projeleri aras\u0131nda 1 milyar 684 milyon TL de\u011ferinde has\u0131lat ve 1.121 adet ba\u011f\u0131ms\u0131z b\u00f6l\u00fcm sat\u0131\u015f\u0131m\u0131z ile ciro ve sat\u0131\u015f adedi bak\u0131m\u0131ndan 2020\u2019yi a\u00e7\u0131k ara lider kapatt\u0131klar\u0131n\u0131 ve ayr\u0131ca Next Level \u00c7ayyolu projesi ve Merkez Ankara projelerindeki sat\u0131\u015flar\u0131 ile 2020 y\u0131l\u0131n\u0131 2.1 milyar ciroyla kapatmay\u0131 ba\u015fard\u0131klar\u0131n\u0131 s\u00f6yledi.<\/p>\n<div class=\"td-a-rec td-a-rec-id-content_bottom tdi_2_f46 td_block_template_1\">\n<div id=\"wpcf7-f167807-p250815-o1\" class=\"wpcf7\" dir=\"ltr\" lang=\"tr-TR\" role=\"form\">\n<div class=\"screen-reader-response\"><\/div>\n<form class=\"wpcf7-form init\" action=\"https:\/\/www.emlakdream.com\/pasifik-insaat-istanbuldaki-ilk-projesini-ortakoyde-hayata-gecirecek\/#wpcf7-f167807-p250815-o1\" method=\"post\" novalidate=\"novalidate\" data-status=\"init\"><\/form>\n<\/div>\n<\/div>\n","protected":false},"excerpt":{"rendered":"<p>Pasifik \u0130n\u015faat, Ankara\u2019da Next Level ve Merkez Ankara projesi gibi \u00f6nemli projelere imza att\u0131 ve \u0130stanbul\u2019da ilk gayrimenkul projesini Emlak Konut GYO\u2019nun \u0130stanbul Be\u015fikta\u015f Ortak\u00f6y\u2019de yer alan arsas\u0131 \u00fczerinde hayata ge\u00e7irmek i\u00e7in haz\u0131rlan\u0131yor. Emlak Konut\u2019un \u0130stanbul Etiler giri\u015finde sahip oldu\u011fu eski Jandarma Lojmanlar\u0131n\u0131n oldu\u011fu 19 bin 872 metrekarelik arsan\u0131n 2021 mart ay\u0131nda yap\u0131lan ihalesini 2 [&hellip;]<\/p>\n","protected":false},"author":1,"featured_media":36243,"comment_status":"open","ping_status":"open","sticky":false,"template":"","format":"standard","meta":{"ngg_post_thumbnail":0},"categories":[5388],"tags":[459,13960,15462,4970],"_links":{"self":[{"href":"https:\/\/emlaktuel.com\/index.php?rest_route=\/wp\/v2\/posts\/36238"}],"collection":[{"href":"https:\/\/emlaktuel.com\/index.php?rest_route=\/wp\/v2\/posts"}],"about":[{"href":"https:\/\/emlaktuel.com\/index.php?rest_route=\/wp\/v2\/types\/post"}],"author":[{"embeddable":true,"href":"https:\/\/emlaktuel.com\/index.php?rest_route=\/wp\/v2\/users\/1"}],"replies":[{"embeddable":true,"href":"https:\/\/emlaktuel.com\/index.php?rest_route=%2Fwp%2Fv2%2Fcomments&post=36238"}],"version-history":[{"count":1,"href":"https:\/\/emlaktuel.com\/index.php?rest_route=\/wp\/v2\/posts\/36238\/revisions"}],"predecessor-version":[{"id":36239,"href":"https:\/\/emlaktuel.com\/index.php?rest_route=\/wp\/v2\/posts\/36238\/revisions\/36239"}],"wp:featuredmedia":[{"embeddable":true,"href":"https:\/\/emlaktuel.com\/index.php?rest_route=\/wp\/v2\/media\/36243"}],"wp:attachment":[{"href":"https:\/\/emlaktuel.com\/index.php?rest_route=%2Fwp%2Fv2%2Fmedia&parent=36238"}],"wp:term":[{"taxonomy":"category","embeddable":true,"href":"https:\/\/emlaktuel.com\/index.php?rest_route=%2Fwp%2Fv2%2Fcategories&post=36238"},{"taxonomy":"post_tag","embeddable":true,"href":"https:\/\/emlaktuel.com\/index.php?rest_route=%2Fwp%2Fv2%2Ftags&post=36238"}],"curies":[{"name":"wp","href":"https:\/\/api.w.org\/{rel}","templated":true}]}}