{"id":36218,"date":"2021-07-02T14:00:18","date_gmt":"2021-07-02T11:00:18","guid":{"rendered":"https:\/\/emlaktuel.com\/?p=36218"},"modified":"2021-07-02T14:00:18","modified_gmt":"2021-07-02T11:00:18","slug":"schotttan-turkiyeye-100-milyon-tllik-yeni-yatirim","status":"publish","type":"post","link":"https:\/\/emlaktuel.com\/?p=36218","title":{"rendered":"SCHOTT\u2019tan T\u00fcrkiye\u2019ye 100 milyon TL\u2019lik yeni yat\u0131r\u0131m"},"content":{"rendered":"<p><strong>137 y\u0131ll\u0131k tecr\u00fcbesiyle 34 \u00fclkede 16.500 \u00e7al\u0131\u015fan\u0131 ve 40 fabrikas\u0131 ile teknoloji ve esteti\u011fi bir araya getiren \u00e7\u00f6z\u00fcmleriyle faaliyet g\u00f6steren, nitelikli cam konusunda d\u00fcnyan\u0131n \u00f6nde gelen \u015firketlerinden SCHOTT, T\u00fcrkiye\u2019ye yat\u0131r\u0131mlar\u0131n\u0131 s\u00fcrd\u00fcr\u00fcyor. Bolu ve \u00c7erkezk\u00f6y\u2019de iki fabrikas\u0131 bulunan SCHOTT, Bolu\u2019da a\u00e7aca\u011f\u0131 yeni \u00fcretim tesisi i\u00e7in kollar\u0131 s\u0131vad\u0131. Ocak 2022\u2019de hizmete girmesi planlanan fabrikan\u0131n temelleri at\u0131ld\u0131.<\/strong><\/p>\n<p><strong>\u00a0<\/strong><\/p>\n<p>Nitelikli cam konusunda d\u00fcnyan\u0131n \u00f6nde gelen \u015firketlerinden SCHOTT, 1989 y\u0131l\u0131ndan beri T\u00fcrkiye\u2019de faaliyet g\u00f6steriyor. Bolu ve \u00c7erkezk\u00f6y\u2019de bulunan fabrikalar\u0131yla T\u00fcrkiye\u2019de beyaz e\u015fya sekt\u00f6r\u00fcne y\u00f6nelik d\u00fcz cam \u00fcretimi ger\u00e7ekle\u015ftiren \u015firket, bug\u00fcn 4 k\u0131tada toplam 20 \u00fclkeye T\u00fcrkiye\u2019den \u00fcr\u00fcn ihra\u00e7 ediyor. SCHOTT 100 milyon TL yat\u0131r\u0131mla hayata ge\u00e7irece\u011fi yeni fabrikas\u0131n\u0131n temellerini att\u0131. Bolu\u2019da 20 bin metrekarelik kapal\u0131 alanda faaliyet g\u00f6sterecek olan yeni \u00fcretim tesisinde f\u0131r\u0131n, ocak, davlumbaz ve buzdolab\u0131 \u00f6n kapak camlar\u0131 a\u011f\u0131rl\u0131kl\u0131 olmak \u00fczere katma de\u011feri y\u00fcksek cam \u00fcretimi ger\u00e7ekle\u015ftirecek. Yeni istihdam imkanlar\u0131 yaratacak olan tesisle Bolu\u2019da \u00e7al\u0131\u015fan say\u0131s\u0131n\u0131 yakla\u015f\u0131k iki kat\u0131na \u00e7\u0131karacak olan SCHOTT, yurt d\u0131\u015f\u0131na ihracat\u0131 yap\u0131lacak \u00fcr\u00fcnlerle de T\u00fcrkiye ekonomisine \u00f6nemli katk\u0131 sa\u011flayacak.<\/p>\n<p>&nbsp;<\/p>\n<p>Yeni fabrikan\u0131n temel atma t\u00f6reninde konu\u015fan<strong>\u00a0SCHOTT Orim Genel M\u00fcd\u00fcr\u00fc Hakan Gerdan<\/strong>, \u201c1884 y\u0131l\u0131nda kurulan SCHOTT, bug\u00fcn 34 \u00fclkede 40 fabrikas\u0131 ve 16.500 \u00e7al\u0131\u015fan\u0131 ile faaliyet g\u00f6steren k\u00f6kl\u00fc global bir \u015firket. 1989 y\u0131l\u0131ndan bu yana faaliyet g\u00f6sterdi\u011fimiz T\u00fcrkiye, SCHOTT d\u00fcnyas\u0131nda \u00e7ok \u00f6nemli bir konuma sahip. SCHOTT olarak T\u00fcrkiye\u2019ye, T\u00fcrkiye\u2019deki \u00e7al\u0131\u015fanlar\u0131na \u00e7ok g\u00fcveniyor, buraya duydu\u011fumuz g\u00fcvenle yat\u0131r\u0131mlar\u0131m\u0131z\u0131 d\u00fczenli s\u00fcrd\u00fcr\u00fcyoruz. T\u00fcrkiye\u2019de faaliyet g\u00f6stermeye ba\u015flad\u0131\u011f\u0131m\u0131z g\u00fcnden bu yana \u00fcretti\u011fimiz inovatif \u00fcr\u00fcnlerle hem \u00fcreticilerin hem de t\u00fcketicilerin hayat\u0131n\u0131 kolayla\u015ft\u0131rmak i\u00e7in \u00e7al\u0131\u015f\u0131yor, m\u00fc\u015fterilerimizin ba\u015far\u0131lar\u0131na katk\u0131da bulunuyoruz. SCHOTT T\u00fcrkiye, her y\u0131l b\u00f6lgesinde a\u00e7\u0131klanan vergi s\u0131ralamas\u0131nda ilk 10\u2019da yer al\u0131yor. Ge\u00e7en y\u0131l 60 milyon Euro seviyesinde ciro ger\u00e7ekle\u015ftirdik. Bu y\u0131l ciromuzu daha da art\u0131raca\u011f\u0131z\u201d diye konu\u015ftu.<\/p>\n<p>Temellerini att\u0131\u011f\u0131m\u0131z yeni fabrikayla Bolu\u2019daki \u00fcretim kapasitelerini y\u00fczde 50, T\u00fcrkiye\u2019deki toplam \u00fcretim kapasitelerini de yakla\u015f\u0131k y\u00fczde 25 oran\u0131nda art\u0131racaklar\u0131n\u0131 ifade eden Hakan Gerdan, \u201cYeni istihdam yaratacak olan yeni fabrikam\u0131zla birlikte, \u015fu anda 700 olan \u00e7al\u0131\u015fan say\u0131m\u0131z 1000\u2019e \u00e7\u0131kacak.\u00a0M\u00fc\u015fterilerimizin istek ve artan taleplerini kar\u015f\u0131lamak i\u00e7in yat\u0131r\u0131m ve altyap\u0131 \u00e7al\u0131\u015fmalar\u0131m\u0131z s\u00fcrekli devam ediyor.\u00a0Yeni fabrikam\u0131zda End\u00fcstri 4.0 ve dijitalle\u015fme altyap\u0131s\u0131na da yat\u0131r\u0131m yap\u0131yoruz.\u00a02022 y\u0131l\u0131n\u0131n Ocak ay\u0131nda hizmete a\u00e7may\u0131 hedefledi\u011fimiz yeni fabrikam\u0131z\u0131n Bolu\u2019ya ve \u00fclkemize hay\u0131rl\u0131 olmas\u0131n\u0131 diliyorum\u201d diye konu\u015ftu.<\/p>\n<p>&nbsp;<\/p>\n<h2><strong>Pandemi d\u00f6neminde SCHOTT\u2019tan insanl\u0131\u011fa a\u015f\u0131 deste\u011fi<\/strong><\/h2>\n<p>SCHOTT\u2019un d\u00fcnyadaki Ar-Ge \u00e7al\u0131\u015fmalar\u0131na ve \u00f6nc\u00fc teknolojilerine de dikkat \u00e7eken<strong>\u00a0SCHOTT Orim Genel M\u00fcd\u00fcr\u00fc Hakan Gerdan<\/strong>, \u201cSCHOTT d\u00fcnyada 2020 y\u0131l\u0131nda 320 milyon Euro de\u011ferinde rekor yat\u0131r\u0131m yapt\u0131. Bu y\u0131l i\u00e7in 350 milyon Euro yat\u0131r\u0131m planland\u0131. 600\u2019\u00fcn \u00fczerinde bilim insan\u0131 ile 3000\u2019in \u00fczerinde patenti bulunan bir teknoloji \u015firketi olan SCHOTT, global olarak pandemi d\u00f6neminde de onaylanm\u0131\u015f a\u015f\u0131 ampullerinin y\u00fczde 90\u2019\u0131n\u0131n tedarik\u00e7isi. \u0130\u00e7inden ge\u00e7ti\u011fimiz bu zorlu pandemi d\u00f6neminde insan sa\u011fl\u0131\u011f\u0131na verdi\u011fimiz bu katk\u0131dan ayr\u0131ca gurur duyuyoruz. Bunun yan\u0131nda ak\u0131ll\u0131 telefonlarda son d\u00f6nemin en \u00f6nemli trendlerinden katlanabilir cam da yine gurur duydu\u011fumuz \u00fcr\u00fcnlerimizden biri\u201d dedi.<\/p>\n","protected":false},"excerpt":{"rendered":"<p>137 y\u0131ll\u0131k tecr\u00fcbesiyle 34 \u00fclkede 16.500 \u00e7al\u0131\u015fan\u0131 ve 40 fabrikas\u0131 ile teknoloji ve esteti\u011fi bir araya getiren \u00e7\u00f6z\u00fcmleriyle faaliyet g\u00f6steren, nitelikli cam konusunda d\u00fcnyan\u0131n \u00f6nde gelen \u015firketlerinden SCHOTT, T\u00fcrkiye\u2019ye yat\u0131r\u0131mlar\u0131n\u0131 s\u00fcrd\u00fcr\u00fcyor. Bolu ve \u00c7erkezk\u00f6y\u2019de iki fabrikas\u0131 bulunan SCHOTT, Bolu\u2019da a\u00e7aca\u011f\u0131 yeni \u00fcretim tesisi i\u00e7in kollar\u0131 s\u0131vad\u0131. Ocak 2022\u2019de hizmete girmesi planlanan fabrikan\u0131n temelleri at\u0131ld\u0131. \u00a0 [&hellip;]<\/p>\n","protected":false},"author":1,"featured_media":36219,"comment_status":"open","ping_status":"open","sticky":false,"template":"","format":"standard","meta":{"ngg_post_thumbnail":0},"categories":[26],"tags":[15461],"_links":{"self":[{"href":"https:\/\/emlaktuel.com\/index.php?rest_route=\/wp\/v2\/posts\/36218"}],"collection":[{"href":"https:\/\/emlaktuel.com\/index.php?rest_route=\/wp\/v2\/posts"}],"about":[{"href":"https:\/\/emlaktuel.com\/index.php?rest_route=\/wp\/v2\/types\/post"}],"author":[{"embeddable":true,"href":"https:\/\/emlaktuel.com\/index.php?rest_route=\/wp\/v2\/users\/1"}],"replies":[{"embeddable":true,"href":"https:\/\/emlaktuel.com\/index.php?rest_route=%2Fwp%2Fv2%2Fcomments&post=36218"}],"version-history":[{"count":1,"href":"https:\/\/emlaktuel.com\/index.php?rest_route=\/wp\/v2\/posts\/36218\/revisions"}],"predecessor-version":[{"id":36220,"href":"https:\/\/emlaktuel.com\/index.php?rest_route=\/wp\/v2\/posts\/36218\/revisions\/36220"}],"wp:featuredmedia":[{"embeddable":true,"href":"https:\/\/emlaktuel.com\/index.php?rest_route=\/wp\/v2\/media\/36219"}],"wp:attachment":[{"href":"https:\/\/emlaktuel.com\/index.php?rest_route=%2Fwp%2Fv2%2Fmedia&parent=36218"}],"wp:term":[{"taxonomy":"category","embeddable":true,"href":"https:\/\/emlaktuel.com\/index.php?rest_route=%2Fwp%2Fv2%2Fcategories&post=36218"},{"taxonomy":"post_tag","embeddable":true,"href":"https:\/\/emlaktuel.com\/index.php?rest_route=%2Fwp%2Fv2%2Ftags&post=36218"}],"curies":[{"name":"wp","href":"https:\/\/api.w.org\/{rel}","templated":true}]}}