{"id":36177,"date":"2021-06-30T16:06:22","date_gmt":"2021-06-30T13:06:22","guid":{"rendered":"https:\/\/emlaktuel.com\/?p=36177"},"modified":"2021-06-30T16:06:22","modified_gmt":"2021-06-30T13:06:22","slug":"hitit-gunesi-yeniden-doguyor","status":"publish","type":"post","link":"https:\/\/emlaktuel.com\/?p=36177","title":{"rendered":"Hitit G\u00fcne\u015fi Yeniden Do\u011fuyor"},"content":{"rendered":"<p><strong>Shell Helix 2021 T\u00fcrkiye Ralli \u015eampiyonas\u0131<\/strong>\u00a0ikinci yar\u0131\u015f\u0131 olan\u00a0<strong>47. Hitit Rallisi<\/strong>, 03-04 Temmuz tarihlerinde\u00a0<strong>Ankara Otomobil Sporlar\u0131 Kul\u00fcb\u00fc (ANOK)<\/strong>\u00a0taraf\u0131ndan organize ediliyor.\u00a0<strong>Kahramankazan Belediyesi<\/strong>\u00a0destekleriyle 12 y\u0131l aradan sonra do\u011fdu\u011fu topraklara geri d\u00f6nen organizasyon, ayn\u0131 zamanda T\u00fcrkiye Historic Ralli \u015eampiyonas\u0131 ve \u015eevki G\u00f6kerman Ralli Kupas\u0131\u2019na da 0,8 katsay\u0131 \u00fczerinden puan verecek.<\/p>\n<p>02 Temmuz Cuma g\u00fcn\u00fc yol ke\u015ffi, idari ve teknik kontroller ile ba\u015flayacak organizasyonda, 03 Temmuz Cumartesi g\u00fcn\u00fc saat 12.00\u2019de\u00a0<strong>Bilkent Otel<\/strong>\u00a0\u00f6n\u00fcnde start seremonisi ger\u00e7ekle\u015ftirilecek. Ekipler rallinin ilk g\u00fcn\u00fcnde, Nail Ersoy ad\u0131yla an\u0131lacak olan\u00a0<strong>G\u00fcven\u00e7<\/strong>, Ulvi Erkam ad\u0131yla an\u0131lacak olan\u00a0<strong>U\u00e7ar\u0131<\/strong>, Engin Karaba\u011f ad\u0131yla an\u0131lacak olan ve A\u015fa\u011f\u0131 Kara\u00f6ren mevkinde yer alan\u00a0<strong>\u0130nce\u011fiz<\/strong>\u00a0etaplar\u0131n\u0131 ge\u00e7erek saat 17.30\u2019dan itibaren g\u00fcn\u00fc tamamlayacaklar.<\/p>\n<p>04 Temmuz Pazar g\u00fcn\u00fc sabah 09.00\u2019dan itibaren yeniden direksiyon ba\u015f\u0131na ge\u00e7ecek olan ekipler, ayn\u0131 3 \u00f6zel etab\u0131 bir kez daha ge\u00e7erek saat 14.10\u2019dan itibaren Bilkent Otel\u2019deki fini\u015f podyumunda d\u00fczenlenecek \u00f6d\u00fcl t\u00f6reni ile yar\u0131\u015f\u0131 tamamlam\u0131\u015f olacaklar.\u00a0Toplam uzunlu\u011fu 334,6 kilometre olan rallide, \u00f6zel etaplardaki m\u00fccadele ve etap sonu\u00e7lar\u0131, iki g\u00fcn boyunca\u00a0<strong>ANOK Youtube<\/strong>\u00a0kanal\u0131ndan canl\u0131 olarak aktar\u0131lacak.<\/p>\n<p>Hitit Rallisi \u00f6ncesinde\u00a0<strong>Shell Helix 2021 T\u00fcrkiye Ralli \u015eampiyonas\u0131<\/strong>\u2018nda BC Vision Motorsport tak\u0131m\u0131ndan Bu\u011fra Banaz-G\u00fcrkal Menderes,\u00a0<strong>T\u00fcrkiye Historic Ralli \u015eampiyonas\u0131<\/strong>\u2018nda Parkur Racing\u2019den\u00a0<strong>\u00dcst\u00fcn \u00dcs\u00fcnkaya-Kerim Tar<\/strong>\u00a0ve \u015eevki G\u00f6kerman Ralli Kupas\u0131\u2019nda da pilotlarda Castrol Ford Team T\u00fcrkiye tak\u0131m\u0131ndan\u00a0<strong>Emrah Ali Ba\u015fo<\/strong>, co-pilotlarda ayn\u0131 tak\u0131mdan\u00a0<strong>Sevilay Gen\u00e7<\/strong>\u00a0lider durumda bulunuyor.<\/p>\n","protected":false},"excerpt":{"rendered":"<p>Shell Helix 2021 T\u00fcrkiye Ralli \u015eampiyonas\u0131\u00a0ikinci yar\u0131\u015f\u0131 olan\u00a047. Hitit Rallisi, 03-04 Temmuz tarihlerinde\u00a0Ankara Otomobil Sporlar\u0131 Kul\u00fcb\u00fc (ANOK)\u00a0taraf\u0131ndan organize ediliyor.\u00a0Kahramankazan Belediyesi\u00a0destekleriyle 12 y\u0131l aradan sonra do\u011fdu\u011fu topraklara geri d\u00f6nen organizasyon, ayn\u0131 zamanda T\u00fcrkiye Historic Ralli \u015eampiyonas\u0131 ve \u015eevki G\u00f6kerman Ralli Kupas\u0131\u2019na da 0,8 katsay\u0131 \u00fczerinden puan verecek. 02 Temmuz Cuma g\u00fcn\u00fc yol ke\u015ffi, idari ve teknik [&hellip;]<\/p>\n","protected":false},"author":1,"featured_media":36179,"comment_status":"open","ping_status":"open","sticky":false,"template":"","format":"standard","meta":{"ngg_post_thumbnail":0},"categories":[5215],"tags":[15453],"_links":{"self":[{"href":"https:\/\/emlaktuel.com\/index.php?rest_route=\/wp\/v2\/posts\/36177"}],"collection":[{"href":"https:\/\/emlaktuel.com\/index.php?rest_route=\/wp\/v2\/posts"}],"about":[{"href":"https:\/\/emlaktuel.com\/index.php?rest_route=\/wp\/v2\/types\/post"}],"author":[{"embeddable":true,"href":"https:\/\/emlaktuel.com\/index.php?rest_route=\/wp\/v2\/users\/1"}],"replies":[{"embeddable":true,"href":"https:\/\/emlaktuel.com\/index.php?rest_route=%2Fwp%2Fv2%2Fcomments&post=36177"}],"version-history":[{"count":1,"href":"https:\/\/emlaktuel.com\/index.php?rest_route=\/wp\/v2\/posts\/36177\/revisions"}],"predecessor-version":[{"id":36180,"href":"https:\/\/emlaktuel.com\/index.php?rest_route=\/wp\/v2\/posts\/36177\/revisions\/36180"}],"wp:featuredmedia":[{"embeddable":true,"href":"https:\/\/emlaktuel.com\/index.php?rest_route=\/wp\/v2\/media\/36179"}],"wp:attachment":[{"href":"https:\/\/emlaktuel.com\/index.php?rest_route=%2Fwp%2Fv2%2Fmedia&parent=36177"}],"wp:term":[{"taxonomy":"category","embeddable":true,"href":"https:\/\/emlaktuel.com\/index.php?rest_route=%2Fwp%2Fv2%2Fcategories&post=36177"},{"taxonomy":"post_tag","embeddable":true,"href":"https:\/\/emlaktuel.com\/index.php?rest_route=%2Fwp%2Fv2%2Ftags&post=36177"}],"curies":[{"name":"wp","href":"https:\/\/api.w.org\/{rel}","templated":true}]}}