{"id":36088,"date":"2021-06-23T15:30:27","date_gmt":"2021-06-23T12:30:27","guid":{"rendered":"https:\/\/emlaktuel.com\/?p=36088"},"modified":"2021-06-23T15:30:27","modified_gmt":"2021-06-23T12:30:27","slug":"ege-ve-akdeniz-kiyilarinda-108-bin-metrekare-hazine-arazisi-ozellestiriliyor","status":"publish","type":"post","link":"https:\/\/emlaktuel.com\/?p=36088","title":{"rendered":"Ege ve Akdeniz k\u0131y\u0131lar\u0131nda 108 bin metrekare hazine arazisi \u00f6zelle\u015ftiriliyor"},"content":{"rendered":"<p>\u00dclkemizin Ege ve Akdeniz k\u0131y\u0131lar\u0131nda yer alan Adana,\u00a0Mu\u011fla\u00a0ve\u00a0\u0130zmir illerimizde denize s\u0131f\u0131r olan 108 bin metrekare b\u00fcy\u00fckl\u00fc\u011f\u00fcnde Hazine arazisi \u00f6zelle\u015ftirmesi i\u00e7in ihaleye \u00e7\u0131kar\u0131lacak.<\/p>\n<h2><strong>Adana Karata\u015f\u2019ta 40 bin metrekare arazi<\/strong><\/h2>\n<p>\u00d6zelle\u015ftirme \u0130daresi Ba\u015fkanl\u0131\u011f\u0131\u2019nca (\u00d6\u0130B)\u00a0yap\u0131lan duyuruyla Akdenize k\u0131y\u0131s\u0131 olanAdana\u2019n\u0131n Karata\u015f il\u00e7esinde yakla\u015f\u0131k olarak 40 bin metrekare b\u00fcy\u00fckl\u00fc\u011f\u00fcndeki arazi sat\u0131\u015fa \u00e7\u0131kar\u0131ld\u0131. Yakla\u015f\u0131k olarak 15 bin metrekaresi denize s\u0131f\u0131r olan ve plaj\u0131 olan ta\u015f\u0131nmaz arazi 4 milyon lira ge\u00e7ici bir teminatla 49 seneli\u011fine \u00f6zelle\u015ftirilecek.<\/p>\n<h2><strong>\u0130zmir Alia\u011fa, Fo\u00e7a ve \u00c7e\u015fme\u2019de bulunan araziler<\/strong><\/h2>\n<p>Ege denizine k\u0131y\u0131s\u0131 olan \u0130zmir ilimizin Alia\u011fa il\u00e7esinde denize yak\u0131n b\u00f6lgede 39 bin 862 metrekare arazi yat\u0131r\u0131mc\u0131lara sunuldu. Kullanma izin y\u00f6ntemiyle \u00f6zelle\u015ftirilecek arazi i\u00e7in istenen mebla 4 milyon lira ge\u00e7ici teminat.<\/p>\n<p>\u0130zmir Fo\u00e7a\u2019da ise T\u00fcrkiye\u2019nin ilk tatil k\u00f6y\u00fc olarak hizmete a\u00e7\u0131lan Fo\u00e7a Tatil K\u00f6y\u00fc\u2019n\u00fcn i\u015fletme hakk\u0131n\u0131n verilmesi karara ba\u011fland\u0131. Ta\u015f\u0131nmazlar Bahreynli bir \u015firkete 131 milyon lira bedelle 49 y\u0131ll\u0131\u011f\u0131na \u00f6zelle\u015ftirildi.<\/p>\n<p>\u00c7e\u015fme\u2019de daha \u00f6nce ihaleye \u00e7\u0131k\u0131lan 6 bin metrekare arazi i\u00e7in 74 milyon lira bedel bi\u00e7ildi.<\/p>\n<h2><strong>Bodrum Bitez\u2019de 29 d\u00f6n\u00fcm arazi<\/strong><\/h2>\n<p>Di\u011fer \u00f6zelle\u015ftirmesine karar verilen yer ise Bodrum\u2019dan geldi. Mu\u011fla\u2019n\u0131n Bodrum il\u00e7esi Bitez mahallesinde 29 bin 130 metrekarelik arazi i\u00e7in ihale a\u00e7\u0131ld\u0131. Bir k\u0131sm\u0131 denize s\u0131f\u0131r olan bu arazi i\u00e7inse 10 milyon lira ge\u00e7ici teminat istendi.<\/p>\n<div class=\"td-a-rec td-a-rec-id-content_bottom  tdi_2_d80 td_block_template_1\">\n<div id=\"wpcf7-f167807-p250527-o1\" class=\"wpcf7\" dir=\"ltr\" lang=\"tr-TR\" role=\"form\">\n<div class=\"screen-reader-response\"><\/div>\n<\/div>\n<\/div>\n","protected":false},"excerpt":{"rendered":"<p>\u00dclkemizin Ege ve Akdeniz k\u0131y\u0131lar\u0131nda yer alan Adana,\u00a0Mu\u011fla\u00a0ve\u00a0\u0130zmir illerimizde denize s\u0131f\u0131r olan 108 bin metrekare b\u00fcy\u00fckl\u00fc\u011f\u00fcnde Hazine arazisi \u00f6zelle\u015ftirmesi i\u00e7in ihaleye \u00e7\u0131kar\u0131lacak. Adana Karata\u015f\u2019ta 40 bin metrekare arazi \u00d6zelle\u015ftirme \u0130daresi Ba\u015fkanl\u0131\u011f\u0131\u2019nca (\u00d6\u0130B)\u00a0yap\u0131lan duyuruyla Akdenize k\u0131y\u0131s\u0131 olanAdana\u2019n\u0131n Karata\u015f il\u00e7esinde yakla\u015f\u0131k olarak 40 bin metrekare b\u00fcy\u00fckl\u00fc\u011f\u00fcndeki arazi sat\u0131\u015fa \u00e7\u0131kar\u0131ld\u0131. Yakla\u015f\u0131k olarak 15 bin metrekaresi denize s\u0131f\u0131r olan [&hellip;]<\/p>\n","protected":false},"author":1,"featured_media":36089,"comment_status":"open","ping_status":"open","sticky":false,"template":"","format":"standard","meta":{"ngg_post_thumbnail":0},"categories":[5388],"tags":[11478,15429,3207,4413,13613],"_links":{"self":[{"href":"https:\/\/emlaktuel.com\/index.php?rest_route=\/wp\/v2\/posts\/36088"}],"collection":[{"href":"https:\/\/emlaktuel.com\/index.php?rest_route=\/wp\/v2\/posts"}],"about":[{"href":"https:\/\/emlaktuel.com\/index.php?rest_route=\/wp\/v2\/types\/post"}],"author":[{"embeddable":true,"href":"https:\/\/emlaktuel.com\/index.php?rest_route=\/wp\/v2\/users\/1"}],"replies":[{"embeddable":true,"href":"https:\/\/emlaktuel.com\/index.php?rest_route=%2Fwp%2Fv2%2Fcomments&post=36088"}],"version-history":[{"count":1,"href":"https:\/\/emlaktuel.com\/index.php?rest_route=\/wp\/v2\/posts\/36088\/revisions"}],"predecessor-version":[{"id":36090,"href":"https:\/\/emlaktuel.com\/index.php?rest_route=\/wp\/v2\/posts\/36088\/revisions\/36090"}],"wp:featuredmedia":[{"embeddable":true,"href":"https:\/\/emlaktuel.com\/index.php?rest_route=\/wp\/v2\/media\/36089"}],"wp:attachment":[{"href":"https:\/\/emlaktuel.com\/index.php?rest_route=%2Fwp%2Fv2%2Fmedia&parent=36088"}],"wp:term":[{"taxonomy":"category","embeddable":true,"href":"https:\/\/emlaktuel.com\/index.php?rest_route=%2Fwp%2Fv2%2Fcategories&post=36088"},{"taxonomy":"post_tag","embeddable":true,"href":"https:\/\/emlaktuel.com\/index.php?rest_route=%2Fwp%2Fv2%2Ftags&post=36088"}],"curies":[{"name":"wp","href":"https:\/\/api.w.org\/{rel}","templated":true}]}}