{"id":36083,"date":"2021-06-23T15:17:44","date_gmt":"2021-06-23T12:17:44","guid":{"rendered":"https:\/\/emlaktuel.com\/?p=36083"},"modified":"2021-06-23T15:17:44","modified_gmt":"2021-06-23T12:17:44","slug":"emlak-konut-gyodan-yeni-proje-meydan-basaksehir-satisa-cikti","status":"publish","type":"post","link":"https:\/\/emlaktuel.com\/?p=36083","title":{"rendered":"Emlak Konut GYO&#8217;dan yeni proje &#8216;Meydan Ba\u015fak\u015fehir&#8217; sat\u0131\u015fa \u00e7\u0131kt\u0131"},"content":{"rendered":"<p>Emlak Konut GYO taraf\u0131ndan \u0130stanbul Ba\u015fak\u015fehir\u2019de 63 bin 474 metrekare arazi \u00fczerinde Som Plus Yap\u0131, \u0130ntek Konut, Hak Global ve Nur Group ortakl\u0131\u011f\u0131 ile Emlak Konut g\u00fcvencesinde hayata ge\u00e7irilecek olan Meydan Ba\u015fak\u015fehir projesi 21 haziran 2021&#8217;de sat\u0131\u015fa \u00e7\u0131kar\u0131ld\u0131.<\/p>\n<p>375 dairenin in\u015fa edilece\u011fi yeni projede\u00a02+1, 3+1, 4+1 ve 5+1 kat planlar\u0131nda in\u015faa edilecek konutlar\u0131n yan\u0131 s\u0131ra ayr\u0131ca \u00c7ar\u015f\u0131 Meydan\u0131\u2019nda a\u00e7\u0131k hava konseptinde faaliyet g\u00f6sterecek olan ticari ma\u011fazalar da olacak.<\/p>\n<p><img loading=\"lazy\" class=\"aligncenter size-full wp-image-36084\" src=\"https:\/\/emlaktuel.com\/wp-content\/uploads\/2021\/06\/meydan-basaksehir-arsasi.jpg\" alt=\"\" width=\"600\" height=\"400\" \/><\/p>\n<p>\u0130stanbul Ba\u015fak\u015fehir&#8217;de G\u00f6\u00e7men Konutlar\u0131\u2019n\u0131n yan\u0131nda geli\u015ftirilen yeni projenin Emlak Konut GYO taraf\u0131ndan d\u00fczenlenen ihalesi sonucunda ihaleyi kazanan ortakl\u0131k yap\u0131s\u0131 arsa sat\u0131\u015f\u0131 kar\u015f\u0131l\u0131\u011f\u0131 sat\u0131\u015f toplam geliri olarak 1 milyar 690 milyon TL, arsa sat\u0131\u015f\u0131 kar\u015f\u0131l\u0131\u011f\u0131 \u015firket pay\u0131 toplam geliri olarak ise 625 milyon 300 bin TL teklif verilmi\u015fti.<\/p>\n<p>&nbsp;<\/p>\n<div class=\"td-a-rec td-a-rec-id-content_bottom  tdi_2_d80 td_block_template_1\">\n<div id=\"wpcf7-f167807-p250459-o1\" class=\"wpcf7\" dir=\"ltr\" lang=\"tr-TR\" role=\"form\">\n<div class=\"screen-reader-response\"><\/div>\n<form class=\"wpcf7-form init\" action=\"https:\/\/www.emlakdream.com\/emlak-konutun-yeni-projesi-meydan-basaksehir-satisa-sunuldu\/#wpcf7-f167807-p250459-o1\" method=\"post\" novalidate=\"novalidate\" data-status=\"init\"><\/form>\n<\/div>\n<\/div>\n","protected":false},"excerpt":{"rendered":"<p>Emlak Konut GYO taraf\u0131ndan \u0130stanbul Ba\u015fak\u015fehir\u2019de 63 bin 474 metrekare arazi \u00fczerinde Som Plus Yap\u0131, \u0130ntek Konut, Hak Global ve Nur Group ortakl\u0131\u011f\u0131 ile Emlak Konut g\u00fcvencesinde hayata ge\u00e7irilecek olan Meydan Ba\u015fak\u015fehir projesi 21 haziran 2021&#8217;de sat\u0131\u015fa \u00e7\u0131kar\u0131ld\u0131. 375 dairenin in\u015fa edilece\u011fi yeni projede\u00a02+1, 3+1, 4+1 ve 5+1 kat planlar\u0131nda in\u015faa edilecek konutlar\u0131n yan\u0131 s\u0131ra [&hellip;]<\/p>\n","protected":false},"author":1,"featured_media":36085,"comment_status":"open","ping_status":"open","sticky":false,"template":"","format":"standard","meta":{"ngg_post_thumbnail":0},"categories":[221],"tags":[78,4737,15427,15428],"_links":{"self":[{"href":"https:\/\/emlaktuel.com\/index.php?rest_route=\/wp\/v2\/posts\/36083"}],"collection":[{"href":"https:\/\/emlaktuel.com\/index.php?rest_route=\/wp\/v2\/posts"}],"about":[{"href":"https:\/\/emlaktuel.com\/index.php?rest_route=\/wp\/v2\/types\/post"}],"author":[{"embeddable":true,"href":"https:\/\/emlaktuel.com\/index.php?rest_route=\/wp\/v2\/users\/1"}],"replies":[{"embeddable":true,"href":"https:\/\/emlaktuel.com\/index.php?rest_route=%2Fwp%2Fv2%2Fcomments&post=36083"}],"version-history":[{"count":1,"href":"https:\/\/emlaktuel.com\/index.php?rest_route=\/wp\/v2\/posts\/36083\/revisions"}],"predecessor-version":[{"id":36086,"href":"https:\/\/emlaktuel.com\/index.php?rest_route=\/wp\/v2\/posts\/36083\/revisions\/36086"}],"wp:featuredmedia":[{"embeddable":true,"href":"https:\/\/emlaktuel.com\/index.php?rest_route=\/wp\/v2\/media\/36085"}],"wp:attachment":[{"href":"https:\/\/emlaktuel.com\/index.php?rest_route=%2Fwp%2Fv2%2Fmedia&parent=36083"}],"wp:term":[{"taxonomy":"category","embeddable":true,"href":"https:\/\/emlaktuel.com\/index.php?rest_route=%2Fwp%2Fv2%2Fcategories&post=36083"},{"taxonomy":"post_tag","embeddable":true,"href":"https:\/\/emlaktuel.com\/index.php?rest_route=%2Fwp%2Fv2%2Ftags&post=36083"}],"curies":[{"name":"wp","href":"https:\/\/api.w.org\/{rel}","templated":true}]}}