{"id":36071,"date":"2021-06-23T12:35:02","date_gmt":"2021-06-23T09:35:02","guid":{"rendered":"https:\/\/emlaktuel.com\/?p=36071"},"modified":"2021-06-23T15:20:01","modified_gmt":"2021-06-23T12:20:01","slug":"gyoder-yonetim-kurulu-baskanligina-mehmet-kalyoncu-secildi","status":"publish","type":"post","link":"https:\/\/emlaktuel.com\/?p=36071","title":{"rendered":"GYODER Y\u00f6netim Kurulu Ba\u015fkanl\u0131\u011f\u0131&#8217;na Mehmet Kalyoncu se\u00e7ildi"},"content":{"rendered":"<p><strong>GYODER Genel Kurulu\u2019nda de\u011fi\u015fim hamlesi:\u00a0GYODER\u2019in ismi \u2018Gayrimenkul Yat\u0131r\u0131mc\u0131lar\u0131 Derne\u011fi\u2019 olarak de\u011fi\u015fti<\/strong>. \u00c7evreve<strong>\u00a0\u015eehircilik Bakan\u0131 Murat Kurum:\u00a0<\/strong><strong>\u201cGYODER gelece\u011fin \u015fehirlerinin in\u015fas\u0131nda adeta domino g\u00f6revi g\u00f6r\u00fcyor\u201d<\/strong><\/p>\n<p><strong>GYODER Y\u00f6netim Kurulu Ba\u015fkan\u0131 Mehmet Kalyoncu:<br \/>\n\u201cGayrimenkul sekt\u00f6r\u00fcn\u00fcn birle\u015ftirici g\u00fcc\u00fc GYODER,<br \/>\nyeni kimli\u011fi ile daha g\u00fc\u00e7l\u00fc\u201d<\/strong><\/p>\n<p><strong>T\u00fcrkiye gayrimenkul sekt\u00f6r\u00fcn\u00fcn \u00e7at\u0131 kurulu\u015fu GYODER, 21\u2019inci Ola\u011fan Se\u00e7imli Genel Kurulu\u2019nu ger\u00e7ekle\u015ftirdi. \u00c7evre ve \u015eehircilik Bakan\u0131 Murat Kurum\u2019un da kat\u0131ld\u0131\u011f\u0131 genel kurulda, ge\u00e7en y\u0131l Y\u00f6netim Kurulu karar\u0131 ile GYODER Ba\u015fkanl\u0131\u011f\u0131\u2019n\u0131 \u00fcstlenen Mehmet Kalyoncu oy birli\u011fi ile Y\u00f6netim Kurulu Ba\u015fkanl\u0131\u011f\u0131na se\u00e7ildi. \u00c7evre ve \u015eehircilik Bakan\u0131 Murat Kurum, GYODER\u2019in \u2018<\/strong><strong>Birlikten G\u00fc\u00e7 Do\u011far\u2019 anlay\u0131\u015f\u0131yla, gelece\u011fin \u015fehirlerinin in\u015fas\u0131nda sahada etkin g\u00fc\u00e7 ve adeta bir dinamo g\u00f6revi g\u00f6rd\u00fc\u011f\u00fcn\u00fc vurgulad\u0131.<\/strong><\/p>\n<p><strong>Yakla\u015f\u0131k bir y\u0131ld\u0131r kurumsal kimlik \u00e7al\u0131\u015fmas\u0131na a\u011f\u0131rl\u0131k verdiklerini ve\u00a0<\/strong><strong>GYODER\u2019in kimli\u011finin daha yenilik\u00e7i bir yap\u0131ya sahip olmas\u0131n\u0131 hedeflediklerini vurgulayan\u00a0<\/strong><strong>GYODER Y\u00f6netim Kurulu Ba\u015fkan\u0131 Mehmet Kalyoncu, \u201cGayrimenkul ve Gayrimenkul Yat\u0131r\u0131m Ortakl\u0131\u011f\u0131 Derne\u011fi olan ismimizi, \u00fcyelerimizin onay\u0131 ile Gayrimenkul Yat\u0131r\u0131mc\u0131lar\u0131 Derne\u011fi olarak de\u011fi\u015ftirdik. Gayrimenkul sekt\u00f6r\u00fcn\u00fcn birle\u015ftirici g\u00fcc\u00fc olan GYODER\u2019in birlik olu\u015fturma becerisini, yeni ismimizle daha g\u00fc\u00e7l\u00fc ve etkin bir \u015fekilde s\u00fcrd\u00fcrece\u011fiz\u201d dedi. \u00a0<\/strong><\/p>\n<p>GYODER\u2019in ge\u00e7en y\u0131l ger\u00e7ekle\u015ftirmeyi planlad\u0131\u011f\u0131 21. Ola\u011fan Se\u00e7imli Genel Kurul Toplant\u0131s\u0131, \u0130\u00e7i\u015fleri Bakanl\u0131\u011f\u0131\u2019n\u0131n pandemi nedeniyle ald\u0131\u011f\u0131 \u00f6nlemler kapsam\u0131nda yap\u0131lamam\u0131\u015ft\u0131. D\u00f6nemin GYODER Ba\u015fkan\u0131\u00a0Prof. Dr. Feyzullah Yetgin\u2019in iki d\u00f6nemdir y\u00fcr\u00fctt\u00fc\u011f\u00fc ba\u015fkanl\u0131k g\u00f6revinden istifa etmesi \u00fczerine, 11 Haziran 2020 tarihinde toplanan GYODER Y\u00f6netim Kurulu\u2019nun oy birli\u011fi ile ald\u0131\u011f\u0131 karar sonucu GYODER Ba\u015fkanl\u0131\u011f\u0131\u2019n\u0131\u00a0Kalyon Holding Y\u00f6netim Kurulu \u00dcyesi\u00a0<strong>Mehmet Kalyoncu<\/strong>\u00a0\u00fcstlendi. Pandemi nedeniyle yakla\u015f\u0131k bir y\u0131l sonra,\u00a022 Haziran 2021 tarihinde Radisson Blu Hotel Vadistanbul\u2019da d\u00fczenlenen GYODER 21\u2019inci Ola\u011fan Se\u00e7imli Genel Kurulu,\u00a0<strong>\u00c7evre ve \u015eehircilik Bakan\u0131 Murat Kurum<\/strong>\u2019un kat\u0131l\u0131m\u0131yla ger\u00e7ekle\u015ftirildi.<\/p>\n<p>&nbsp;<\/p>\n<h2><strong>GYODER sekt\u00f6r\u00fcm\u00fcz\u00fc ba\u015far\u0131yla temsil ediyor<\/strong><\/h2>\n<p>&nbsp;<\/p>\n<p>Konu\u015fmas\u0131nda GYODER\u2019in uzun y\u0131llard\u0131r gayrimenkul sekt\u00f6r\u00fcn\u00fcn\u00a0geli\u015fimi ve s\u00fcrd\u00fcr\u00fclebilir b\u00fcy\u00fcmesine \u00f6nc\u00fcl\u00fck eden kurulu\u015flar\u0131n ba\u015f\u0131nda geldi\u011fini vurgulayan\u00a0<strong>\u00c7evre ve \u015eehircilik Bakan\u0131 Murat Kurum,\u00a0<\/strong>\u201cGe\u00e7mi\u015f y\u0131llara bakt\u0131\u011f\u0131m\u0131zda her ba\u015fkan yeni bir vizyonla hem sekt\u00f6re hem derne\u011fimize hem de yap\u0131lan projelere katk\u0131 sa\u011fl\u0131yor. GYODER 224 kurumsal \u00fcyesi ile yap\u0131 sekt\u00f6r\u00fcm\u00fcz\u00fc ulusal ve uluslararas\u0131 alanda ba\u015far\u0131yla temsil ediyor. &#8216;Birlikten G\u00fc\u00e7 Do\u011far&#8217; anlay\u0131\u015f\u0131yla gelece\u011fin \u015fehirlerinin in\u015fas\u0131nda sahada etkin g\u00fc\u00e7 ve adeta bir dinamo g\u00f6revi g\u00f6r\u00fcyor. Sivil toplum kurulu\u015flar\u0131 ve kamu kurumlar\u0131 ile y\u00fcr\u00fct\u00fclen i\u015f birli\u011fi, sekt\u00f6r\u00fcn b\u00fct\u00fcnc\u00fcl yakla\u015f\u0131mlar sergilemesine, uyum i\u00e7erisinde \u00e7al\u0131\u015fmas\u0131na da b\u00fcy\u00fck katk\u0131lar sa\u011fl\u0131yor\u201d diye konu\u015ftu.<\/p>\n<p>&nbsp;<\/p>\n<p>N\u00fcfus art\u0131\u015f\u0131yla birlikte yeni \u015fehirler, yeni uydu kentlere ihtiya\u00e7 duyulaca\u011f\u0131n\u0131 belirten\u00a0<strong>Murat Kurum<\/strong>, \u015funlar\u0131 s\u00f6yledi: \u201cEski sa\u011fl\u0131ks\u0131z yap\u0131 stokunun da bir an \u00f6nce d\u00f6n\u00fc\u015fmesi gerekiyor. D\u00fcnyada yap\u0131 sekt\u00f6r\u00fc sadece ticari de\u011fil stratejik bir \u00f6neme de sahip olacak. D\u00fcnyan\u0131n her yerinde oldu\u011fu gibi \u00fclkemizde de in\u015faat sekt\u00f6r\u00fc ekonomik b\u00fcy\u00fcmenin lokomotifi olma \u00f6zelli\u011fini ta\u015f\u0131yor, ta\u015f\u0131maya da devam edecek. \u00a0M\u00fcteahhitlik firmalar\u0131m\u0131zca 1972&#8217;den 2020 y\u0131l\u0131na kadar, 128 \u00fclkede \u00fcstlenilen 10 bin 725 projenin toplam bedeli 425 milyar dolar oldu. D\u00fcnyan\u0131n en \u00a0b\u00fcy\u00fck 250 m\u00fcteahhidi listesinde T\u00fcrkiye, \u00c7in&#8217;den sonra 44 m\u00fcteahhidimizle ikinci, \u00a0Amerika ise \u00fc\u00e7\u00fcnc\u00fc s\u0131rada yer al\u0131yor. Bu anlamda yap\u0131 sekt\u00f6r\u00fcm\u00fcz t\u00fcm d\u00fcnyada ba\u015far\u0131lar\u0131yla g\u00f6\u011fs\u00fcm\u00fcz\u00fc kabartmaya devam ediyor. T\u00fcrk in\u015faat sekt\u00f6r\u00fc olarak hem \u00fcreticilerimiz\u00a0hem \u00fcretim kalitemiz\u00a0hem yap\u0131 malzemeleri \u00fcretimi noktas\u0131nda \u00e7ok g\u00fc\u00e7l\u00fc bir insan kayna\u011f\u0131 ve altyap\u0131ya sahibiz.\u00a0T\u00fcrkiye\u2019de in\u015faat sekt\u00f6r\u00fc yakla\u015f\u0131k 2 milyon ki\u015fiye istihdam sa\u011fl\u0131yor. Aileleriyle birlikte bakt\u0131\u011f\u0131m\u0131zda toplam 8 milyon ki\u015fi ediyor ki bu da n\u00fcfusumuzun neredeyse y\u00fczde 10\u2019un in\u015faat sekt\u00f6r\u00fcnden ge\u00e7imini sa\u011flad\u0131\u011f\u0131n\u0131 g\u00f6steriyor.\u00a0T\u00fcm bunlara ba\u011fl\u0131 olarak\u00a0gayrimenkul ve yap\u0131 sekt\u00f6r\u00fcn\u00fcn \u00f6nemi her ge\u00e7en g\u00fcn daha da art\u0131yor. Bug\u00fcn bu\u00a0de\u011feri en y\u00fcksek noktaya ta\u015f\u0131ma ve s\u00f6z sahibi yapma noktas\u0131nda GYODER \u00e7ok b\u00fcy\u00fck\u00a0bir rol oynamaktad\u0131r.&#8221;<\/p>\n<p>&nbsp;<\/p>\n<h2><strong>GYODER yeni kimli\u011fi ile daha yenilik\u00e7i bir yap\u0131ya b\u00fcr\u00fcnecek<\/strong><\/h2>\n<p>GYODER\u2019de yakla\u015f\u0131k bir y\u0131l boyunca ger\u00e7ekle\u015ftirdikleri \u00e7al\u0131\u015fmalar\u0131 \u00f6zetleyerek, \u00fcstlendi\u011fi ba\u015fkanl\u0131k g\u00f6revini b\u00fcy\u00fck bir heyecanla s\u00fcrd\u00fcrece\u011fini belirten\u00a0<strong>GYODER Y\u00f6netim Kurulu Ba\u015fkan\u0131 Mehmet Kalyoncu<\/strong>, yeni hedefler do\u011frultusunda GYODER\u2019in kimli\u011finin daha yenilik\u00e7i bir yap\u0131ya b\u00fcr\u00fcnece\u011fini vurgulad\u0131.<\/p>\n<p>Bug\u00fcn d\u00fcnyada sivil toplum kurulu\u015flar\u0131n\u0131n da yeniden \u015fekillendi\u011fini ifade eden\u00a0<strong>Mehmet Kalyoncu<\/strong>, \u201c\u00dclkemizin en \u00f6nemli sekt\u00f6rlerinden birinin \u00e7at\u0131 kurulu\u015fu, alan\u0131n\u0131n \u00f6nde gelen fikir ve uygulama platformu olarak gereken d\u00f6n\u00fc\u015f\u00fcm\u00fc biz ger\u00e7ekle\u015ftirmeliyiz. Sekt\u00f6re \u00f6nc\u00fcl\u00fck ederken, ilerleyi\u015fi sistematik hale getirerek, insan\u0131 merkeze alan bir anlay\u0131\u015f olu\u015fturmal\u0131y\u0131z.\u00a0T\u00fcm bunlardan yola \u00e7\u0131karak GYODER\u2019in k\u00f6kl\u00fcl\u00fc\u011f\u00fcn\u00fc ve itibar\u0131n\u0131 koruyan, markala\u015fma s\u00fcrecini kolayla\u015ft\u0131rmay\u0131 ve alg\u0131s\u0131n\u0131 g\u00fc\u00e7lendirmeyi hedefleyen bir kurumsal kimlik \u00e7al\u0131\u015fmas\u0131n\u0131 hayata ge\u00e7irdik. B\u00f6ylece GYODER\u2019in yeni kurumsal kimli\u011fi ile birlikte yeni logo ve tasar\u0131m standartlar\u0131 da de\u011fi\u015fti\u201d dedi.<\/p>\n<p>\u201cGayrimenkul sekt\u00f6r\u00fcn\u00fcn birle\u015ftirici g\u00fcc\u00fc olan GYODER\u2019in birlik olu\u015fturma becerisi, yeni ismimiz ve logomuza da yans\u0131d\u0131\u201d diyen\u00a0<strong>Mehmet Kalyoncu<\/strong>\u00a0\u015f\u00f6yle devam etti: \u201cT\u00fcm bu de\u011ferlendirmelerin \u0131\u015f\u0131\u011f\u0131nda yeni logomuzla birlikte\u00a0Gayrimenkul ve Gayrimenkul Yat\u0131r\u0131m Ortakl\u0131\u011f\u0131 Derne\u011fi\u00a0olan ismimizi, \u00fcyelerimizin de onay\u0131 ile\u00a0Gayrimenkul Yat\u0131r\u0131mc\u0131lar\u0131 Derne\u011fi\u00a0olarak de\u011fi\u015ftirdik. \u0130leti\u015fimin \u00e7ok h\u0131zl\u0131 seyretti\u011fi bir d\u00f6nemde daha yal\u0131n ve g\u00fc\u00e7l\u00fc bir ileti\u015fim yapabilmek i\u00e7in \u00e7ok uzun ve \u00f6zellikle \u0130ngilizcesinin zor anla\u015f\u0131ld\u0131\u011f\u0131 ismimizi g\u00fcncellemenin faydalar\u0131n\u0131 \u00e7ok\u00e7a g\u00f6rece\u011fimize eminiz. Ayr\u0131ca GYODER kuruldu\u011funda sadece GYO\u2019lar varken bug\u00fcn GYF\u2019ler, Altyap\u0131 GYO\u2019lar\u0131, Gayrimenkul Sertifikas\u0131 gibi ara\u00e7lar\u0131n da var olmas\u0131ndan dolay\u0131 \u2018Gayrimenkul Yat\u0131r\u0131mc\u0131lar\u0131\u2019 \u015feklinde bir \u00e7er\u00e7eve olu\u015fturmak daha isabetli olacakt\u0131r. \u00d6te yandan bir sivil toplum kurulu\u015fu olarak yat\u0131r\u0131m kavram\u0131 bizim i\u00e7in daha derin anlamlar da ifade ediyor. GYODER \u00e7at\u0131s\u0131 alt\u0131nda bir\u00e7ok firma, giri\u015fimci ve gen\u00e7 \u00fcyelerimiz de, sa\u011flad\u0131\u011f\u0131m\u0131z e\u011fitim, bulu\u015fma ve etkinliklerle asl\u0131nda gelece\u011fine yat\u0131r\u0131m yap\u0131yor.\u201d<\/p>\n<h2><strong>\u00dcretti\u011fimiz her proje kendi \u00e7ocuklar\u0131m\u0131za lay\u0131k g\u00f6rd\u00fc\u011f\u00fcm\u00fcz nitelikte olmal\u0131<\/strong><\/h2>\n<p>Gayrimenkul sekt\u00f6r\u00fcn\u00fc\u00a0\u00e7ok hareketli ve farkl\u0131 bir d\u00f6nemin bekledi\u011fini belirten\u00a0<strong>Mehmet Kalyoncu<\/strong>, \u201cBundan sonra bir\u00e7ok yenilik hayat\u0131m\u0131z\u0131, ekonomimizi, sekt\u00f6r\u00fcm\u00fcz\u00fc hatta bireysel al\u0131\u015fkanl\u0131klar\u0131m\u0131z\u0131 etkileyecek. GYODER Ailesi olarak, hep birlikte sekt\u00f6r\u00fcm\u00fcz\u00fc bu yeni d\u00fcnyaya haz\u0131rlamak zorunday\u0131z. Yenilikleri ka\u00e7\u0131rma, geride kalma l\u00fcks\u00fcm\u00fcz yok. Biz bu yeni d\u00fcnyaya haz\u0131rlanman\u0131n,\u00a0<strong>3T<\/strong>\u00a0olarak k\u0131saltt\u0131\u011f\u0131m\u0131z prensiplerle g\u00fc\u00e7lendirilmi\u015f bir k\u00fclt\u00fcrle m\u00fcmk\u00fcn olabilece\u011fine inan\u0131yoruz. \u2018Tabiat\u2019, \u2018teknoloji\u2019 ve \u2018tasar\u0131m\u2019. Sekt\u00f6r\u00fcm\u00fcz\u00fcn do\u011faya sayg\u0131l\u0131, teknolojinin en g\u00fcncel imkanlar\u0131ndan faydalanan ve iyi tasarlanm\u0131\u015f projeler \u00fcretme motivasyonuyla hareket etmesi ve \u00fcretti\u011fimiz her bir projenin, \u00e7akt\u0131\u011f\u0131m\u0131z her bir \u00e7ivinin \u015fehirlerimize bir iz b\u0131rakt\u0131\u011f\u0131n\u0131n bilincinde olmas\u0131 gerekiyor. \u00dcretti\u011fimiz her proje kendi \u00e7ocuklar\u0131m\u0131za lay\u0131k g\u00f6rd\u00fc\u011f\u00fcm\u00fcz nitelikte olmal\u0131\u201d diye konu\u015ftu.<\/p>\n<h2><strong>9 ana ba\u015fl\u0131k alt\u0131nda s\u00fcrd\u00fcrd\u00fc\u011f\u00fcm\u00fcz \u00e7al\u0131\u015fmalar\u0131 daha da h\u0131zland\u0131raca\u011f\u0131z<\/strong><\/h2>\n<p><strong>Mehmet Kalyoncu<\/strong>, GYODER Ba\u015fkan\u0131 olarak ge\u00e7irdi\u011fi bir y\u0131ll\u0131k s\u00fcre i\u00e7inde, 9 ana ba\u015fl\u0131k alt\u0131nda; \u2018\u00dclkemizde gayrimenkul sekt\u00f6r\u00fcn\u00fcn alg\u0131s\u0131n\u0131 iyile\u015ftirmek\u2019, \u2018GYO\u2019lar\u0131n ve sekt\u00f6r\u00fcm\u00fcz\u00fcn sermaye piyasalar\u0131nda rol almas\u0131n\u0131 sa\u011flayan di\u011fer ara\u00e7lar\u0131n \u00f6n\u00fcn\u00fc a\u00e7mak\u2019, \u2018Sekt\u00f6r\u00fcm\u00fcz\u00fc akademi ile daha fazla yak\u0131nla\u015ft\u0131rmak, ara\u015ft\u0131rmaya de\u011fer veren bir sekt\u00f6r olmas\u0131na katk\u0131 sa\u011flamak\u2019, \u2018Sekt\u00f6r\u00fcm\u00fcz\u00fcn insan kayna\u011f\u0131 niteli\u011fini y\u00fckseltmek\u2019, \u2018D\u00fcnyada T\u00fcrkiye gayrimenkul sekt\u00f6r\u00fcn\u00fc tan\u0131tmak\u2019, \u2018T\u00fcrkiye\u2019de faaliyet g\u00f6steren yabanc\u0131 kurumsal gayrimenkul firmalar\u0131n\u0131n problemlerinin \u00e7\u00f6z\u00fcm\u00fcne destek olmak\u201d amac\u0131yla s\u00fcrd\u00fcrd\u00fckleri \u00e7al\u0131\u015fmalar\u0131, yenilenen GYODER ile daha da h\u0131zland\u0131racaklar\u0131n\u0131 vurgulad\u0131.<\/p>\n<p><strong><br \/>\n<\/strong><strong>GYODER 21. Ola\u011fan Genel Kurul Toplant\u0131s\u0131\u2019nda se\u00e7ilen yeni Y\u00f6netim Kurulu \u015fu isimlerden olu\u015ftu:<\/strong><\/p>\n<p><strong><br \/>\n<\/strong><strong><u>GYODER Y\u00f6netim Kurulu (2021-2022)<\/u><\/strong><\/p>\n<p><strong>Asil \u00dcyeler:<\/strong><\/p>\n<p>KALYON \u0130N\u015eAAT \u00a0 \u00a0 \u00a0 \u00a0 \u00a0 \u00a0 \u00a0 \u00a0 \u00a0 \u00a0 \u00a0 \u00a0 \u00a0 \u00a0 \u00a0 \u00a0Mehmet KALYONCU (BA\u015eKAN)<br \/>\nEPOS GAYR. DAN. VE DE\u011e. \u00a0 \u00a0 \u00a0 \u00a0 \u00a0 \u00a0Ne\u015fecan \u00c7EK\u0130C\u0130 (BA\u015eKAN YARDIMCISI, SAYMAN)<\/p>\n<p>\u0130SVAN GAYR. DANI\u015e.\u00a0 \u00a0 \u00a0 \u00a0 \u00a0 \u00a0 \u00a0 \u00a0 \u00a0 \u00a0 \u00a0 \u00a0\u00a0Ayla HEYFEG\u0130L \u00a0(BA\u015eKAN YARDIMCISI)<\/p>\n<p>AKFEN GYO\u00a0 \u00a0 \u00a0 \u00a0 \u00a0 \u00a0 \u00a0 \u00a0 \u00a0 \u00a0 \u00a0 \u00a0 \u00a0 \u00a0 \u00a0 \u00a0 \u00a0 \u00a0 \u00a0 \u00a0 \u00a0Sertac KARAA\u011eAO\u011eLU (BA\u015eKAN YARDIMCISI)<\/p>\n<p>CUSHMAN &amp; WAKEFIELD \u00a0 \u00a0 \u00a0 \u00a0 \u00a0 \u00a0 \u00a0\u00a0Tu\u011fra G\u00d6NDEN (BA\u015eKAN YARDIMCISI)<\/p>\n<p>ALKA\u015e DANI\u015eMANLIK \u00a0 \u00a0 \u00a0 \u00a0 \u00a0 \u00a0 \u00a0 \u00a0 \u00a0 \u00a0 \u00a0\u00a0Avi ALKA\u015e<br \/>\nASTA\u015e GAYR\u0130MENKUL \u00a0 \u00a0 \u00a0 \u00a0 \u00a0 \u00a0 \u00a0 \u00a0 \u00a0 \u00a0 \u00a0Vedat A\u015e\u00c7I<br \/>\nEGE YAPI\u00a0 \u00a0 \u00a0 \u00a0 \u00a0 \u00a0 \u00a0 \u00a0 \u00a0 \u00a0 \u00a0 \u00a0 \u00a0 \u00a0 \u00a0 \u00a0 \u00a0 \u00a0 \u00a0 \u00a0 \u00a0 \u00a0 \u00a0\u00a0\u0130nan\u00e7 KABADAYI<br \/>\nEMLAK KONUT GYO\u00a0 \u00a0 \u00a0 \u00a0 \u00a0 \u00a0 \u00a0 \u00a0 \u00a0 \u00a0 \u00a0 \u00a0 \u00a0Hakan GED\u0130KL\u0130<br \/>\nFUZUL YAPI\u00a0 \u00a0 \u00a0 \u00a0 \u00a0 \u00a0 \u00a0 \u00a0 \u00a0 \u00a0 \u00a0 \u00a0 \u00a0 \u00a0 \u00a0 \u00a0 \u00a0 \u00a0 \u00a0 \u00a0 \u00a0Zeki AKBAL<br \/>\nGRANT THORNTON \u00a0 \u00a0 \u00a0 \u00a0 \u00a0 \u00a0 \u00a0 \u00a0 \u00a0 \u00a0 \u00a0 \u00a0 \u00a0Ahmet CANG\u00d6Z<br \/>\n\u0130K\u0130 DESIGN GROUP\u00a0 \u00a0 \u00a0 \u00a0 \u00a0 \u00a0 \u00a0 \u00a0 \u00a0 \u00a0 \u00a0 \u00a0 \u00a0 \u00a0\u00a0Murat KADER<br \/>\n\u0130\u015e GYO\u00a0 \u00a0 \u00a0 \u00a0 \u00a0 \u00a0 \u00a0 \u00a0 \u00a0 \u00a0 \u00a0 \u00a0 \u00a0 \u00a0 \u00a0 \u00a0 \u00a0 \u00a0 \u00a0 \u00a0 \u00a0 \u00a0 \u00a0 \u00a0 \u00a0\u00a0Hasan K. BOLAT<br \/>\nKEYM KENTSEL YEN.MER. \u00a0 \u00a0 \u00a0 \u00a0 \u00a0 \u00a0\u00a0Cem YILMAZ<br \/>\nKUZU GRUP \u00a0 \u00a0 \u00a0 \u00a0 \u00a0 \u00a0 \u00a0 \u00a0 \u00a0 \u00a0 \u00a0 \u00a0 \u00a0 \u00a0 \u00a0 \u00a0 \u00a0 \u00a0 \u00a0 \u00a0\u00d6zen KUZU<br \/>\nMESA MESKEN \u00a0 \u00a0 \u00a0 \u00a0 \u00a0 \u00a0 \u00a0 \u00a0 \u00a0 \u00a0 \u00a0 \u00a0 \u00a0 \u00a0 \u00a0 \u00a0 \u00a0\u00a0Mert BOYSANO\u011eLU<br \/>\nR\u00d6NESANS GAYR\u0130MENKUL \u00a0 \u00a0 \u00a0 \u00a0 \u00a0 \u00a0\u00a0Ya\u011fmur YA\u015eAR<br \/>\n\u015eEKER GYO\u00a0 \u00a0 \u00a0 \u00a0 \u00a0 \u00a0 \u00a0 \u00a0 \u00a0 \u00a0 \u00a0 \u00a0 \u00a0 \u00a0 \u00a0 \u00a0 \u00a0 \u00a0 \u00a0 \u00a0 \u00a0\u00a0Musa AYKA\u00c7<br \/>\nTEKN\u0130K YAPI \u00a0 \u00a0 \u00a0 \u00a0 \u00a0 \u00a0 \u00a0 \u00a0 \u00a0 \u00a0 \u00a0 \u00a0 \u00a0 \u00a0 \u00a0 \u00a0 \u00a0 \u00a0 \u00a0 \u00a0Umut DURBAKAYIM<br \/>\nTORUNLAR GYO \u00a0 \u00a0 \u00a0 \u00a0 \u00a0 \u00a0 \u00a0 \u00a0 \u00a0 \u00a0 \u00a0 \u00a0 \u00a0 \u00a0 \u00a0 \u00a0Zeynep TORUN<br \/>\nYU GROUP \u00a0 \u00a0 \u00a0 \u00a0 \u00a0 \u00a0 \u00a0 \u00a0 \u00a0 \u00a0 \u00a0 \u00a0 \u00a0 \u00a0 \u00a0 \u00a0 \u00a0 \u00a0 \u00a0 \u00a0 \u00a0\u00a0Mustafa \u00d6ZKAN<\/p>\n<p><strong>Yedek \u00dcyeler:<\/strong><\/p>\n<p>HALK GYO\u00a0 \u00a0 \u00a0 \u00a0 \u00a0 \u00a0 \u00a0 \u00a0 \u00a0 \u00a0 \u00a0 \u00a0 \u00a0 \u00a0\u00a0\u00a0 \u00a0 \u00a0 \u00a0 \u00a0 \u00a0 \u00a0 \u00a0B\u00fclent KARAN<br \/>\nAVRUPAKENT GAYR\u0130MENKUL Serhan \u00c7ET\u0130NSAYA<br \/>\n24 GAYR\u0130MENKUL \u00a0 \u00a0 \u00a0 \u00a0 \u00a0 \u00a0\u00a0\u00a0 \u00a0 \u00a0 \u00a0 \u00a0 \u00a0 \u00a0 \u00a0Aziz YEN\u0130AY<br \/>\nKOLEKT\u0130F HOUSE \u00a0 \u00a0 \u00a0 \u00a0 \u00a0 \u00a0 \u00a0\u00a0\u00a0 \u00a0 \u00a0 \u00a0 \u00a0 \u00a0 \u00a0 \u00a0Ahmet ONUR<br \/>\nA\u011eAO\u011eLU\u00a0 \u00a0 \u00a0 \u00a0 \u00a0 \u00a0 \u00a0 \u00a0 \u00a0 \u00a0 \u00a0 \u00a0 \u00a0 \u00a0\u00a0\u00a0 \u00a0 \u00a0 \u00a0 \u00a0 \u00a0 \u00a0 \u00a0Burak KUTLU\u011e<\/p>\n<p>&nbsp;<\/p>\n<p><strong><u>GYODER Denetleme Kurulu (2021-2022 D\u00f6nemi)<\/u><\/strong><\/p>\n<p><strong>Asil \u00dcyeler:<\/strong><\/p>\n<p>PEKDEM\u0130R \u0130N\u015eAAT\u00a0 \u00a0 \u00a0 \u00a0 \u00a0 \u00a0 \u00a0 \u00a0 \u00a0 \u00a0 \u00a0 \u00a0 \u00a0 \u00a0\u00a0Mert PEKDEM\u0130R<br \/>\nPwC T\u00dcRK\u0130YE\u00a0 \u00a0 \u00a0 \u00a0 \u00a0 \u00a0 \u00a0 \u00a0 \u00a0 \u00a0 \u00a0 \u00a0 \u00a0 \u00a0 \u00a0 \u00a0 \u00a0 \u00a0 \u00a0Ersun BAYRAKTARO\u011eLU<br \/>\nS\u0130NPA\u015e GYO\u00a0 \u00a0 \u00a0 \u00a0 \u00a0 \u00a0 \u00a0 \u00a0 \u00a0 \u00a0 \u00a0 \u00a0 \u00a0 \u00a0 \u00a0 \u00a0 \u00a0 \u00a0 \u00a0 \u00a0\u00a0Seba GACEMER<\/p>\n<p><strong>Yedek \u00dcyeler:<\/strong><\/p>\n<p>TSKB GAYR\u0130MENKUL DE\u011e.\u00a0 \u00a0 \u00a0 \u00a0 \u00a0 \u00a0 \u00a0Makbule Y\u00d6NEL MAYA<br \/>\nDA\u011e M\u00dcHEND\u0130SL\u0130K\u00a0 \u00a0 \u00a0 \u00a0 \u00a0 \u00a0 \u00a0 \u00a0 \u00a0 \u00a0 \u00a0 \u00a0 \u00a0\u00a0Do\u011fan DA\u011e<br \/>\nHASANO\u011eLU \u015e\u0130RT. GRUBU\u00a0 \u00a0 \u00a0 \u00a0 \u00a0 \u00a0 \u00a0Haluk HASANO\u011eLU<\/p>\n<p><strong><br \/>\nGYODER\u2019in yeni Ba\u015fkan Yard\u0131mc\u0131lar\u0131 belirlendi<\/strong><\/p>\n<p>Genel kurul sonras\u0131nda yap\u0131lan ilk y\u00f6netim kurulu toplant\u0131s\u0131nda\u00a0<strong>GYODER Ba\u015fkan Yard\u0131mc\u0131lar\u0131\u00a0<\/strong>da belirlendi. Buna g\u00f6re\u00a0<strong>GYODER Ba\u015fkan Yard\u0131mc\u0131s\u0131 ve Sayman<\/strong>\u00a0<strong>Ne\u015fecan \u00c7ekici\u00a0<\/strong>(EPOS GAYR\u0130MENKUL DANI\u015eMANLIK VE DE\u011eERLEME),\u00a0<strong>Ba\u015fkan Yard\u0131mc\u0131lar\u0131<\/strong>\u00a0<strong>Ayla Heyfegil (<\/strong>\u0130SVAN GAYR\u0130MENKUL DANI\u015eMANLIK),\u00a0<strong>Sertac Karaa\u011fao\u011flu\u00a0<\/strong>(AKFEN GYO)<strong>\u00a0<\/strong>ve<strong>\u00a0Tu\u011fra G\u00f6nden\u00a0<\/strong>(CUSHMAN &amp; WAKEFIELD)<strong>\u00a0<\/strong>oldu.<\/p>\n<p><strong><em><br \/>\nMehmet Kalyoncu\u00a0<\/em><\/strong><\/p>\n<p><em>Mimar ve i\u015f insan\u0131 Mehmet Kalyoncu, Kalyon Holding\u2019de Y\u00f6netim Kurulu \u00dcyesi olman\u0131n yan\u0131 s\u0131ra \u0130stanbul Yeni Havaliman\u0131 projesinde de \u0130cra Kurulu \u00dcyeli\u011fi g\u00f6revini y\u00fcr\u00fct\u00fcyor. E\u011fitimi ve deneyimiyle elde etti\u011fi birikimini, dedesinin 1944\u2019te att\u0131\u011f\u0131 temeller \u00fczerinde b\u00fcy\u00fcyen aile \u015firketi arac\u0131l\u0131\u011f\u0131yla T\u00fcrkiye ile payla\u015f\u0131yor.<\/em><\/p>\n<p><em>\u0130lk ve orta \u00f6\u011fretimini \u0130stanbul\u2019da tamamlayan Gaziantep do\u011fumlu Kalyoncu, \u00dcmraniye Anadolu Lisesi\u2019nden mezun oldu. Lise e\u011fitiminin son y\u0131l\u0131na girerken, Oxford \u00dcniversitesi St. Hugh\u2019s College taraf\u0131ndan d\u00fczenlenen akademik programa kat\u0131ld\u0131. Bu programa kabul edilen ilk T\u00fcrk \u00f6\u011frenci oldu. O d\u00f6nemde R\u00f6nesans Mimarisi ile ilgili akademik ara\u015ft\u0131rmalarda bulundu.<\/em><\/p>\n<p><em>\u00dcniversiteyi \u0130stanbul Teknik \u00dcniversitesi Mimarl\u0131k B\u00f6l\u00fcm\u00fc\u2019nde tamamlarken, bu d\u00f6nemde Architectural Association ve Illinois Institute of Technology \u00fcniversitelerinde ziyaret\u00e7i \u00f6\u011frenci olarak e\u011fitim g\u00f6rd\u00fc.<\/em><\/p>\n<p><em>Kalyoncu\u2019nun i\u015f hayat\u0131yla tan\u0131\u015fmas\u0131 lisans e\u011fitimi s\u0131ras\u0131nda ger\u00e7ekle\u015fti. E\u011fitim hayat\u0131 ve sivil toplum kurulu\u015flar\u0131ndaki sorumluluklar\u0131n\u0131 y\u00fcr\u00fct\u00fcrken ayn\u0131 zamanda \u00a0mimarl\u0131k ofislerinde ve in\u015faat firmalar\u0131nda staj yapt\u0131. \u00dcniversiteyi bitirdikten sonra Kalyon Holding\u2019in i\u015ftiraklerinde farkl\u0131 kademelerde g\u00f6rev ald\u0131.\u00a0<\/em><\/p>\n<p><em>\u00c7al\u0131\u015fmalar\u0131yla beraber akademik geli\u015fimini de devam ettiren Kalyoncu, uluslararas\u0131 \u00fcniversitelerde programlara kat\u0131ld\u0131. Harvard \u00dcniversitesi\u2019nde M\u00fczakere, Babson College\u2019da Giri\u015fimcilik ve Tufts \u00dcniversitesi\u2019nde Kurumsal Diplomasi e\u011fitimlerini tamamlad\u0131.\u00a0<\/em><\/p>\n<p><em>E\u011fitimini i\u015f hayat\u0131yla s\u0131n\u0131rl\u0131 tutmayarak, m\u00fczi\u011fe olan ilgilisini ve piyano yetene\u011fini London School of Music sertifikas\u0131yla ta\u00e7land\u0131rd\u0131.\u00a0<\/em><\/p>\n<p><em>Kalyoncu i\u015f hayat\u0131n\u0131n yan\u0131 s\u0131ra \u00fcniversite y\u0131llar\u0131ndan beri sivil toplum kurulu\u015flar\u0131yla da yak\u0131ndan ilgileniyor. Hasan Kalyoncu \u00dcniversitesi\u2019nin kurucu vakf\u0131 olan Gaziantep E\u011fitim ve Hizmet Vakf\u0131\u2019n\u0131n da M\u00fctevelli Heyeti \u00dcyesi olan Kalyoncu, T\u00fcrkiye Tasar\u0131m Vakf\u0131 Y\u00f6netim Kurulu Ba\u015fkanl\u0131\u011f\u0131 ile Gayrimenkul ve Gayrimenkul Yat\u0131r\u0131m Ortakl\u0131\u011f\u0131 Derne\u011fi Y\u00f6netim Kurulu Ba\u015fkanl\u0131\u011f\u0131n\u0131 y\u00fcr\u00fct\u00fcyor. Ailesini hayattaki her \u015feyin \u00fcst\u00fcnde tutan Kalyoncu, evli ve iki \u00e7ocuk babas\u0131d\u0131r.\u00a0<\/em><\/p>\n","protected":false},"excerpt":{"rendered":"<p>GYODER Genel Kurulu\u2019nda de\u011fi\u015fim hamlesi:\u00a0GYODER\u2019in ismi \u2018Gayrimenkul Yat\u0131r\u0131mc\u0131lar\u0131 Derne\u011fi\u2019 olarak de\u011fi\u015fti. \u00c7evreve\u00a0\u015eehircilik Bakan\u0131 Murat Kurum:\u00a0\u201cGYODER gelece\u011fin \u015fehirlerinin in\u015fas\u0131nda adeta domino g\u00f6revi g\u00f6r\u00fcyor\u201d GYODER Y\u00f6netim Kurulu Ba\u015fkan\u0131 Mehmet Kalyoncu: \u201cGayrimenkul sekt\u00f6r\u00fcn\u00fcn birle\u015ftirici g\u00fcc\u00fc GYODER, yeni kimli\u011fi ile daha g\u00fc\u00e7l\u00fc\u201d T\u00fcrkiye gayrimenkul sekt\u00f6r\u00fcn\u00fcn \u00e7at\u0131 kurulu\u015fu GYODER, 21\u2019inci Ola\u011fan Se\u00e7imli Genel Kurulu\u2019nu ger\u00e7ekle\u015ftirdi. \u00c7evre ve \u015eehircilik Bakan\u0131 Murat [&hellip;]<\/p>\n","protected":false},"author":1,"featured_media":36072,"comment_status":"open","ping_status":"open","sticky":false,"template":"","format":"standard","meta":{"ngg_post_thumbnail":0},"categories":[5388],"tags":[2241,13944],"_links":{"self":[{"href":"https:\/\/emlaktuel.com\/index.php?rest_route=\/wp\/v2\/posts\/36071"}],"collection":[{"href":"https:\/\/emlaktuel.com\/index.php?rest_route=\/wp\/v2\/posts"}],"about":[{"href":"https:\/\/emlaktuel.com\/index.php?rest_route=\/wp\/v2\/types\/post"}],"author":[{"embeddable":true,"href":"https:\/\/emlaktuel.com\/index.php?rest_route=\/wp\/v2\/users\/1"}],"replies":[{"embeddable":true,"href":"https:\/\/emlaktuel.com\/index.php?rest_route=%2Fwp%2Fv2%2Fcomments&post=36071"}],"version-history":[{"count":1,"href":"https:\/\/emlaktuel.com\/index.php?rest_route=\/wp\/v2\/posts\/36071\/revisions"}],"predecessor-version":[{"id":36073,"href":"https:\/\/emlaktuel.com\/index.php?rest_route=\/wp\/v2\/posts\/36071\/revisions\/36073"}],"wp:featuredmedia":[{"embeddable":true,"href":"https:\/\/emlaktuel.com\/index.php?rest_route=\/wp\/v2\/media\/36072"}],"wp:attachment":[{"href":"https:\/\/emlaktuel.com\/index.php?rest_route=%2Fwp%2Fv2%2Fmedia&parent=36071"}],"wp:term":[{"taxonomy":"category","embeddable":true,"href":"https:\/\/emlaktuel.com\/index.php?rest_route=%2Fwp%2Fv2%2Fcategories&post=36071"},{"taxonomy":"post_tag","embeddable":true,"href":"https:\/\/emlaktuel.com\/index.php?rest_route=%2Fwp%2Fv2%2Ftags&post=36071"}],"curies":[{"name":"wp","href":"https:\/\/api.w.org\/{rel}","templated":true}]}}