{"id":36068,"date":"2021-06-23T11:47:08","date_gmt":"2021-06-23T08:47:08","guid":{"rendered":"https:\/\/emlaktuel.com\/?p=36068"},"modified":"2021-06-23T11:47:08","modified_gmt":"2021-06-23T08:47:08","slug":"yeni-land-rover-defendera-otomotiv-gazetecileri-dernegi-ogdden-yilin-tasarimi-odulu","status":"publish","type":"post","link":"https:\/\/emlaktuel.com\/?p=36068","title":{"rendered":"Yeni Land Rover Defender\u2019a Otomotiv Gazetecileri Derne\u011fi (OGD)\u2019den \u201cY\u0131l\u0131n Tasar\u0131m\u0131\u201d \u00d6d\u00fcl\u00fc  \u00a0\u00a0"},"content":{"rendered":"<p>B<strong>orusan Otomotiv\u2019in T\u00fcrkiye distrib\u00fct\u00f6rl\u00fc\u011f\u00fcn\u00fc \u00fcstlendi\u011fi Land Rover\u2019\u0131n, \u00f6zg\u00fcn tasar\u0131m\u0131 ve t\u00fcm yol ko\u015fullar\u0131yla ba\u015fa \u00e7\u0131kan arazi kabiliyetine sahip modeli Yeni Land Rover Defender, Otomotiv Gazetecileri Derne\u011fi (OGD) taraf\u0131ndan d\u00fczenlenen \u2018\u2019T\u00fcrkiye\u2019de Y\u0131l\u0131n Otomobili\u2019\u2019 yar\u0131\u015fmas\u0131nda bu y\u0131l ilk defa verilen \u201cY\u0131l\u0131n Tasar\u0131m\u0131\u201d \u00f6d\u00fcl\u00fcne lay\u0131k g\u00f6r\u00fcld\u00fc.\u00a0<\/strong><\/p>\n<p><strong>\u00a0<\/strong><\/p>\n<p>Otomotiv Gazetecileri Derne\u011fi (OGD)\u2019nin bu sene 6.\u2019s\u0131n\u0131 d\u00fczenledi\u011fi T\u00fcrkiye\u2019de Y\u0131l\u0131n Otomobili yar\u0131\u015fmas\u0131 heyecan dolu bir ak\u015fama sahne oldu. Bu y\u0131l ilk defa verilen \u201cY\u0131l\u0131n Tasar\u0131m\u0131\u201d \u00f6d\u00fcl\u00fc i\u00e7in konusunda uzman gazetecilerden olu\u015fan OGD \u00fcyelerinin tasar\u0131m\u0131n\u0131 be\u011fendi\u011fi modeller i\u00e7in yapt\u0131\u011f\u0131 oylamada 27 model aras\u0131ndan son 3\u2019e kalmay\u0131 ba\u015faran Yeni Land Rover Defender, 22 Haziran g\u00fcn\u00fc ger\u00e7ekle\u015fen son oylamada \u201cY\u0131l\u0131n Tasar\u0131m\u0131\u201d \u00f6d\u00fcl\u00fcn\u00fc kazand\u0131.<\/p>\n<p>&nbsp;<\/p>\n<p>Alan\u0131nda yetkin \u00e7ok de\u011ferli otomotiv gazetecileri taraf\u0131ndan b\u00f6yle bir \u00f6d\u00fcle lay\u0131k g\u00f6r\u00fclmenin gurur verici oldu\u011funu belirten Borusan Otomotiv Jaguar Land Rover Genel M\u00fcd\u00fcr\u00fc Cem Ulu\u011ftekin, \u201cHarika bir ak\u015fam, hepinize ve eme\u011fi ge\u00e7en herkese \u00e7ok te\u015fekk\u00fcr ediyoruz. Land Rover&#8217;\u0131n ikonik modeli Defender, lansman\u0131ndan bu yana 50&#8217;nin \u00fczerinde \u00f6d\u00fcl ald\u0131. Bug\u00fcn de \u00fclkemizde Otomotiv Gazetecileri Derne\u011fi (OGD) taraf\u0131ndan verilen bu \u00e7ok k\u0131ymetli \u00f6d\u00fcl\u00fc Borusan Otomotiv Grubu ve T\u00fcrkiye&#8217;deki Defender tutkunlar\u0131 ad\u0131na b\u00fcy\u00fck bir gurur ve heyecanla al\u0131yorum.\u201d dedi.<\/p>\n<p><strong>\u00a0<\/strong><\/p>\n<h2><strong>Yeni Land Rover Defender Hakk\u0131nda<\/strong><\/h2>\n<p>70 y\u0131l\u0131 a\u015fk\u0131n s\u00fcredir Land Rover&#8217;\u0131n \u00f6nc\u00fc ruhuna sad\u0131k kalan ve 21. y\u00fczy\u0131l maceras\u0131n\u0131 yeniden tan\u0131mlayan Yeni Land Rover Defender, ge\u00e7mi\u015fe dair izler ta\u015f\u0131yan yepyeni tasar\u0131m\u0131n\u0131, modern dokunu\u015flarla tamaml\u0131yor. Yepyeni teknolojilerle geli\u015ftirilen, arazi \u00f6zellikleriyle ge\u00e7mi\u015fin izlerine sad\u0131k kalan ve ayn\u0131 zamanda \u015fehir kullan\u0131m\u0131 i\u00e7in de benzersiz \u00f6zellikler sunan Yeni Defender, Land Rover\u2019\u0131n Ekstrem Test prosed\u00fcrlerine dayanabilecek \u015fekilde tasarlanan D7x mimarisi \u00fczerinden y\u00fckseliyor.<\/p>\n<p>&nbsp;<\/p>\n<p>Land Rover Defender, yollara \u00e7\u0131kt\u0131\u011f\u0131 g\u00fcnden bu zamana Top Gear&#8217;\u0131n 2020 Y\u0131l\u0131n Otomobili, Motortrend&#8217;in 2021 Y\u0131l\u0131n SUV&#8217;u, Autocar&#8217;\u0131n 2020 Y\u0131l\u0131n\u0131n En \u0130yi SUV\u2019u, 2021 D\u00fcnyada Kad\u0131nlar\u0131n Tercihi \u00d6d\u00fclleri\u2019nde Y\u0131l\u0131n Otomobili ve 2021\u2019de D\u00fcnyada Y\u0131l\u0131n Tasar\u0131m\u0131 \u00d6d\u00fcl\u00fc dahil olmak \u00fczere 50&#8217;den fazla d\u00fcnya \u00e7ap\u0131nda \u00f6d\u00fcl kazand\u0131.<\/p>\n<p><strong>\u00a0<\/strong><\/p>\n","protected":false},"excerpt":{"rendered":"<p>Borusan Otomotiv\u2019in T\u00fcrkiye distrib\u00fct\u00f6rl\u00fc\u011f\u00fcn\u00fc \u00fcstlendi\u011fi Land Rover\u2019\u0131n, \u00f6zg\u00fcn tasar\u0131m\u0131 ve t\u00fcm yol ko\u015fullar\u0131yla ba\u015fa \u00e7\u0131kan arazi kabiliyetine sahip modeli Yeni Land Rover Defender, Otomotiv Gazetecileri Derne\u011fi (OGD) taraf\u0131ndan d\u00fczenlenen \u2018\u2019T\u00fcrkiye\u2019de Y\u0131l\u0131n Otomobili\u2019\u2019 yar\u0131\u015fmas\u0131nda bu y\u0131l ilk defa verilen \u201cY\u0131l\u0131n Tasar\u0131m\u0131\u201d \u00f6d\u00fcl\u00fcne lay\u0131k g\u00f6r\u00fcld\u00fc.\u00a0 \u00a0 Otomotiv Gazetecileri Derne\u011fi (OGD)\u2019nin bu sene 6.\u2019s\u0131n\u0131 d\u00fczenledi\u011fi T\u00fcrkiye\u2019de Y\u0131l\u0131n Otomobili [&hellip;]<\/p>\n","protected":false},"author":1,"featured_media":36069,"comment_status":"open","ping_status":"open","sticky":false,"template":"","format":"standard","meta":{"ngg_post_thumbnail":0},"categories":[5215],"tags":[15421],"_links":{"self":[{"href":"https:\/\/emlaktuel.com\/index.php?rest_route=\/wp\/v2\/posts\/36068"}],"collection":[{"href":"https:\/\/emlaktuel.com\/index.php?rest_route=\/wp\/v2\/posts"}],"about":[{"href":"https:\/\/emlaktuel.com\/index.php?rest_route=\/wp\/v2\/types\/post"}],"author":[{"embeddable":true,"href":"https:\/\/emlaktuel.com\/index.php?rest_route=\/wp\/v2\/users\/1"}],"replies":[{"embeddable":true,"href":"https:\/\/emlaktuel.com\/index.php?rest_route=%2Fwp%2Fv2%2Fcomments&post=36068"}],"version-history":[{"count":1,"href":"https:\/\/emlaktuel.com\/index.php?rest_route=\/wp\/v2\/posts\/36068\/revisions"}],"predecessor-version":[{"id":36070,"href":"https:\/\/emlaktuel.com\/index.php?rest_route=\/wp\/v2\/posts\/36068\/revisions\/36070"}],"wp:featuredmedia":[{"embeddable":true,"href":"https:\/\/emlaktuel.com\/index.php?rest_route=\/wp\/v2\/media\/36069"}],"wp:attachment":[{"href":"https:\/\/emlaktuel.com\/index.php?rest_route=%2Fwp%2Fv2%2Fmedia&parent=36068"}],"wp:term":[{"taxonomy":"category","embeddable":true,"href":"https:\/\/emlaktuel.com\/index.php?rest_route=%2Fwp%2Fv2%2Fcategories&post=36068"},{"taxonomy":"post_tag","embeddable":true,"href":"https:\/\/emlaktuel.com\/index.php?rest_route=%2Fwp%2Fv2%2Ftags&post=36068"}],"curies":[{"name":"wp","href":"https:\/\/api.w.org\/{rel}","templated":true}]}}