{"id":35823,"date":"2021-06-11T14:48:12","date_gmt":"2021-06-11T11:48:12","guid":{"rendered":"https:\/\/emlaktuel.com\/?p=35823"},"modified":"2021-06-11T14:48:12","modified_gmt":"2021-06-11T11:48:12","slug":"emirates-skycargo-dubaideki-ilac-soguk-zincir-altyapisini-genisleterek-asi-tasima-kapasitesini-yukseltiyor","status":"publish","type":"post","link":"https:\/\/emlaktuel.com\/?p=35823","title":{"rendered":"Emirates Skycargo, Dubai&#8217;deki \u0130la\u00e7 So\u011fuk Zincir Altyap\u0131s\u0131n\u0131 Geni\u015fleterek A\u015f\u0131 Ta\u015f\u0131ma Kapasitesini Y\u00fckseltiyor"},"content":{"rendered":"<p><strong>Emirates Skycargo, Dubai&#8217;deki \u0130la\u00e7 So\u011fuk Zincir Altyap\u0131s\u0131n\u0131 Geni\u015fleterek A\u015f\u0131 Ta\u015f\u0131ma Kapasitesini Y\u00fckseltiyor.<\/strong><\/p>\n<ul type=\"disc\">\n<li><em>Dubai Uluslararas\u0131 Havaliman\u0131&#8217;ndaki AB GDP uyumlu mevcut altyap\u0131ya eklenen 94 so\u011fuk oda paleti konumu, COVID-19 a\u015f\u0131lar\u0131 dahil s\u0131cakl\u0131\u011fa duyarl\u0131 ila\u00e7lar i\u00e7in daha fazla ta\u015f\u0131ma kapasitesi sunuyor<\/em><\/li>\n<li><em>Skycargo \u015fimdiye kadar 75 milyon doz COVID-19 a\u015f\u0131s\u0131 ta\u015f\u0131rken 2021 Haziran ay\u0131 sonuna kadar 100 milyon doza ula\u015fmay\u0131 hedefliyor<\/em><\/li>\n<\/ul>\n<p>Emirates SkyCargo, Dubai&#8217;deki s\u0131cakl\u0131\u011fa duyarl\u0131 ila\u00e7 ve a\u015f\u0131 y\u00f6netim kapasitesini, Dubai Uluslararas\u0131 Havaliman\u0131&#8217;ndaki AB GDP sertifikal\u0131 \u00f6zel ila\u00e7 tesisindeki 94 havayolu palet pozisyonuna sahip tam otomatik so\u011fuk odas\u0131n\u0131n geni\u015fletilmesiyle daha da g\u00fc\u00e7lendiriyor.<\/p>\n<p>Geni\u015fletilmi\u015f so\u011futma odas\u0131, a\u015f\u0131lar\u0131n ve di\u011fer ila\u00e7lar\u0131n Emirates SkyCargo&#8217;nun amac\u0131na uygun in\u015fa edilen GDP sertifikal\u0131 tesisinde depolanmas\u0131 ve y\u00f6netimi i\u00e7in 2600 metrekarelik ilave bir s\u0131cakl\u0131k kontroll\u00fc ortam (2-25 derece) sunarak ta\u015f\u0131ma \u015firketinin hava ta\u015f\u0131mac\u0131l\u0131\u011f\u0131 sekt\u00f6r\u00fcndeki lider konumunu peki\u015ftirecek ve COVID-19 a\u015f\u0131lar\u0131 i\u00e7in artan ta\u015f\u0131ma talebini kar\u015f\u0131lamak \u00fczere Dubai merkezinde ilave kapasite sa\u011flayacak. Eklenen bu yeni alanda, tahmini olarak tek seferde 60-90 milyon doz COVID-19 a\u015f\u0131s\u0131 saklanabilecek.<\/p>\n<p><strong>COVID-19 A\u015f\u0131lar\u0131n\u0131n Sevkiyat\u0131<\/strong><\/p>\n<p>2020 y\u0131l\u0131n\u0131n sonlar\u0131ndan bu yana 60&#8217;dan fazla \u00fclkeye 250&#8217;den fazla u\u00e7u\u015fla 75 milyonu a\u015fk\u0131n COVID-19 a\u015f\u0131s\u0131 ta\u015f\u0131yan Emirates SkyCargo, COVID-19 a\u015f\u0131lar\u0131n\u0131n uluslararas\u0131 da\u011f\u0131t\u0131m\u0131nda lider rol oynamaya devam ediyor.<\/p>\n<p>Emirates Kargo K\u0131demli Ba\u015fkan Yard\u0131mc\u0131s\u0131 Nabil Sultan, konuyla ilgili \u015fu a\u00e7\u0131klamay\u0131 yapt\u0131: &#8220;Emirates SkyCargo olarak, d\u00fcnya \u00e7ap\u0131nda 350 tonun \u00fczerinde COVID-19 a\u015f\u0131s\u0131n\u0131n sevkiyat\u0131n\u0131 ger\u00e7ekle\u015ftirerek mevcut salg\u0131n dalgas\u0131ndan a\u011f\u0131r bir \u015fekilde etkilenmeye devam eden topluluklara \u00e7ok ihtiya\u00e7 duyduklar\u0131 deste\u011fi sunmaktan gurur duyuyoruz. Bununla birlikte, daima ileriye bak\u0131yor ve y\u0131l\u0131n ikinci yar\u0131s\u0131nda geli\u015fmekte olan \u00fclkelere a\u015f\u0131 sevkiyat\u0131 talebinde bir art\u0131\u015f olaca\u011f\u0131n\u0131 \u00f6ng\u00f6r\u00fcyoruz. \u015eimdiden, artan \u00fcretime paralel olarak, ge\u00e7ti\u011fimiz birka\u00e7 haftada ta\u015f\u0131nan COVID-19 a\u015f\u0131 miktar\u0131nda bir y\u00fckselme oldu\u011funu g\u00f6rd\u00fck. Bu ay\u0131n sonuna gelmeden 100 milyon doz olarak belirledi\u011fimiz kilometre ta\u015f\u0131na ula\u015fmay\u0131 planl\u0131yoruz.&#8221;<\/p>\n<p>Sultan s\u00f6zlerine \u015f\u00f6yle devam etti: &#8220;Son alt\u0131 ayl\u0131k s\u00fcre\u00e7te, Emirates SkyCargo ile ila\u00e7 \u00fcreticileri ve lojistik i\u015f ortaklar\u0131m\u0131z a\u00e7\u0131s\u0131ndan de\u011ferli ve kar\u015f\u0131l\u0131kl\u0131 bir \u00f6\u011frenme deneyimi oldu. \u00d6\u011frendiklerimizi a\u015f\u0131 ta\u015f\u0131mac\u0131l\u0131\u011f\u0131 s\u00fcrecini daha h\u0131zl\u0131 ve etkili hale getirmek i\u00e7in uygulama f\u0131rsat\u0131 bulduk. Bu da ileride s\u0131cakl\u0131\u011fa duyarl\u0131 ila\u00e7lar\u0131 da dahil edecek \u015fekilde COVID-19 a\u015f\u0131lar\u0131n\u0131n sevkiyat\u0131nda bir sonraki a\u015famaya ge\u00e7me noktas\u0131nda de\u011ferli bir ivme kazand\u0131k.&#8221;<\/p>\n<p>Emirates SkyCargo, salg\u0131n\u0131n ilk a\u015famalar\u0131nda COVID-19 a\u015f\u0131lar\u0131n\u0131n sevkiyat\u0131 i\u00e7in kapsaml\u0131 haz\u0131rl\u0131klara ba\u015flayan ilk hava ta\u015f\u0131mac\u0131l\u0131\u011f\u0131 \u015firketlerinden biriydi. 2020 Ekim ay\u0131nda, \u015firket, COVID-19 a\u015f\u0131lar\u0131n\u0131n ta\u015f\u0131nmas\u0131 i\u00e7in Dubai&#8217;de GDP sertifikal\u0131 \u00f6zel bir hava merkezi kurdu\u011funu duyurdu. \u015eirket, COVID-19 a\u015f\u0131lar\u0131n\u0131n Dubai&#8217;de depolanmas\u0131 ve y\u00f6netimi i\u00e7in 20.000 metrekarenin \u00fczerinde AB GDP sertifikal\u0131 so\u011fuk zincir altyap\u0131s\u0131na sahiptir. Emirates SkyCargo ayr\u0131ca merkezinde u\u00e7ak ve kargo terminali aras\u0131nda aktarma s\u0131ras\u0131nda a\u015f\u0131 gibi s\u0131cakl\u0131\u011fa duyarl\u0131 sevkiyatlar\u0131n\u0131 korumak i\u00e7in, ila\u00e7lara \u00f6zel 50&#8217;den fazla so\u011fuk dolly araca sahiptir.<\/p>\n<p>2020 Ocak ay\u0131nda, Emirates SkyCargo DP World, International Humanitarian City ve Dubai Airports ile ele vererek COVID-19 a\u015f\u0131lar\u0131n\u0131n Dubai \u00fczerinden geli\u015fmekte olan \u00fclkelere h\u0131zl\u0131 bir \u015fekilde ta\u015f\u0131nmas\u0131 amac\u0131yla Dubai A\u015f\u0131 Lojistik \u0130ttifak\u0131&#8217;n\u0131 kurmu\u015ftu. Hemen ard\u0131ndan da 2020 \u015eubat ay\u0131nda COVAX inisiyatifi kapsam\u0131nda COVID-19 a\u015f\u0131lar\u0131n\u0131n ta\u015f\u0131nmas\u0131n\u0131 h\u0131zland\u0131rmak ad\u0131na UNICEF ile bir Mutabakat Anla\u015fmas\u0131 imzalanm\u0131\u015ft\u0131.<\/p>\n<p>COVID-19 a\u015f\u0131lar\u0131na ek olarak Emirates SkyCargo, u\u00e7u\u015flar\u0131nda KKD, ila\u00e7 ve ilgili malzemeler gibi binlerce ton di\u011fer temel \u00fcr\u00fcn\u00fc ta\u015f\u0131d\u0131. Ta\u015f\u0131y\u0131c\u0131 k\u0131sa s\u00fcre \u00f6nce acil COVID-19 yard\u0131m malzemelerini Hindistan&#8217;a ta\u015f\u0131mak i\u00e7in insani bir hava k\u00f6pr\u00fcs\u00fc giri\u015fimi kurdu. Giri\u015fim kapsam\u0131nda, hava kargo, Dubai&#8217;den Hindistan&#8217;daki dokuz noktaya u\u00e7u\u015flar\u0131nda, t\u0131bbi ve yard\u0131m malzemelerinin ta\u015f\u0131nmas\u0131 i\u00e7in STK&#8217;lara \u00fccretsiz olarak mevcut t\u00fcm kargo kapasitesini sunuyor.<\/p>\n<p>Emirates SkyCargo, COVID-19 a\u015f\u0131lar\u0131na ek olarak, u\u00e7u\u015flar\u0131nda ki\u015fisel koruyucu ekipman, ila\u00e7 ve ilgili sarf malzemeleri gibi binlerce tonluk di\u011fer temel malzemeleri ta\u015f\u0131m\u0131\u015ft\u0131r ve k\u0131sa bir s\u00fcre \u00f6nce acil COVID-19 yard\u0131mlar\u0131n\u0131 Hindistan&#8217;a ta\u015f\u0131mak i\u00e7in insani bir hava k\u00f6pr\u00fcs\u00fc giri\u015fimi kurdu. Bu inisiyatif kapsam\u0131nda Emirates SkyCargo, STK&#8217;lar\u0131n t\u0131bbi ve yard\u0131m ama\u00e7l\u0131 malzemeleri \u00fccretsiz olarak ta\u015f\u0131mas\u0131 i\u00e7in Dubai kalk\u0131\u015fl\u0131 u\u00e7u\u015flar\u0131ndaki t\u00fcm m\u00fcsait kargo kapasitesini Hindistan&#8217;daki dokuz destinasyona ay\u0131r\u0131yor.<\/p>\n<p>&nbsp;<\/p>\n","protected":false},"excerpt":{"rendered":"<p>Emirates Skycargo, Dubai&#8217;deki \u0130la\u00e7 So\u011fuk Zincir Altyap\u0131s\u0131n\u0131 Geni\u015fleterek A\u015f\u0131 Ta\u015f\u0131ma Kapasitesini Y\u00fckseltiyor. Dubai Uluslararas\u0131 Havaliman\u0131&#8217;ndaki AB GDP uyumlu mevcut altyap\u0131ya eklenen 94 so\u011fuk oda paleti konumu, COVID-19 a\u015f\u0131lar\u0131 dahil s\u0131cakl\u0131\u011fa duyarl\u0131 ila\u00e7lar i\u00e7in daha fazla ta\u015f\u0131ma kapasitesi sunuyor Skycargo \u015fimdiye kadar 75 milyon doz COVID-19 a\u015f\u0131s\u0131 ta\u015f\u0131rken 2021 Haziran ay\u0131 sonuna kadar 100 milyon doza [&hellip;]<\/p>\n","protected":false},"author":1,"featured_media":35824,"comment_status":"open","ping_status":"open","sticky":false,"template":"","format":"standard","meta":{"ngg_post_thumbnail":0},"categories":[26],"tags":[15375],"_links":{"self":[{"href":"https:\/\/emlaktuel.com\/index.php?rest_route=\/wp\/v2\/posts\/35823"}],"collection":[{"href":"https:\/\/emlaktuel.com\/index.php?rest_route=\/wp\/v2\/posts"}],"about":[{"href":"https:\/\/emlaktuel.com\/index.php?rest_route=\/wp\/v2\/types\/post"}],"author":[{"embeddable":true,"href":"https:\/\/emlaktuel.com\/index.php?rest_route=\/wp\/v2\/users\/1"}],"replies":[{"embeddable":true,"href":"https:\/\/emlaktuel.com\/index.php?rest_route=%2Fwp%2Fv2%2Fcomments&post=35823"}],"version-history":[{"count":1,"href":"https:\/\/emlaktuel.com\/index.php?rest_route=\/wp\/v2\/posts\/35823\/revisions"}],"predecessor-version":[{"id":35825,"href":"https:\/\/emlaktuel.com\/index.php?rest_route=\/wp\/v2\/posts\/35823\/revisions\/35825"}],"wp:featuredmedia":[{"embeddable":true,"href":"https:\/\/emlaktuel.com\/index.php?rest_route=\/wp\/v2\/media\/35824"}],"wp:attachment":[{"href":"https:\/\/emlaktuel.com\/index.php?rest_route=%2Fwp%2Fv2%2Fmedia&parent=35823"}],"wp:term":[{"taxonomy":"category","embeddable":true,"href":"https:\/\/emlaktuel.com\/index.php?rest_route=%2Fwp%2Fv2%2Fcategories&post=35823"},{"taxonomy":"post_tag","embeddable":true,"href":"https:\/\/emlaktuel.com\/index.php?rest_route=%2Fwp%2Fv2%2Ftags&post=35823"}],"curies":[{"name":"wp","href":"https:\/\/api.w.org\/{rel}","templated":true}]}}