{"id":35788,"date":"2021-06-10T10:32:59","date_gmt":"2021-06-10T07:32:59","guid":{"rendered":"https:\/\/emlaktuel.com\/?p=35788"},"modified":"2021-06-10T10:32:59","modified_gmt":"2021-06-10T07:32:59","slug":"turkcimento-dunyanin-en-ucuz-cimentosu-turkiyede","status":"publish","type":"post","link":"https:\/\/emlaktuel.com\/?p=35788","title":{"rendered":"T\u00fcrk\u00e7imento: D\u00fcnya&#8217;n\u0131n en ucuz \u00e7imentosu T\u00fcrkiye&#8217;de"},"content":{"rendered":"<p><strong><em>T\u00dcRK\u00c7\u0130MENTO Y\u00f6netim Kurulu Ba\u015fkan\u0131 Fatih Y\u00fccelik, \u00e7imento sekt\u00f6r\u00fcn\u00fcn ana maliyet girdilerinde \u00f6nemli art\u0131\u015flar ya\u015fanmas\u0131na ra\u011fmen d\u00fcnyan\u0131n en ucuz \u00e7imentosunu sa\u011flayarak \u00fclke ekonomisine deste\u011fini s\u00fcrd\u00fcrd\u00fc\u011f\u00fcn\u00fc s\u00f6yledi.<\/em><\/strong><\/p>\n<p><strong>\u00a0<\/strong><\/p>\n<p>\u00c7imento sekt\u00f6r\u00fcn\u00fcn \u00e7at\u0131 birli\u011fi\u00a0<strong>T\u00dcRK\u00c7\u0130MENTO Y\u00f6netim Kurulu Ba\u015fkan\u0131 Fatih Y\u00fccelik<\/strong>, \u00f6zellikle son bir y\u0131lda \u00e7imento sekt\u00f6r\u00fcn\u00fcn ana maliyet girdilerinde \u00f6nemli art\u0131\u015flar ya\u015fand\u0131\u011f\u0131n\u0131 belirterek, \u201c\u00c7imento \u00fcreticileri olarak, d\u00f6viz kurundaki art\u0131\u015flar sonucunda \u00fcretim maliyetlerimizi kar\u015f\u0131layamaz hale geldik. \u00d6rne\u011fin, sekt\u00f6r i\u00e7in en \u00f6nemli maliyet kalemi olan petrokoktaki fiyat art\u0131\u015f\u0131 son bir y\u0131ll\u0131k d\u00f6nemde 50 \u2013 60 dolar band\u0131ndan, 140 -150 dolar band\u0131na y\u00fckseldi\u201d dedi.<\/p>\n<p>\u00c7imentonun \u00fclke ekonomisi i\u00e7in stratejik bir \u00fcr\u00fcn oldu\u011funu hat\u0131rlatan\u00a0<strong>Fatih Y\u00fccelik<\/strong>\u00a0\u015funlar\u0131 s\u00f6yledi:<\/p>\n<p>\u201c\u00c7imento, \u00fclke ekonomisi i\u00e7in stratejik bir \u00fcr\u00fcnd\u00fcr. T\u00fcrkiye, d\u00fcnyadaki en ucuz \u00e7imento fiyat\u0131na sahip \u00fclke konumunda bulunuyor.\u00a0Di\u011fer yandan, \u00e7imento fiyatlar\u0131n\u0131n konut fiyatlar\u0131nda y\u00fcksek art\u0131\u015fa neden oldu\u011fu sav\u0131, ger\u00e7e\u011fi yans\u0131tm\u0131yor. ODT\u00dc taraf\u0131ndan haz\u0131rlanan rapora g\u00f6re 1. s\u0131n\u0131f yap\u0131n\u0131n arsa hari\u00e7 malzeme maliyeti i\u00e7erisindeki \u00e7imentonun pay\u0131 %1,7 ile %3,2 aras\u0131nda de\u011fi\u015fiyor. Konut maliyetleri i\u00e7erisindeki \u00e7ok d\u00fc\u015f\u00fck pay\u0131na ra\u011fmen \u00e7imento sekt\u00f6r\u00fcn\u00fcn konut fiyat art\u0131\u015flar\u0131n\u0131n sebebi gibi yans\u0131t\u0131lmas\u0131n\u0131 b\u00fcy\u00fck haks\u0131zl\u0131k olarak g\u00f6r\u00fcyoruz.<\/p>\n<p>T\u00fcrkiye\u2019nin \u00e7imento t\u00fcketimi 2018 y\u0131l\u0131nda %11, 2019 y\u0131l\u0131nda ise %29 azalarak tarihinde ilk kez iki y\u0131l \u00fcst \u00fcste k\u00fc\u00e7\u00fcld\u00fc. 2020 y\u0131lsonunda 40 milyon tona yak\u0131n kapasite fazlas\u0131 ortaya \u00e7\u0131kt\u0131. Bu d\u00f6nemde i\u00e7 t\u00fcketimde ya\u015fanan daralma \u015firketlerimizi ihracata y\u00f6neltti.\u201d<\/p>\n<p><strong>GEREKL\u0130 TEMASLAR SA\u011eLANDI<\/strong><\/p>\n<p>T\u00fcrk \u00e7imento sekt\u00f6r\u00fcn\u00fcn, her zaman oldu\u011fu gibi serbest piyasa ko\u015fullar\u0131na paralel olarak faaliyetlerini s\u00fcrd\u00fcrmeye ve \u00fclke ekonomisine destek olmaya devam edece\u011fini s\u00f6yleyen Ba\u015fkan\u00a0<strong>Y\u00fccelik,<\/strong>\u00a0 \u201c\u0130thal girdilerde ya\u015fanan art\u0131\u015f, t\u00fcm sanayi sekt\u00f6rlerinde oldu\u011fu gibi \u00e7imento sekt\u00f6r\u00fc maliyetlerini de etkiledi. Bizler sekt\u00f6r olarak bu konunun \u00e7\u00f6z\u00fcm\u00fc i\u00e7in kamuyla gerekli temaslar\u0131 kurduk. Halihaz\u0131rda pandemi sonras\u0131 beklenen global toparlanma s\u00fcrecinde gerek i\u00e7 piyasa dinamikleri gerek ihracat imkanlar\u0131n\u0131n art\u0131r\u0131lmas\u0131 hususunda, \u00fclkemiz a\u00e7\u0131s\u0131ndan azami faydan\u0131n sa\u011flanabilmesini b\u00fct\u00fcn payda\u015flar\u0131m\u0131z ile de\u011ferlendirdik. Bu sebeple daha fazla a\u00e7\u0131klama yapman\u0131n do\u011fru olmad\u0131\u011f\u0131 kanaatindeyiz\u201d dedi.<\/p>\n<p>&nbsp;<\/p>\n","protected":false},"excerpt":{"rendered":"<p>T\u00dcRK\u00c7\u0130MENTO Y\u00f6netim Kurulu Ba\u015fkan\u0131 Fatih Y\u00fccelik, \u00e7imento sekt\u00f6r\u00fcn\u00fcn ana maliyet girdilerinde \u00f6nemli art\u0131\u015flar ya\u015fanmas\u0131na ra\u011fmen d\u00fcnyan\u0131n en ucuz \u00e7imentosunu sa\u011flayarak \u00fclke ekonomisine deste\u011fini s\u00fcrd\u00fcrd\u00fc\u011f\u00fcn\u00fc s\u00f6yledi. \u00a0 \u00c7imento sekt\u00f6r\u00fcn\u00fcn \u00e7at\u0131 birli\u011fi\u00a0T\u00dcRK\u00c7\u0130MENTO Y\u00f6netim Kurulu Ba\u015fkan\u0131 Fatih Y\u00fccelik, \u00f6zellikle son bir y\u0131lda \u00e7imento sekt\u00f6r\u00fcn\u00fcn ana maliyet girdilerinde \u00f6nemli art\u0131\u015flar ya\u015fand\u0131\u011f\u0131n\u0131 belirterek, \u201c\u00c7imento \u00fcreticileri olarak, d\u00f6viz kurundaki art\u0131\u015flar sonucunda [&hellip;]<\/p>\n","protected":false},"author":1,"featured_media":35789,"comment_status":"open","ping_status":"open","sticky":false,"template":"","format":"standard","meta":{"ngg_post_thumbnail":0},"categories":[5388],"tags":[14877],"_links":{"self":[{"href":"https:\/\/emlaktuel.com\/index.php?rest_route=\/wp\/v2\/posts\/35788"}],"collection":[{"href":"https:\/\/emlaktuel.com\/index.php?rest_route=\/wp\/v2\/posts"}],"about":[{"href":"https:\/\/emlaktuel.com\/index.php?rest_route=\/wp\/v2\/types\/post"}],"author":[{"embeddable":true,"href":"https:\/\/emlaktuel.com\/index.php?rest_route=\/wp\/v2\/users\/1"}],"replies":[{"embeddable":true,"href":"https:\/\/emlaktuel.com\/index.php?rest_route=%2Fwp%2Fv2%2Fcomments&post=35788"}],"version-history":[{"count":1,"href":"https:\/\/emlaktuel.com\/index.php?rest_route=\/wp\/v2\/posts\/35788\/revisions"}],"predecessor-version":[{"id":35790,"href":"https:\/\/emlaktuel.com\/index.php?rest_route=\/wp\/v2\/posts\/35788\/revisions\/35790"}],"wp:featuredmedia":[{"embeddable":true,"href":"https:\/\/emlaktuel.com\/index.php?rest_route=\/wp\/v2\/media\/35789"}],"wp:attachment":[{"href":"https:\/\/emlaktuel.com\/index.php?rest_route=%2Fwp%2Fv2%2Fmedia&parent=35788"}],"wp:term":[{"taxonomy":"category","embeddable":true,"href":"https:\/\/emlaktuel.com\/index.php?rest_route=%2Fwp%2Fv2%2Fcategories&post=35788"},{"taxonomy":"post_tag","embeddable":true,"href":"https:\/\/emlaktuel.com\/index.php?rest_route=%2Fwp%2Fv2%2Ftags&post=35788"}],"curies":[{"name":"wp","href":"https:\/\/api.w.org\/{rel}","templated":true}]}}