{"id":35710,"date":"2021-06-05T10:36:15","date_gmt":"2021-06-05T07:36:15","guid":{"rendered":"https:\/\/emlaktuel.com\/?p=35710"},"modified":"2021-06-05T10:36:15","modified_gmt":"2021-06-05T07:36:15","slug":"cimento-sektoru-alternatif-yakit-kullanimiyla-sera-gazi-azaltimi-sagliyor","status":"publish","type":"post","link":"https:\/\/emlaktuel.com\/?p=35710","title":{"rendered":"\u00c7imento Sekt\u00f6r\u00fc Alternatif Yak\u0131t Kullan\u0131m\u0131yla Sera Gaz\u0131 Azalt\u0131m\u0131 Sa\u011fl\u0131yor"},"content":{"rendered":"<p><strong>T\u00dcRK\u00c7\u0130MENTO, sekt\u00f6r\u00fcn son 5 y\u0131lda yakla\u015f\u0131k 1 milyon ton \u00f6mr\u00fcn\u00fc tamamlam\u0131\u015f lasti\u011fi alternatif yak\u0131t olarak de\u011ferlendirmesiyle 865 bin ton sera gaz\u0131n\u0131n atmosfere sal\u0131m\u0131n\u0131 engelledi\u011fini a\u00e7\u0131klad\u0131<\/strong><\/p>\n<p>&nbsp;<\/p>\n<p>\u00c7imento sekt\u00f6r\u00fcn\u00fcn \u00e7at\u0131 Birli\u011fi T\u00dcRK\u00c7\u0130MENTO, s\u00fcrd\u00fcr\u00fclebilir \u00e7evre i\u00e7in yap\u0131lan \u00e7al\u0131\u015fmalar \u00e7er\u00e7evesinde \u00e7imento \u00fcretiminde \u00f6mr\u00fcn\u00fc tamamlam\u0131\u015f lastiklerin alternatif yak\u0131t olarak kullan\u0131ld\u0131\u011f\u0131n\u0131 vurgulad\u0131. \u00c7imento sekt\u00f6r\u00fc 2016 y\u0131l\u0131nda 90 bin ton \u00f6mr\u00fcn\u00fc tamamlam\u0131\u015f lasti\u011fi alternatif yak\u0131t olarak kullan\u0131rken, bu miktar 2020 y\u0131l\u0131nda 283 bin bin tona y\u00fckseldi. B\u00f6ylece sekt\u00f6r, 5 y\u0131lda toplam 901 bin ton lasti\u011fi yak\u0131t olarak de\u011ferlendirdi.<\/p>\n<p>&nbsp;<\/p>\n<p>5 Haziran D\u00fcnya \u00c7evre G\u00fcn\u00fcnde T\u00dcRK\u00c7\u0130MENTO CEO\u2019su\u00a0<strong>Volkan Bozay\u2019\u0131n,\u00a0<\/strong>konuyla ilgili yapt\u0131\u011f\u0131 a\u00e7\u0131klamada,\u00a0<em>\u201c\u00c7imento sekt\u00f6r\u00fc olarak \u00f6mr\u00fcn\u00fc tamamlam\u0131\u015f lastikleri (\u00d6TL) fosil yak\u0131t yerine alternatif yak\u0131t olarak kullan\u0131yor, b\u00f6ylece sera gaz\u0131 azalt\u0131m\u0131 ger\u00e7ekle\u015ftiriyoruz. Son 5 y\u0131lda \u00f6mr\u00fcn\u00fc tamamlam\u0131\u015f lastik kullan\u0131m\u0131 ile 865 bin ton karbondioksitin atmosfere sal\u0131m\u0131n\u0131 engelledik\u201d<\/em>\u00a0dedi.<\/p>\n<p>&nbsp;<\/p>\n<p>Bozay, yerli kaynaklardan yeterli miktarda \u00f6mr\u00fcn\u00fc tamamlam\u0131\u015f lastiklerin sa\u011flanamad\u0131\u011f\u0131 i\u00e7in kullan\u0131lan lastiklerin %67\u2019sinin k\u0131rp\u0131lm\u0131\u015f olarak yurt d\u0131\u015f\u0131ndan ithal edildi\u011fini, bu konuda yurt i\u00e7indeki alternatif kaynaklar\u0131n kullan\u0131m\u0131n artt\u0131r\u0131lmas\u0131n\u0131n \u00f6nemini belirtti.<\/p>\n<p>&nbsp;<\/p>\n<p>&nbsp;<\/p>\n<p>\u00c7imento \u00fcretiminde sekt\u00f6r\u00fcn t\u00fcm \u00e7al\u0131\u015fmalar\u0131n\u0131 \u00c7evre ve \u015eehircilik Bakanl\u0131\u011f\u0131\u2019ndan al\u0131nan izin ve lisanslar kapsam\u0131nda y\u00fcr\u00fctt\u00fc\u011f\u00fcn\u00fc belirterek Volkan Bozay, \u015fu de\u011ferlendirmeyi yapt\u0131:<\/p>\n<p>&nbsp;<\/p>\n<p>\u201cBelirli kriterlere uygun olan end\u00fcstriyel ve evsel at\u0131klar\u0131, alternatif hammadde veya alternatif yak\u0131t olarak de\u011fere d\u00f6n\u00fc\u015ft\u00fcren \u00e7imento sanayisi olarak \u00fclkemizin at\u0131k y\u00f6netiminde profesyonel \u00e7\u00f6z\u00fcm orta\u011f\u0131y\u0131z.\u00a0Enerji de\u011feri olan belirli at\u0131klar ba\u015fta \u00f6mr\u00fcn\u00fc tamamlam\u0131\u015f lastikler olmak \u00fczere \u00e7imento fabrikalar\u0131na enerji sa\u011flayan k\u00f6m\u00fcr ve petrol koku gibi yak\u0131tlara alternatif olarak kullan\u0131labiliyor. Farkl\u0131 at\u0131klar\u0131n kullan\u0131lmas\u0131 ile sa\u011flanacak \u00e7evresel ve ekonomik faydalar\u0131n potansiyeline ili\u015fkin \u00e7al\u0131\u015fmam\u0131z\u0131n sonu\u00e7lar\u0131n\u0131 da \u00f6n\u00fcm\u00fczdeki g\u00fcnlerde payla\u015faca\u011f\u0131z.\u201d<\/p>\n<p>&nbsp;<\/p>\n<p>&nbsp;<\/p>\n","protected":false},"excerpt":{"rendered":"<p>T\u00dcRK\u00c7\u0130MENTO, sekt\u00f6r\u00fcn son 5 y\u0131lda yakla\u015f\u0131k 1 milyon ton \u00f6mr\u00fcn\u00fc tamamlam\u0131\u015f lasti\u011fi alternatif yak\u0131t olarak de\u011ferlendirmesiyle 865 bin ton sera gaz\u0131n\u0131n atmosfere sal\u0131m\u0131n\u0131 engelledi\u011fini a\u00e7\u0131klad\u0131 &nbsp; \u00c7imento sekt\u00f6r\u00fcn\u00fcn \u00e7at\u0131 Birli\u011fi T\u00dcRK\u00c7\u0130MENTO, s\u00fcrd\u00fcr\u00fclebilir \u00e7evre i\u00e7in yap\u0131lan \u00e7al\u0131\u015fmalar \u00e7er\u00e7evesinde \u00e7imento \u00fcretiminde \u00f6mr\u00fcn\u00fc tamamlam\u0131\u015f lastiklerin alternatif yak\u0131t olarak kullan\u0131ld\u0131\u011f\u0131n\u0131 vurgulad\u0131. \u00c7imento sekt\u00f6r\u00fc 2016 y\u0131l\u0131nda 90 bin ton \u00f6mr\u00fcn\u00fc [&hellip;]<\/p>\n","protected":false},"author":1,"featured_media":35711,"comment_status":"open","ping_status":"open","sticky":false,"template":"","format":"standard","meta":{"ngg_post_thumbnail":0},"categories":[26],"tags":[14877],"_links":{"self":[{"href":"https:\/\/emlaktuel.com\/index.php?rest_route=\/wp\/v2\/posts\/35710"}],"collection":[{"href":"https:\/\/emlaktuel.com\/index.php?rest_route=\/wp\/v2\/posts"}],"about":[{"href":"https:\/\/emlaktuel.com\/index.php?rest_route=\/wp\/v2\/types\/post"}],"author":[{"embeddable":true,"href":"https:\/\/emlaktuel.com\/index.php?rest_route=\/wp\/v2\/users\/1"}],"replies":[{"embeddable":true,"href":"https:\/\/emlaktuel.com\/index.php?rest_route=%2Fwp%2Fv2%2Fcomments&post=35710"}],"version-history":[{"count":1,"href":"https:\/\/emlaktuel.com\/index.php?rest_route=\/wp\/v2\/posts\/35710\/revisions"}],"predecessor-version":[{"id":35712,"href":"https:\/\/emlaktuel.com\/index.php?rest_route=\/wp\/v2\/posts\/35710\/revisions\/35712"}],"wp:featuredmedia":[{"embeddable":true,"href":"https:\/\/emlaktuel.com\/index.php?rest_route=\/wp\/v2\/media\/35711"}],"wp:attachment":[{"href":"https:\/\/emlaktuel.com\/index.php?rest_route=%2Fwp%2Fv2%2Fmedia&parent=35710"}],"wp:term":[{"taxonomy":"category","embeddable":true,"href":"https:\/\/emlaktuel.com\/index.php?rest_route=%2Fwp%2Fv2%2Fcategories&post=35710"},{"taxonomy":"post_tag","embeddable":true,"href":"https:\/\/emlaktuel.com\/index.php?rest_route=%2Fwp%2Fv2%2Ftags&post=35710"}],"curies":[{"name":"wp","href":"https:\/\/api.w.org\/{rel}","templated":true}]}}