{"id":35698,"date":"2021-06-04T13:35:35","date_gmt":"2021-06-04T10:35:35","guid":{"rendered":"https:\/\/emlaktuel.com\/?p=35698"},"modified":"2021-06-04T13:35:35","modified_gmt":"2021-06-04T10:35:35","slug":"igadan-dunya-cevre-gununde-farkindalik-hareketi-kollekt","status":"publish","type":"post","link":"https:\/\/emlaktuel.com\/?p=35698","title":{"rendered":"\u0130GA\u2019dan D\u00fcnya \u00c7evre G\u00fcn\u00fc\u2019nde Fark\u0131ndal\u0131k Hareketi: \u201cKollekt\u201d"},"content":{"rendered":"<p><strong>S\u00fcrd\u00fcr\u00fclebilirlik ilkeleri do\u011frultusunda \u00e7al\u0131\u015fmalar\u0131na y\u00f6n veren \u0130GA, \u0130stanbul Havaliman\u0131\u2019nda, \u201c\u00c7evre Fark\u0131ndal\u0131\u011f\u0131\u201d kapsam\u0131nda yap\u0131lan \u00e7al\u0131\u015fmalara bir yenisini ekledi. Kollekt uygulamas\u0131 ile \u0130stanbul Havaliman\u0131\u2019nda yolcular i\u00e7in at\u0131k y\u00f6netiminde davran\u0131\u015fsal d\u00f6n\u00fc\u015f\u00fcm sa\u011flanmas\u0131 hedefleniyor.<\/strong><\/p>\n<p>\u0130GA\u2019n\u0131n tasar\u0131m a\u015famas\u0131ndan itibaren s\u00fcrd\u00fcr\u00fclebilir bir yakla\u015f\u0131mla hayata ge\u00e7irdi\u011fi \u0130stanbul Havaliman\u0131, \u00e7evreye verdi\u011fi de\u011fer ve s\u00fcrd\u00fcr\u00fclebilirlik alan\u0131ndaki \u00e7al\u0131\u015fmalar\u0131yla da \u00f6rnek te\u015fkil etmeye devam ediyor. 5 Haziran D\u00fcnya \u00c7evre G\u00fcn\u00fc\u2019n\u00fc anlaml\u0131 bir \u015fekilde kutlayan \u0130GA, \u0130stanbul Havaliman\u0131\u2019nda \u201cKollekt\u201d uygulamas\u0131n\u0131 hayata ge\u00e7iriyor.<\/p>\n<p>\u00c7evre ve \u015eehircilik Bakanl\u0131\u011f\u0131\u2019n\u0131n S\u0131f\u0131r At\u0131k Politikas\u0131 ile uyumlu \u015fekilde Do\u011fa Koruma Merkezi Vakf\u0131 (DKM) ve Birle\u015fmi\u015f Milletler Kalk\u0131nma Program\u0131 (UNDP) taraf\u0131ndan Coca-Cola Vakf\u0131 deste\u011fiyle ve Kemer Belediyesi i\u015f birli\u011fiyle y\u00fcr\u00fct\u00fclen<strong>\u00a0Temiz Akdeniz Toplum Tabanl\u0131 Geri D\u00f6n\u00fc\u015f\u00fcm Projesi<\/strong>\u00a0kapsam\u0131nda tasarlanan \u201c<strong>Kollekt<\/strong>\u201d uygulamas\u0131, \u0130stanbul Havaliman\u0131\u2019nda da at\u0131k y\u00f6netim al\u0131\u015fkanl\u0131klar\u0131n\u0131 de\u011fi\u015ftirmeyi ve fark\u0131ndal\u0131k yaratmay\u0131 hedefliyor.<\/p>\n<h2><strong>Hedef, yolculara \u00e7evre fark\u0131ndal\u0131\u011f\u0131 kazand\u0131rmak\u2026\u00a0<\/strong><\/h2>\n<p>Yolcular\u0131n \u00e7evreye sayg\u0131s\u0131n\u0131 g\u00f6sterebilece\u011fi teknolojik bir uygulama olan Kollekt ile havaliman\u0131nda biriken at\u0131klar\u0131n an\u0131nda toplanmas\u0131 ama\u00e7lan\u0131yor. At\u0131\u011f\u0131n\u0131 d\u00f6n\u00fc\u015ft\u00fcrebilen havaliman\u0131 olma yolunda emin ad\u0131mlarla ilerleyen \u0130stanbul Havaliman\u0131, b\u00f6ylece at\u0131k sistemini de teknolojik bir alt yap\u0131yla destekliyor. Uygulama i\u00e7erisinde \u0130stanbul Havaliman\u0131\u2019n\u0131n haritas\u0131 detayl\u0131ca entegre edildi\u011fi i\u00e7in yolcular buldu\u011fu at\u0131\u011f\u0131 en yak\u0131n konteynere g\u00f6t\u00fcrebilecek.<\/p>\n<h2><strong>Kollekt uygulamas\u0131 nas\u0131l kullan\u0131l\u0131r?<\/strong><\/h2>\n<p>Havaliman\u0131nda kar\u015f\u0131la\u015f\u0131lan at\u0131klar\u0131n foto\u011fraf\u0131 \u00e7ekildikten sonra uygulama \u00fczerinde at\u0131k t\u00fcr\u00fc ve at\u0131\u011f\u0131n nas\u0131l at\u0131laca\u011f\u0131 se\u00e7iliyor. Uygulama en yak\u0131n konteynere y\u00f6nlendirme yap\u0131yor. Bu sayede her at\u0131k i\u00e7in puan kazan\u0131l\u0131yor.<\/p>\n","protected":false},"excerpt":{"rendered":"<p>S\u00fcrd\u00fcr\u00fclebilirlik ilkeleri do\u011frultusunda \u00e7al\u0131\u015fmalar\u0131na y\u00f6n veren \u0130GA, \u0130stanbul Havaliman\u0131\u2019nda, \u201c\u00c7evre Fark\u0131ndal\u0131\u011f\u0131\u201d kapsam\u0131nda yap\u0131lan \u00e7al\u0131\u015fmalara bir yenisini ekledi. Kollekt uygulamas\u0131 ile \u0130stanbul Havaliman\u0131\u2019nda yolcular i\u00e7in at\u0131k y\u00f6netiminde davran\u0131\u015fsal d\u00f6n\u00fc\u015f\u00fcm sa\u011flanmas\u0131 hedefleniyor. \u0130GA\u2019n\u0131n tasar\u0131m a\u015famas\u0131ndan itibaren s\u00fcrd\u00fcr\u00fclebilir bir yakla\u015f\u0131mla hayata ge\u00e7irdi\u011fi \u0130stanbul Havaliman\u0131, \u00e7evreye verdi\u011fi de\u011fer ve s\u00fcrd\u00fcr\u00fclebilirlik alan\u0131ndaki \u00e7al\u0131\u015fmalar\u0131yla da \u00f6rnek te\u015fkil etmeye devam ediyor. 5 [&hellip;]<\/p>\n","protected":false},"author":1,"featured_media":35700,"comment_status":"open","ping_status":"open","sticky":false,"template":"","format":"standard","meta":{"ngg_post_thumbnail":0},"categories":[26],"tags":[15344,15345,12316],"_links":{"self":[{"href":"https:\/\/emlaktuel.com\/index.php?rest_route=\/wp\/v2\/posts\/35698"}],"collection":[{"href":"https:\/\/emlaktuel.com\/index.php?rest_route=\/wp\/v2\/posts"}],"about":[{"href":"https:\/\/emlaktuel.com\/index.php?rest_route=\/wp\/v2\/types\/post"}],"author":[{"embeddable":true,"href":"https:\/\/emlaktuel.com\/index.php?rest_route=\/wp\/v2\/users\/1"}],"replies":[{"embeddable":true,"href":"https:\/\/emlaktuel.com\/index.php?rest_route=%2Fwp%2Fv2%2Fcomments&post=35698"}],"version-history":[{"count":1,"href":"https:\/\/emlaktuel.com\/index.php?rest_route=\/wp\/v2\/posts\/35698\/revisions"}],"predecessor-version":[{"id":35701,"href":"https:\/\/emlaktuel.com\/index.php?rest_route=\/wp\/v2\/posts\/35698\/revisions\/35701"}],"wp:featuredmedia":[{"embeddable":true,"href":"https:\/\/emlaktuel.com\/index.php?rest_route=\/wp\/v2\/media\/35700"}],"wp:attachment":[{"href":"https:\/\/emlaktuel.com\/index.php?rest_route=%2Fwp%2Fv2%2Fmedia&parent=35698"}],"wp:term":[{"taxonomy":"category","embeddable":true,"href":"https:\/\/emlaktuel.com\/index.php?rest_route=%2Fwp%2Fv2%2Fcategories&post=35698"},{"taxonomy":"post_tag","embeddable":true,"href":"https:\/\/emlaktuel.com\/index.php?rest_route=%2Fwp%2Fv2%2Ftags&post=35698"}],"curies":[{"name":"wp","href":"https:\/\/api.w.org\/{rel}","templated":true}]}}