{"id":3566,"date":"2016-07-27T02:21:31","date_gmt":"2016-07-26T23:21:31","guid":{"rendered":"http:\/\/emlaktuel.com\/?p=3566"},"modified":"2018-07-05T14:24:21","modified_gmt":"2018-07-05T11:24:21","slug":"antalya-ve-izmir-istanbulu-solladi","status":"publish","type":"post","link":"https:\/\/emlaktuel.com\/?p=3566","title":{"rendered":"Antalya ve \u0130zmir, \u0130stanbul&#8217;u sollad\u0131!"},"content":{"rendered":"<div class=\"hz_main_post_content\">\n<div class=\"hz_content\">\n<h5>Konut kira art\u0131\u015f\u0131nda \u0130zmir, sat\u0131\u015f fiyatlar\u0131 art\u0131\u015f\u0131nda ise Antalya liderlik koltu\u011funa oturdu, \u0130stanbul geride kald\u0131.<\/h5>\n<p>T\u00fcrk gayrimenkul sekt\u00f6r\u00fc, son d\u00f6nemdeki hareketlili\u011fini devam ettiriyor. Adana, Ankara, Antalya, Bursa, \u0130stanbul, \u0130zmir ve Kocaeli \u015fehirlerinde Antalya ve Kocaeli b\u00f6lgesel fiyat y\u00fckseli\u015finde y\u00fczde 29&#8217;la lider konumda. \u0130stanbul&#8217;daki art\u0131\u015f seviyesi ise y\u00fczde 28 seviyelerinde. Yine 7 \u015fehir baz al\u0131nd\u0131\u011f\u0131nda son 2 y\u0131lda sat\u0131\u015f fiyatlar\u0131n\u0131n y\u00fckseli\u015f oran\u0131 y\u00fczde 46, kira fiyatlar\u0131n\u0131n de\u011fi\u015fim oran\u0131 ise y\u00fczde 43 oldu. Son 6 ayl\u0131k b\u00f6l\u00fcmde, kira fiyatlar\u0131n\u0131n sat\u0131\u015f rakamlar\u0131na g\u00f6re bir ad\u0131m \u00f6nde oldu\u011fu g\u00f6ze \u00e7arp\u0131yor. <img class=\"hz_appear_detail hz_appear\" src=\"http:\/\/i.emlaktasondakika.com\/Files\/EditorImages\/images\/konut-fiyat-artislari.jpg\" alt=\"konut-fiyat-artislari\" \/> Kira de\u011fi\u015fimleri de\u011ferlendirildi\u011finde ise en fazla art\u0131\u015f \u0130zmir&#8217;de ger\u00e7ekle\u015firken ikinci s\u0131rada \u0130stanbul, \u00fc\u00e7\u00fcnc\u00fc s\u0131rada ise Bursa yer ald\u0131. \u0130zmir&#8217;de rakamlar y\u00fczde 28, \u0130stanbul&#8217;da y\u00fczde 27, Bursa&#8217;da y\u00fczde 26 artt\u0131. Kiralar\u0131n en az artt\u0131\u011f\u0131 \u015fehir ise y\u00fczde 17&#8217;yle Ankara oldu. <img class=\"hz_appear_detail hz_appear\" src=\"http:\/\/i.emlaktasondakika.com\/Files\/EditorImages\/images\/kira-fiyatlari.jpg\" alt=\"kira-fiyatlari\" \/> Amortisman s\u00fcrelerinde ise Bursa 16,7 y\u0131lla a\u00e7\u0131k ara \u00f6nde. \u0130knci s\u0131rada y\u00fczde 17,7 ile Antalya, \u00fc\u00e7\u00fcnc\u00fc s\u0131rada y\u00fczde 17,9&#8217;la \u0130stanbul bulunuyor.\u00a0 <img class=\"hz_appear_detail hz_appear\" src=\"http:\/\/i.emlaktasondakika.com\/Files\/EditorImages\/images\/konut-amortisman-suresi.jpg\" alt=\"konut-amortisman-suresi\" \/><\/div>\n<\/div>\n","protected":false},"excerpt":{"rendered":"<p>Konut kira art\u0131\u015f\u0131nda \u0130zmir, sat\u0131\u015f fiyatlar\u0131 art\u0131\u015f\u0131nda ise Antalya liderlik koltu\u011funa oturdu, \u0130stanbul geride kald\u0131. T\u00fcrk gayrimenkul sekt\u00f6r\u00fc, son d\u00f6nemdeki hareketlili\u011fini devam ettiriyor. Adana, Ankara, Antalya, Bursa, \u0130stanbul, \u0130zmir ve Kocaeli \u015fehirlerinde Antalya ve Kocaeli b\u00f6lgesel fiyat y\u00fckseli\u015finde y\u00fczde 29&#8217;la lider konumda. \u0130stanbul&#8217;daki art\u0131\u015f seviyesi ise y\u00fczde 28 seviyelerinde. Yine 7 \u015fehir baz al\u0131nd\u0131\u011f\u0131nda son [&hellip;]<\/p>\n","protected":false},"author":1,"featured_media":2048,"comment_status":"open","ping_status":"open","sticky":false,"template":"","format":"standard","meta":{"ngg_post_thumbnail":0},"categories":[221,1,26,27],"tags":[11478,11477,11479,613,2406,1923,73,2407,91,11153],"_links":{"self":[{"href":"https:\/\/emlaktuel.com\/index.php?rest_route=\/wp\/v2\/posts\/3566"}],"collection":[{"href":"https:\/\/emlaktuel.com\/index.php?rest_route=\/wp\/v2\/posts"}],"about":[{"href":"https:\/\/emlaktuel.com\/index.php?rest_route=\/wp\/v2\/types\/post"}],"author":[{"embeddable":true,"href":"https:\/\/emlaktuel.com\/index.php?rest_route=\/wp\/v2\/users\/1"}],"replies":[{"embeddable":true,"href":"https:\/\/emlaktuel.com\/index.php?rest_route=%2Fwp%2Fv2%2Fcomments&post=3566"}],"version-history":[{"count":1,"href":"https:\/\/emlaktuel.com\/index.php?rest_route=\/wp\/v2\/posts\/3566\/revisions"}],"predecessor-version":[{"id":3567,"href":"https:\/\/emlaktuel.com\/index.php?rest_route=\/wp\/v2\/posts\/3566\/revisions\/3567"}],"wp:featuredmedia":[{"embeddable":true,"href":"https:\/\/emlaktuel.com\/index.php?rest_route=\/wp\/v2\/media\/2048"}],"wp:attachment":[{"href":"https:\/\/emlaktuel.com\/index.php?rest_route=%2Fwp%2Fv2%2Fmedia&parent=3566"}],"wp:term":[{"taxonomy":"category","embeddable":true,"href":"https:\/\/emlaktuel.com\/index.php?rest_route=%2Fwp%2Fv2%2Fcategories&post=3566"},{"taxonomy":"post_tag","embeddable":true,"href":"https:\/\/emlaktuel.com\/index.php?rest_route=%2Fwp%2Fv2%2Ftags&post=3566"}],"curies":[{"name":"wp","href":"https:\/\/api.w.org\/{rel}","templated":true}]}}