{"id":35314,"date":"2021-05-03T19:33:39","date_gmt":"2021-05-03T16:33:39","guid":{"rendered":"https:\/\/emlaktuel.com\/?p=35314"},"modified":"2021-05-09T11:55:03","modified_gmt":"2021-05-09T08:55:03","slug":"2022-yeni-honda-civic-tanitildi","status":"publish","type":"post","link":"https:\/\/emlaktuel.com\/?p=35314","title":{"rendered":"2022 Yeni Honda Civic Tan\u0131t\u0131ld\u0131"},"content":{"rendered":"<div>\n<p>2021 y\u0131l\u0131n\u0131n merakla beklenen otomobillerinden bir tanesi olan<strong>\u00a0yeni nesil Honda Civic Sedan <\/strong>tan\u0131t\u0131m\u0131 yap\u0131larak sonunda ortaya \u00e7\u0131kt\u0131. Honda markas\u0131n\u0131n 11. nesili olan Honda Civic, hem tasar\u0131m hem de teknoloji olarak pek \u00e7ok yenili\u011fi de beraberinde getirecek.<\/p>\n<\/div>\n<div class=\"content-body__description\">Tan\u0131t\u0131m\u0131 yap\u0131lan 2022 Yeni Honda Civic&#8217;in i\u00e7 mekan foto\u011fraflar\u0131 bas\u0131na ve Honda severlere payla\u015f\u0131ld\u0131. Honda markas\u0131, \u00e7ok daha premium ve \u00e7ok daha modern bir hale getirdi\u011fi yeni Honda Civic&#8217;in i\u00e7 mekan\u0131nda konforu ve \u015f\u0131kl\u0131\u011f\u0131 daha \u00f6ne \u00e7\u0131karmay\u0131 ama\u00e7lam\u0131\u015f g\u00f6r\u00fcn\u00fcyor.<\/div>\n<div>Yeni Honda Civic Hatchback&#8217;in patent g\u00f6rselleride bu \u015fekilde.<\/div>\n<div><img loading=\"lazy\" class=\"aligncenter size-large wp-image-35344\" src=\"https:\/\/emlaktuel.com\/wp-content\/uploads\/2021\/05\/IMG_20210505_223730-750x500.jpg\" alt=\"\" width=\"600\" height=\"400\" \/><\/div>\n<div><img loading=\"lazy\" class=\"aligncenter size-large wp-image-35319\" src=\"https:\/\/emlaktuel.com\/wp-content\/uploads\/2021\/05\/Ekran-Resmi-2021-05-03-19.33.41-750x435.png\" alt=\"\" width=\"600\" height=\"348\" \/> <img loading=\"lazy\" class=\"aligncenter size-large wp-image-35320\" src=\"https:\/\/emlaktuel.com\/wp-content\/uploads\/2021\/05\/Ekran-Resmi-2021-05-03-19.33.33-750x422.png\" alt=\"\" width=\"600\" height=\"338\" \/><\/div>\n<div><\/div>\n<div><\/div>\n<div class=\"inread-tagon\">Japon otomotiv markas\u0131\u00a0<strong>Honda<\/strong>, \u00fclkemizde en pop\u00fcler modeli olan Honda Civic&#8217;i 2021 y\u0131l\u0131yla beraber ba\u015ftan a\u015fa\u011f\u0131 yeniliyor. Hem d\u0131\u015f hem de i\u00e7 mekan tasar\u0131m\u0131nda adeta seviye atlayan yeni\u00a0<strong>2022 Honda Civic<\/strong>, mevcut modele k\u0131yasla daha sade, daha bas\u0131k ve daha &#8220;premium&#8221; bir tasar\u0131m sunmay\u0131 hedefliyor.\u00a0 Honda bunun i\u00e7in yeni Civic Sedan tasar\u0131m\u0131nda &#8216;maksimum insan, minimum makine&#8217; felsefesiyle yola \u00e7\u0131karak ayr\u0131ca klasik Civic modellerinden esintilerde ta\u015f\u0131yan tasar\u0131m konseptlerine de yer vermi\u015f durumda.\u00a0<strong>\u0130\u00e7 mekan tasar\u0131m\u0131nda<\/strong>\u00a0b\u00fcy\u00fck \u00f6l\u00e7\u00fcde 2020 y\u0131l\u0131n en ba\u015far\u0131l\u0131 otomobillerinden biri olarak kabul g\u00f6ren\u00a0<strong>Honda e<\/strong>&#8216;den ilham al\u0131nm\u0131\u015f. Yani daha a\u00e7\u0131k bir dille s\u00f6ylemek gerekirse 2022 Honda Civic i\u00e7 mekan tasar\u0131m\u0131nda Honda e&#8217;nin modern dokunu\u015funun, \u00f6nceki nesil Civic&#8217;in karizmatik havas\u0131n\u0131n ve de Honda Accord&#8217;un &#8220;premium&#8221; tasar\u0131m\u0131n\u0131n ortak bir kar\u0131\u015f\u0131m\u0131 olmu\u015f diyebiliriz.<\/div>\n<div><img loading=\"lazy\" class=\"aligncenter size-large wp-image-35315\" src=\"https:\/\/emlaktuel.com\/wp-content\/uploads\/2021\/05\/e98e8cde48072cfec5fa60fcb806fe1777451fbe-750x500.jpg\" alt=\"\" width=\"600\" height=\"400\" \/><\/div>\n<div><\/div>\n<div><img loading=\"lazy\" class=\"aligncenter size-large wp-image-35316\" src=\"https:\/\/emlaktuel.com\/wp-content\/uploads\/2021\/05\/222-model-honda-civic_24135.jpg\" alt=\"\" width=\"600\" height=\"337\" \/><\/div>\n<div><\/div>\n<div><img loading=\"lazy\" class=\"aligncenter size-large wp-image-35317\" src=\"https:\/\/emlaktuel.com\/wp-content\/uploads\/2021\/05\/2022-honda-civic-tasarim.jpg\" alt=\"\" width=\"600\" height=\"337\" \/><\/div>\n<div><img loading=\"lazy\" class=\"aligncenter size-large wp-image-35318\" src=\"https:\/\/emlaktuel.com\/wp-content\/uploads\/2021\/05\/honda-civic-guvenlik-2022.jpg\" alt=\"\" width=\"600\" height=\"337\" \/><\/div>\n<div><\/div>\n<div><\/div>\n<h2>Yeni Civic boyutta b\u00fcy\u00fcm\u00fc\u015f<\/h2>\n<div class=\"content-body__detail\">\n<p>11. nesil Yeni Honda Civic Sedan&#8217;\u0131n aks mesafesi 35 mm art\u0131r\u0131l\u0131rken toplam uzunlu\u011fu da 33 mm daha art\u0131r\u0131lm\u0131\u015f durumda. Ayr\u0131ca bunun yan\u0131 s\u0131ra arka iz geni\u015fli\u011fi de art\u0131r\u0131larak araca ekstra denge sa\u011flam\u0131\u015f.\u00a0\u00d6te yandan g\u00f6r\u00fc\u015f a\u00e7\u0131s\u0131n\u0131da geni\u015fletmek i\u00e7in marka A s\u00fctunlar\u0131n\u0131n\u00a0ba\u015flang\u0131\u00e7 noktas\u0131n\u0131 da yakla\u015f\u0131k olarak 50 mm kadar geriye ta\u015f\u0131m\u0131\u015f. Ve b\u00f6ylece \u00f6n taraf\u0131n uzunlu\u011fu art\u0131r\u0131larak vurgu yap\u0131lm\u0131\u015f. D\u00fc\u015f\u00fck omuz \u00e7izgisi ile g\u00f6r\u00fc\u015f a\u00e7\u0131s\u0131n\u0131n iyile\u015ftirilmesine katk\u0131 sa\u011flamak i\u00e7in yan aynalar da kap\u0131ya ta\u015f\u0131nm\u0131\u015f.<\/p>\n<div class=\"dhkapsam\">\n<div id=\"DetayKapsulTasiyici\" class=\"tasiyici\">\n<div class=\"icerik detail\" data-url=\"\/yeni-2022-honda-civic-sedan-tanitildi-iste-tasarimi-ve-ozellikleri--132821\" data-id=\"132821\" data-video-id=\"0\" data-title=\"Yeni 2022 Honda Civic Sedan tan\u0131t\u0131ld\u0131! \u0130\u015fte tasar\u0131m\u0131 ve \u00f6zellikleri\" data-request-url=\"http:\/\/www.donanimhaber.com\/yeni-2022-honda-civic-sedan-tanitildi-iste-tasarimi-ve-ozellikleri--132821\" data-short-url=\"bCI4\" data-news-type=\"haberi\">\n<div>\n<div class=\"post\">\n<div class=\"kolon yazi\">\n<h2>Yeni Civic daha dayan\u0131kl\u0131 olmu\u015f<\/h2>\n<p>Japon devi Honda, 11. nesil yeni Civic Sedan&#8217;\u0131 daha dayan\u0131kl\u0131 bir hale getirmi\u015f. Ara\u00e7ta dayan\u0131kl\u0131l\u0131\u011f\u0131 art\u0131rmak i\u00e7in y\u00fcksek mukavemetli \u00e7elik ve aluminyum kullanan marka, bu sayede arac\u0131n burulma direncini y\u00fczde 8, e\u011filme direncini de y\u00fczde 13 oran\u0131nda art\u0131rmay\u0131 ba\u015farm\u0131\u015f. Bu sayede aras\u0131n s\u00fcr\u00fc\u015f, yol tutu\u015f ve g\u00fcvenli\u011f eskiye nesil Civic&#8217;e g\u00f6re daha iyi olan yeni Civic Sedan&#8217;\u0131n a\u011f\u0131rl\u0131\u011f\u0131 ise 45 kilogram daha artm\u0131\u015f. 2022 Honda Civic Sedan&#8217;da, travmatik beyin ve boyun hasar\u0131n\u0131n azalt\u0131lmas\u0131 ama\u00e7l\u0131 olarak tasarlanan yeni \u00f6n hava yast\u0131klar\u0131 ve arka yan hava yast\u0131klar\u0131 da olmak \u00fczere toplamda 10 adet hava yast\u0131\u011f\u0131na yer verilmi\u015f.<\/p>\n<p>2022 Honda Civic Sedan&#8217;\u0131n i\u00e7 mekan\u0131 art\u0131k yenilenen kabinle ve t\u00fcm detaylar\u0131yla kar\u015f\u0131m\u0131zda. Arac\u0131n yenilenen kabininde<strong>\u00a010.2 in\u00e7 dijital g\u00f6sterge<\/strong>\u00a0paneli ve<strong>\u00a07 in\u00e7 multimedya<\/strong>\u00a0ekran\u0131 standart olarak sunuluyor. Bu yeterli gelmediyse, multimedya ekran\u0131n\u0131n \u00fcst paketlerde<strong>\u00a09 in\u00e7<\/strong>\u00a0olarak kar\u015f\u0131m\u0131za \u00e7\u0131kabiliyor.\u00a0<strong>Kablosuz Android Auto\u00a0<\/strong>ve\u00a0<strong>Apple Car Play\u00a0<\/strong>deste\u011finin bulundu\u011fu ara\u00e7ta yine \u00fcst paketlerde\u00a0<strong>kablosuz ak\u0131ll\u0131 telefon \u015farj \u00fcnitesi<\/strong>\u00a0de yer al\u0131yor.<\/p>\n<h2>\u0130\u00e7 mekan kalitesi art\u0131r\u0131ld\u0131<\/h2>\n<p>11. nesil yeni Civic Sedan i\u00e7 mekan tasar\u0131m\u0131nda daha sade bir g\u00f6r\u00fcn\u00fcme sahip ancak arac\u0131n i\u00e7 mekan\u0131nda kullan\u0131lan malzeme kalitesinin art\u0131r\u0131ld\u0131\u011f\u0131n\u0131 s\u00f6ylemek m\u00fcmk\u00fcn. Ve ayr\u0131ca \u00f6n konsolda boydan boya uzat\u0131lan, hava menfezlerini de kapsayan \u0131zgara tasar\u0131m otomobile daha elit bir g\u00f6r\u00fcn\u00fcm katm\u0131\u015f. Konsolun merkezinde bulunan klima kontroller d\u00fc\u011fmeleri olduk\u00e7a kaliteli ve g\u00f6steri\u015fli bir hale getirilmi\u015f. Orta konsola geldi\u011fimizde ise b\u00fcy\u00fck bardakl\u0131klar, USB giri\u015fleri ve elektronik park freni gibi d\u00fc\u011fmeler yer al\u0131yor. Yeni Civic&#8217;in ses sisteminde ise 12 hoparl\u00f6rl\u00fc\u00a0<strong>Bose<\/strong>\u00a0<strong>ses sistemin<\/strong>e yer verilerek ses kalitesininde art\u0131r\u0131ld\u0131\u011f\u0131n\u0131 g\u00f6r\u00fcyoruz.<\/p>\n<h3>Yeni Honda Civic\u2019in \u00f6ne \u00e7\u0131kan donan\u0131mlar\u0131 ise \u015funlar:<\/h3>\n<ul>\n<li><strong>Koltuk Is\u0131tma<\/strong>: Tek tu\u015f ile \u00e7al\u0131\u015f\u0131r hale gelen koltuk \u0131s\u0131tman\u0131n 3 kademeli olarak \u00e7al\u0131\u015faca\u011f\u0131 duyuruldu.<\/li>\n<li><strong>Tek Tu\u015fla A\u00e7\u0131lan Cam Tavan<\/strong>: Elektrikli olarak a\u00e7\u0131l\u0131p kapanacak olan cam tavan, i\u00e7eriye temiz hava ve g\u00fcne\u015f \u0131\u015f\u0131\u011f\u0131n\u0131n girmesine izin veriyor.<\/li>\n<li><strong>Uzaktan \u00c7al\u0131\u015ft\u0131rma<\/strong>: Havan\u0131n so\u011fuk oldu\u011fu zamanlarda anahtar\u0131n \u00fczerinde olan tu\u015flardan faydalanarak motoru uzaktan \u00f6nce \u00e7al\u0131\u015ft\u0131r\u0131p kabini s\u00fcr\u00fc\u015fe haz\u0131r s\u0131cakl\u0131\u011fa getirebilirsiniz.<\/li>\n<li><strong>8 Y\u00f6nl\u00fc S\u00fcr\u00fcc\u00fc Koltu\u011fu<\/strong>: A\u015fa\u011f\u0131 ve yukar\u0131 do\u011fru 8 y\u00f6nl\u00fc hareket ettirilebilen s\u00fcr\u00fcc\u00fc koltu\u011fu, kolayca istenilen s\u00fcr\u00fc\u015f pozisyonu yakalayabiliyor.<\/li>\n<\/ul>\n<h2>G\u00fcvenlik teknolojileri iyile\u015ftirildi<\/h2>\n<\/div>\n<div class=\"kolon yazi\">\n<p>2022 Yeni Honda Civic Sedan&#8217;\u0131n s\u00fcr\u00fc\u015f asistanlar\u0131na geldi\u011fimizde yer alan\u00a0<strong>Honda Sensing\u00a0<\/strong>isimli g\u00fcvenlik teknolojilerinin eskiye nazaran daha geni\u015f bir g\u00f6r\u00fc\u015f a\u00e7\u0131s\u0131 sunan yeni kamera sayesinde iyile\u015ftirildi\u011fini g\u00f6r\u00fcyoruz. Daha iyi bir yaz\u0131l\u0131m ve g\u00fc\u00e7l\u00fc bir i\u015flemci deste\u011fi de alan sistem, bisikletli, yaya ve di\u011fer ara\u00e7lar\u0131n yan\u0131 s\u0131ra \u015feritleri ve yol i\u015faretlerini de daha h\u0131zl\u0131 ve kesin bir \u015fekilde alg\u0131lamay\u0131 ba\u015far\u0131yor. G\u00fcvenlik teknolojileri a\u00e7\u0131s\u0131ndan bu de\u011fi\u015fimle adaptif h\u0131z sabitleyici ve \u015ferit takip sisteminin de daha iyi bir \u015fekilde \u00e7al\u0131\u015ft\u0131\u011f\u0131 ara\u00e7ta art\u0131k trafik s\u0131k\u0131\u015f\u0131kl\u0131\u011f\u0131 asistan\u0131na da yer verilmi\u015f. Va ayr\u0131ca yeni Civic&#8217;te ilk defa kar\u015f\u0131m\u0131za \u00e7\u0131kan\u00a0<strong>8 adet sonar sens\u00f6r<\/strong>\u00a0de otomobile d\u00fc\u015f\u00fck h\u0131zda &#8211; \u00f6rne\u011fin park etme an\u0131nda &#8211; otomatik fren deste\u011fi sa\u011flayan bir yard\u0131mc\u0131 da kazand\u0131rm\u0131\u015f.<\/p>\n<h2>2022 Model Honda Civic\u2019in Teknik \u00d6zellikleri<\/h2>\n<p>Yeni Honda Civic Sedan, Amer\u015fka&#8217;da LX, Sport, EX ve Touring versiyon donan\u0131mlar\u0131yla sat\u0131lacak. LX ve Sport donan\u0131mlarda 158 beygir g\u00fc\u00e7 ve 187 Nm tork \u00fcreten 2.0 litre d\u00f6rt silindirli atmosferik \u00fcnite yer al\u0131yor. Bu \u00fcnitede, CVT blacak. EX ve Touring&#8217;deyse 1.5 litre turbo \u00fcnite kullan\u0131lm\u0131\u015f. 180 beygir g\u00fc\u00e7 ve 240 Nm tork \u00fcreten motor bu sayede eski nesildekine g\u00f6re 6 beygir ve 20 Nm kadar daha y\u00fcksek de\u011ferlere sahip. Bu se\u00e7enekte de CVT \u015fanz\u0131man tek se\u00e7enek.<\/p>\n<p>&nbsp;<\/p>\n<p>158 beygir g\u00fc\u00e7 \u00fcretebilen. 1.5 litrelik turbo \u015farjl\u0131 ve 4 silindirli olan motor, CVT ve manuel \u015fanz\u0131man se\u00e7ene\u011fine sahip. CVT \u015fanz\u0131man di\u011fer bir\u00e7ok Honda modelinde oldu\u011fu gibi vites kulak\u00e7\u0131klar\u0131yla da kullan\u0131labiliyor. B\u00f6ylece kullan\u0131c\u0131lar CVT \u015fanz\u0131manl\u0131 bir Civic al\u0131p diledi\u011finde manuel vites deneyimini de ya\u015fayabilecekler.<\/p>\n<p><img loading=\"lazy\" class=\"aligncenter size-full wp-image-35386\" src=\"https:\/\/emlaktuel.com\/wp-content\/uploads\/2021\/05\/Ekran-Resmi-2021-05-09-11.44.42.png\" alt=\"\" width=\"741\" height=\"352\" \/><\/p>\n<p>2022 Honda Civic Sedan 2021 yaz aylar\u0131nda ABD&#8217;deki showroom&#8217;larda yerini alm\u0131\u015f olacak. Bundan birka\u00e7 ay sonra da Civic Hatchback versiyonunu g\u00f6rece\u011fiz. ABD&#8217;de sat\u0131lacak versiyon \u015firketin Kanada&#8217;daki tesisinde \u00fcretilecek. Yeni Civic Sedan&#8217;\u0131n fiyat\u0131ysa hen\u00fcz belli de\u011fil.<\/p>\n<p>Honda markas\u0131n\u0131n \u00fclkemizde fabrikas\u0131n\u0131 kapatmas\u0131ndan dolay\u0131 Civic Sedan&#8217;\u0131n \u00fclkemizdeki \u00fcretimi bu y\u0131l sona eriyor. Bu nedenle yeni nesil Civic Sedan&#8217;\u0131n Tayland&#8217;dan ithal edilece\u011fi ve 2021 ekim ay\u0131 itibariyle \u00fclkemizde olaca\u011f\u0131 s\u00f6yleniyor.<\/p>\n<\/div>\n<\/div>\n<\/div>\n<\/div>\n<\/div>\n<\/div>\n<\/div>\n","protected":false},"excerpt":{"rendered":"<p>2021 y\u0131l\u0131n\u0131n merakla beklenen otomobillerinden bir tanesi olan\u00a0yeni nesil Honda Civic Sedan tan\u0131t\u0131m\u0131 yap\u0131larak sonunda ortaya \u00e7\u0131kt\u0131. Honda markas\u0131n\u0131n 11. nesili olan Honda Civic, hem tasar\u0131m hem de teknoloji olarak pek \u00e7ok yenili\u011fi de beraberinde getirecek. Tan\u0131t\u0131m\u0131 yap\u0131lan 2022 Yeni Honda Civic&#8217;in i\u00e7 mekan foto\u011fraflar\u0131 bas\u0131na ve Honda severlere payla\u015f\u0131ld\u0131. Honda markas\u0131, \u00e7ok daha premium [&hellip;]<\/p>\n","protected":false},"author":1,"featured_media":35318,"comment_status":"open","ping_status":"open","sticky":false,"template":"","format":"standard","meta":{"ngg_post_thumbnail":0},"categories":[5215,5388],"tags":[15239,15240,15241,15238],"_links":{"self":[{"href":"https:\/\/emlaktuel.com\/index.php?rest_route=\/wp\/v2\/posts\/35314"}],"collection":[{"href":"https:\/\/emlaktuel.com\/index.php?rest_route=\/wp\/v2\/posts"}],"about":[{"href":"https:\/\/emlaktuel.com\/index.php?rest_route=\/wp\/v2\/types\/post"}],"author":[{"embeddable":true,"href":"https:\/\/emlaktuel.com\/index.php?rest_route=\/wp\/v2\/users\/1"}],"replies":[{"embeddable":true,"href":"https:\/\/emlaktuel.com\/index.php?rest_route=%2Fwp%2Fv2%2Fcomments&post=35314"}],"version-history":[{"count":4,"href":"https:\/\/emlaktuel.com\/index.php?rest_route=\/wp\/v2\/posts\/35314\/revisions"}],"predecessor-version":[{"id":35387,"href":"https:\/\/emlaktuel.com\/index.php?rest_route=\/wp\/v2\/posts\/35314\/revisions\/35387"}],"wp:featuredmedia":[{"embeddable":true,"href":"https:\/\/emlaktuel.com\/index.php?rest_route=\/wp\/v2\/media\/35318"}],"wp:attachment":[{"href":"https:\/\/emlaktuel.com\/index.php?rest_route=%2Fwp%2Fv2%2Fmedia&parent=35314"}],"wp:term":[{"taxonomy":"category","embeddable":true,"href":"https:\/\/emlaktuel.com\/index.php?rest_route=%2Fwp%2Fv2%2Fcategories&post=35314"},{"taxonomy":"post_tag","embeddable":true,"href":"https:\/\/emlaktuel.com\/index.php?rest_route=%2Fwp%2Fv2%2Ftags&post=35314"}],"curies":[{"name":"wp","href":"https:\/\/api.w.org\/{rel}","templated":true}]}}