{"id":35129,"date":"2021-04-25T12:31:43","date_gmt":"2021-04-25T09:31:43","guid":{"rendered":"https:\/\/emlaktuel.com\/?p=35129"},"modified":"2021-04-25T12:31:43","modified_gmt":"2021-04-25T09:31:43","slug":"togg-mobilite-alaninda-if-tasarim-odulu-aldi","status":"publish","type":"post","link":"https:\/\/emlaktuel.com\/?p=35129","title":{"rendered":"TOGG mobilite alan\u0131nda iF Tasar\u0131m \u00d6d\u00fcl\u00fc ald\u0131"},"content":{"rendered":"<div class=\"col-6 col-sm-6 col-lg-12 page-detail\">\n<p>TOGG, d\u00fcnyada en prestijli tasar\u0131m \u00f6d\u00fclleri aras\u0131nda sayg\u0131n bir yerde olan iF Design Award 2021\u2019de (iF Tasar\u0131m \u00d6d\u00fclleri), C-SUV modeli ile mobilite alanda \u00f6nemli bir ba\u015far\u0131 yakalad\u0131. 1954 y\u0131l\u0131ndan bu zamana kadar verilen iF Tasar\u0131m \u00d6d\u00fclleri\u2019nde bu sene 52 \u00fclke aras\u0131ndan 10 bine yak\u0131n \u00fcr\u00fcn ve proje yar\u0131\u015fa kat\u0131ld\u0131. 21 \u00fclke i\u00e7inden 98 ba\u011f\u0131ms\u0131z j\u00fcri \u00fcyesi, d\u00fcnyan\u0131n en iyi tasar\u0131mlar\u0131n\u0131 se\u00e7mek i\u00e7in kapsaml\u0131 bir de\u011ferlendirme yaptarak karar verdiler. TOGG, mobilite alan\u0131nda ilk iF Tasar\u0131m \u00d6d\u00fcl\u00fc\u2019n\u00fc alan T\u00fcrk markas\u0131 olmay\u0131 ba\u015fard\u0131. Murat G\u00fcnak taraf\u0131ndan y\u00f6nlendirilen TOGG tasar\u0131m ekibi taraf\u0131ndan Pininfarina i\u015f birli\u011fi ile tasarlanan TOGG C-SUV, \u201cProfesyonel Konsept\u201d kategorisinde \u00f6d\u00fcle hak kazand\u0131.<\/p>\n<h2><strong>\u201c\u00d6zg\u00fcn tasar\u0131m\u0131m\u0131z ile gururlan\u0131yoruz\u201d<\/strong><\/h2>\n<p>TOGG CEO\u2019su M. G\u00fcrcan Karaka\u015f, d\u00fcnya \u00fczerinde sayg\u0131n iF Design Award\u2019da \u00f6d\u00fcl a\u015fmaktan gurur duyduklar\u0131n\u0131 belirterek, \u201cTasar\u0131m hedeflerimizi ve arac\u0131m\u0131z\u0131n teknik tan\u0131m\u0131n\u0131 kullan\u0131c\u0131 i\u00e7g\u00f6r\u00fclerinden yola \u00e7\u0131k\u0131larak ger\u00e7ekle\u015ftirdik. Hem ba\u015flang\u0131\u00e7ta yerli ve yabanc\u0131 18 olan tasar\u0131m evi say\u0131s\u0131n\u0131n 3\u2019e indirilmesinde hem nihai tasar\u0131m temas\u0131n\u0131n olu\u015fumunda hem de bu temay\u0131 3 boyutlu hale getiren Pininfarina\u2019n\u0131n se\u00e7imi s\u00fcrecinde, yak\u0131n zamanda Tasar\u0131m Lideri olarak ekibimize kat\u0131lan, d\u00fcnyaca \u00fcnl\u00fc tasar\u0131mc\u0131m\u0131z Murat G\u00fcnak\u2019tan destek ald\u0131k. K\u00fclt\u00fcr\u00fcm\u00fczden ilham alarak geli\u015ftirdi\u011fimiz ve \u015fu ana kadar 27 AB \u00fclkesi ile \u00c7in, Japonya ve Rusya\u2019da tescilledi\u011fimiz \u00f6zg\u00fcn tasar\u0131m\u0131m\u0131z\u0131n, b\u00f6ylesine nitelikli bir \u00f6d\u00fclle ta\u00e7land\u0131r\u0131lmas\u0131 bizleri daha iyisini yapmak konusunda y\u00fcreklendiriyor\u201d \u015feklinde konu\u015ftu.\u00a0 TOGG, 2030&#8217;a kadar ortak olarak platformda elektrikli ve ba\u011flant\u0131l\u0131 5 farkl\u0131 model \u00fcretimi yapacak.<\/p>\n<\/div>\n<div class=\"col-6 col-sm-6 col-lg-12 page-detail\">\n<div class=\"fb-like fb_iframe_widget\" data-href=\"http:\/\/www.otomotivgazetecileri.org\/togga--mobilite-alaninda-if-tasarim-odulu-haberi-2137\" data-layout=\"box_count\" data-action=\"like\" data-show-faces=\"true\" data-share=\"false\"><\/div>\n<\/div>\n","protected":false},"excerpt":{"rendered":"<p>TOGG, d\u00fcnyada en prestijli tasar\u0131m \u00f6d\u00fclleri aras\u0131nda sayg\u0131n bir yerde olan iF Design Award 2021\u2019de (iF Tasar\u0131m \u00d6d\u00fclleri), C-SUV modeli ile mobilite alanda \u00f6nemli bir ba\u015far\u0131 yakalad\u0131. 1954 y\u0131l\u0131ndan bu zamana kadar verilen iF Tasar\u0131m \u00d6d\u00fclleri\u2019nde bu sene 52 \u00fclke aras\u0131ndan 10 bine yak\u0131n \u00fcr\u00fcn ve proje yar\u0131\u015fa kat\u0131ld\u0131. 21 \u00fclke i\u00e7inden 98 ba\u011f\u0131ms\u0131z j\u00fcri [&hellip;]<\/p>\n","protected":false},"author":1,"featured_media":35131,"comment_status":"open","ping_status":"open","sticky":false,"template":"","format":"standard","meta":{"ngg_post_thumbnail":0},"categories":[5215,5388],"tags":[14917],"_links":{"self":[{"href":"https:\/\/emlaktuel.com\/index.php?rest_route=\/wp\/v2\/posts\/35129"}],"collection":[{"href":"https:\/\/emlaktuel.com\/index.php?rest_route=\/wp\/v2\/posts"}],"about":[{"href":"https:\/\/emlaktuel.com\/index.php?rest_route=\/wp\/v2\/types\/post"}],"author":[{"embeddable":true,"href":"https:\/\/emlaktuel.com\/index.php?rest_route=\/wp\/v2\/users\/1"}],"replies":[{"embeddable":true,"href":"https:\/\/emlaktuel.com\/index.php?rest_route=%2Fwp%2Fv2%2Fcomments&post=35129"}],"version-history":[{"count":1,"href":"https:\/\/emlaktuel.com\/index.php?rest_route=\/wp\/v2\/posts\/35129\/revisions"}],"predecessor-version":[{"id":35132,"href":"https:\/\/emlaktuel.com\/index.php?rest_route=\/wp\/v2\/posts\/35129\/revisions\/35132"}],"wp:featuredmedia":[{"embeddable":true,"href":"https:\/\/emlaktuel.com\/index.php?rest_route=\/wp\/v2\/media\/35131"}],"wp:attachment":[{"href":"https:\/\/emlaktuel.com\/index.php?rest_route=%2Fwp%2Fv2%2Fmedia&parent=35129"}],"wp:term":[{"taxonomy":"category","embeddable":true,"href":"https:\/\/emlaktuel.com\/index.php?rest_route=%2Fwp%2Fv2%2Fcategories&post=35129"},{"taxonomy":"post_tag","embeddable":true,"href":"https:\/\/emlaktuel.com\/index.php?rest_route=%2Fwp%2Fv2%2Ftags&post=35129"}],"curies":[{"name":"wp","href":"https:\/\/api.w.org\/{rel}","templated":true}]}}